{"id":846,"date":"2020-12-08T09:40:44","date_gmt":"2020-12-08T08:40:44","guid":{"rendered":"https:\/\/larevuedespectateurs.artecom.studio\/20201\/?p=846"},"modified":"2020-12-17T16:14:38","modified_gmt":"2020-12-17T15:14:38","slug":"labbaye-sainte-marie-du-desert-un-lieu-saint-qui-devient-celui-dune-experience-collective","status":"publish","type":"post","link":"https:\/\/larevuedespectateurs.artecom.studio\/20201\/2020\/12\/08\/labbaye-sainte-marie-du-desert-un-lieu-saint-qui-devient-celui-dune-experience-collective\/","title":{"rendered":"L&rsquo;abbaye Sainte Marie du D\u00e9sert"},"content":{"rendered":"\n<div class=\"wp-block-cover has-very-dark-gray-background-color has-background-dim\" style=\"background-image:url(https:\/\/larevuedespectateurs.artecom.studio\/20201\/wp-content\/uploads\/sites\/3\/2020\/11\/maxresdefault.jpg);background-position:62.5% 66.07142857142857%\"><div class=\"wp-block-cover__inner-container is-layout-flow wp-block-cover-is-layout-flow\">\n<p class=\"has-drop-cap has-large-font-size\">Un lieu saint qui devient un celui d&rsquo;une exp\u00e9rience collective.<\/p>\n<\/div><\/div>\n\n\n\n<p>\n\nSelon la l\u00e9gende de l\u2019abbaye, c\u2019est en 1099 qu\u2019une jeune fille du nom de Marie Desclassan se serait retir\u00e9e ici pour consacrer sa vie \u00e0 Dieu. Pendant 18 ans, elle aurait v\u00e9cu dans la pri\u00e8re et l&rsquo;asc\u00e8se la plus stricte. A sa mort, la chapelle qui avait \u00e9t\u00e9 construite \u00e0 sa demande devint un lieu de d\u00e9votion et de p\u00e8lerinage. C\u2019est ainsi qu\u2019au XIX\u00e8me si\u00e8cle, l&rsquo;archev\u00eaque de Toulouse, le cardinal d\u2019Astros, r\u00e9alisa la fondation d\u2019un monast\u00e8re de moines contemplatifs, vou\u00e9s \u00e0 la pri\u00e8re et au travail. Un outil pour freiner l\u2019exode rural et ainsi montrer aux populations qu\u2019on peut travailler sur place, mais aussi pour donner un nouveau souffle \u00e0 ce lieu de p\u00e8lerinage. C\u2019est en 1852, apr\u00e8s bien des difficult\u00e9s qu\u2019un groupe de six moines finit par s\u2019y installer, rejoint bient\u00f4t par leurs comparses. Comme dans les principes monastiques, l\u2019accueil \u00e9tait un p\u00f4le essentiel de ce lieu. Les moines proposaient donc d\u2019un service d&rsquo;h\u00f4tellerie compos\u00e9 de 25 chambres pour accueillir des personnes d\u00e9sireuses de vivre un temps de retraite ou de r\u00e9flexion.\n\n<\/p>\n\n\n\n<div style=\"height:100px\" aria-hidden=\"true\" class=\"wp-block-spacer\"><\/div>\n\n\n<p><!--EndFragment--><\/p>\n<h1><strong data-rich-text-format-boundary=\"true\">Avez-vous remarqu\u00e9 que les lignes pr\u00e9c\u00e9dentes \u00e9taient au pass\u00e9 ? <\/strong><\/h1>\n\n\n<div style=\"height:20px\" aria-hidden=\"true\" class=\"wp-block-spacer\"><\/div>\n\n\n\n<p style=\"background-color:#fae5ed\" class=\"has-background\"> C\u2019est parce que depuis peu l\u2019abbaye n\u2019est plus habit\u00e9e par des moines, qui se sont retrouv\u00e9s trop peu nombreux pour la charge de travail. Alors qu\u2019advient-il de ce lieu ? Durant la visite de ce lieu historique, nous avons pu croiser diverses personnes, du clerg\u00e9 ou habitantes du village qui ont pu nous r\u00e9pondre :  <\/p>\n\n\n\n<div style=\"height:70px\" aria-hidden=\"true\" class=\"wp-block-spacer\"><\/div>\n\n\n\n<div class=\"wp-block-media-text\" style=\"grid-template-columns:25% auto\"><figure class=\"wp-block-media-text__media\"><img loading=\"lazy\" decoding=\"async\" width=\"1020\" height=\"1024\" src=\"https:\/\/larevuedespectateurs.artecom.studio\/20201\/wp-content\/uploads\/sites\/3\/2020\/12\/le-village-de-francois-66162bab208842de8c9ffc17e2704fa9-2-1020x1024.png\" alt=\"\" class=\"wp-image-852\" srcset=\"https:\/\/larevuedespectateurs.artecom.studio\/20201\/wp-content\/uploads\/sites\/3\/2020\/12\/le-village-de-francois-66162bab208842de8c9ffc17e2704fa9-2-1020x1024.png 1020w, https:\/\/larevuedespectateurs.artecom.studio\/20201\/wp-content\/uploads\/sites\/3\/2020\/12\/le-village-de-francois-66162bab208842de8c9ffc17e2704fa9-2-150x150.png 150w, https:\/\/larevuedespectateurs.artecom.studio\/20201\/wp-content\/uploads\/sites\/3\/2020\/12\/le-village-de-francois-66162bab208842de8c9ffc17e2704fa9-2-300x300.png 300w, https:\/\/larevuedespectateurs.artecom.studio\/20201\/wp-content\/uploads\/sites\/3\/2020\/12\/le-village-de-francois-66162bab208842de8c9ffc17e2704fa9-2-768x771.png 768w, https:\/\/larevuedespectateurs.artecom.studio\/20201\/wp-content\/uploads\/sites\/3\/2020\/12\/le-village-de-francois-66162bab208842de8c9ffc17e2704fa9-2.png 1424w\" sizes=\"auto, (max-width: 1020px) 100vw, 1020px\" \/><\/figure><div class=\"wp-block-media-text__content\">\n<p>Le Village de Fran\u00e7ois est un grand projet qui vient d\u2019\u00eatre lanc\u00e9 \u201cun projet unique dans un lieu unique\u201d. Le concept est tr\u00e8s simple, proposer des lieux de vie partag\u00e9e entre des personnes fragiles et leurs accompagnateurs autour de trois grands axes : le vivre ensemble, l\u2019activit\u00e9 \u00e9conomique et l\u2019\u00e9cologie int\u00e9grale. Un projet d\u2019une grande humanit\u00e9 qui place chacun dans une importance capitale pour la soci\u00e9t\u00e9, m\u00eame \u201ccaboss\u00e9 par la vie\u201d. C\u2019est ainsi qu\u2019au court des prochaines ann\u00e9es 140 personnes vont pouvoir venir vivre dans ce lieu : des personnes ayant v\u00e9cu dans la rue, des jeunes en situation d\u2019\u00e9chec, des personnes \u00e2g\u00e9es d\u00e9sireuses de vivre en b\u00e9guinage, des personnes issues de la prostitution, des handicap\u00e9s, des migrants, des ressortant de prison, des m\u00e8res c\u00e9libataires, des jeunes en service civique et 6 familles. Le tout s\u2019occupant des lieux et de l&rsquo;h\u00f4tellerie de 50 chambres, d\u2019un domaine agraire, de m\u00e9tiers de services, de la menuiserie, miellerie et confiserie, ainsi que de la formation des plus jeunes \u00e0 ces m\u00e9tiers.&nbsp;<\/p>\n<\/div><\/div>\n\n\n\n<div style=\"height:20px\" aria-hidden=\"true\" class=\"wp-block-spacer\"><\/div>\n\n\n\n<div class=\"wp-block-media-text has-media-on-the-right\" style=\"grid-template-columns:auto 54%\"><figure class=\"wp-block-media-text__media\"><img loading=\"lazy\" decoding=\"async\" width=\"480\" height=\"320\" src=\"https:\/\/larevuedespectateurs.artecom.studio\/20201\/wp-content\/uploads\/sites\/3\/2020\/12\/eglise-abbatiale-2_480.jpg\" alt=\"\" class=\"wp-image-853\" srcset=\"https:\/\/larevuedespectateurs.artecom.studio\/20201\/wp-content\/uploads\/sites\/3\/2020\/12\/eglise-abbatiale-2_480.jpg 480w, https:\/\/larevuedespectateurs.artecom.studio\/20201\/wp-content\/uploads\/sites\/3\/2020\/12\/eglise-abbatiale-2_480-300x200.jpg 300w\" sizes=\"auto, (max-width: 480px) 100vw, 480px\" \/><\/figure><div class=\"wp-block-media-text__content\">\n<p> L\u2019\u00e9conomie du projet consiste \u00e0 r\u00e9duire les d\u00e9penses d\u2019un foyer du Village de Fran\u00e7ois de 20 \u00e0 40% en s\u2019appuyant sur : du b\u00e9n\u00e9volat (chaque habitant offre 4 heures par mois \u00e0 la communaut\u00e9, la cr\u00e9ation d\u2019une coop\u00e9rative d\u2019achat de qualit\u00e9 en gros et en vrac et la formation concr\u00e8te de nouveaux modes de consommation (toujours en discussion).<br><\/p>\n\n\n\n<p>\n\nEnfin, le projet s\u2019engage \u00e0 trouver des solutions alternatives pour produire une partie de son \u00e9nergie. Photovolta\u00efque, g\u00e9othermie\u2026 Tout un tas de syst\u00e8mes pour alimenter la chaudi\u00e8re de l\u2019abbaye. De plus, pour la r\u00e9novation, de nombreux architectes et travailleurs dans le b\u00e2timent ont rejoint le projet pour leur permettre de r\u00e9nover ce lieu dans le respect et \u00e0 co\u00fbt r\u00e9duit.<br><\/p>\n<\/div><\/div>\n\n\n\n<div style=\"height:150px\" aria-hidden=\"true\" class=\"wp-block-spacer\"><\/div>\n\n\n\n<figure class=\"wp-block-embed-youtube wp-block-embed is-type-video is-provider-youtube wp-embed-aspect-16-9 wp-has-aspect-ratio\"><div class=\"wp-block-embed__wrapper\">\n<iframe loading=\"lazy\" title=\"Le Village de Fran\u00e7ois \u00e0 l&#039;abbaye de sainte Marie du D\u00e9sert\" width=\"800\" height=\"450\" src=\"https:\/\/www.youtube.com\/embed\/QzMCdBeAvnI?feature=oembed\" frameborder=\"0\" allow=\"accelerometer; autoplay; clipboard-write; encrypted-media; gyroscope; picture-in-picture\" allowfullscreen><\/iframe>\n<\/div><\/figure>\n\n\n\n<div style=\"height:100px\" aria-hidden=\"true\" class=\"wp-block-spacer\"><\/div>\n\n\n\n<p style=\"text-align:right\">\n\nROSE M\u00e9lissande &#8211; M1 M\u00e9diation et Etudes Visuelles.\n\n<\/p>\n\n\n\n<p style=\"text-align:right\">\n\nSources provenant de t\u00e9moignages des habitants et des intervenants de l&rsquo;association ainsi que des plaquettes touristiques de l&rsquo;abbaye. \n\n<\/p>\n\n\n\n<div class=\"wp-block-button alignright\"><a class=\"wp-block-button__link has-background\" href=\"http:\/\/abbayedudesert.com\/\" target=\"_blank\" style=\"background-color:#e94e75\" rel=\"noopener noreferrer\">L&rsquo;ABBAYE<\/a><\/div>\n\n\n\n<div class=\"wp-block-button alignright\"><a class=\"wp-block-button__link\" href=\"https:\/\/levillagedefrancois.com\/\" target=\"_blank\" rel=\"noopener noreferrer\">L&rsquo;ASSOCIATION<\/a><\/div>\n","protected":false},"excerpt":{"rendered":"<p>Selon la l\u00e9gende de l\u2019abbaye, c\u2019est en 1099 qu\u2019une jeune fille du nom de Marie Desclassan se serait retir\u00e9e ici<\/p>\n","protected":false},"author":33,"featured_media":745,"comment_status":"closed","ping_status":"open","sticky":false,"template":"","format":"standard","meta":{"colormag_page_container_layout":"default_layout","colormag_page_sidebar_layout":"default_layout","footnotes":""},"categories":[24,6],"tags":[],"class_list":["post-846","post","type-post","status-publish","format-standard","has-post-thumbnail","hentry","category-action-culturelle","category-lieu-culturel"],"_links":{"self":[{"href":"https:\/\/larevuedespectateurs.artecom.studio\/20201\/wp-json\/wp\/v2\/posts\/846","targetHints":{"allow":["GET"]}}],"collection":[{"href":"https:\/\/larevuedespectateurs.artecom.studio\/20201\/wp-json\/wp\/v2\/posts"}],"about":[{"href":"https:\/\/larevuedespectateurs.artecom.studio\/20201\/wp-json\/wp\/v2\/types\/post"}],"author":[{"embeddable":true,"href":"https:\/\/larevuedespectateurs.artecom.studio\/20201\/wp-json\/wp\/v2\/users\/33"}],"replies":[{"embeddable":true,"href":"https:\/\/larevuedespectateurs.artecom.studio\/20201\/wp-json\/wp\/v2\/comments?post=846"}],"version-history":[{"count":28,"href":"https:\/\/larevuedespectateurs.artecom.studio\/20201\/wp-json\/wp\/v2\/posts\/846\/revisions"}],"predecessor-version":[{"id":1076,"href":"https:\/\/larevuedespectateurs.artecom.studio\/20201\/wp-json\/wp\/v2\/posts\/846\/revisions\/1076"}],"wp:featuredmedia":[{"embeddable":true,"href":"https:\/\/larevuedespectateurs.artecom.studio\/20201\/wp-json\/wp\/v2\/media\/745"}],"wp:attachment":[{"href":"https:\/\/larevuedespectateurs.artecom.studio\/20201\/wp-json\/wp\/v2\/media?parent=846"}],"wp:term":[{"taxonomy":"category","embeddable":true,"href":"https:\/\/larevuedespectateurs.artecom.studio\/20201\/wp-json\/wp\/v2\/categories?post=846"},{"taxonomy":"post_tag","embeddable":true,"href":"https:\/\/larevuedespectateurs.artecom.studio\/20201\/wp-json\/wp\/v2\/tags?post=846"}],"curies":[{"name":"wp","href":"https:\/\/api.w.org\/{rel}","templated":true}]}}