{"id":742,"date":"2020-11-30T17:54:43","date_gmt":"2020-11-30T16:54:43","guid":{"rendered":"https:\/\/larevuedespectateurs.artecom.studio\/20201\/?p=742"},"modified":"2020-12-17T15:49:18","modified_gmt":"2020-12-17T14:49:18","slug":"la-culture-est-chargee-du-futur","status":"publish","type":"post","link":"https:\/\/larevuedespectateurs.artecom.studio\/20201\/2020\/11\/30\/la-culture-est-chargee-du-futur\/","title":{"rendered":"La culture est charg\u00e9e du futur"},"content":{"rendered":"\n<p class=\"has-medium-font-size\"><strong>La culture s&rsquo;est r\u00e9invent\u00e9e en ces temps de crise mondiale et l&rsquo;enrichissement artistique n&rsquo;a pas de limites.<\/strong><\/p>\n\n\n\n<p>La culture fait partie de notre vie quotidienne et a \u00e9t\u00e9 l&rsquo;un des secteurs les plus touch\u00e9s par cette crise sanitaire qui frappe le monde en cette ann\u00e9e 2020. Les programmes d&rsquo;\u00e9changes culturels \u00e0 travers le monde ont \u00e9t\u00e9 contraints d&rsquo;annuler leurs activit\u00e9s et cela a fortement affect\u00e9 le d\u00e9veloppement des projets planifi\u00e9s annuellement.<\/p>\n\n\n\n<p>Cependant, gr\u00e2ce aux plateformes num\u00e9riques et \u00e0 l&rsquo;incroyable capacit\u00e9 d&rsquo;adaptation culturelle dans des situations comme celle \u00e0 laquelle nous sommes confront\u00e9s, nous pouvons continuer \u00e0 nous connecter et \u00e0 vivre la culture de chez nous. La culture est charg\u00e9e d&rsquo;avenir et nous a montr\u00e9 que peu importe par quels moyens, nous pouvons continuer \u00e0 y avoir acc\u00e8s.  \u00c9tant au milieu de cette distanciation physique, c&rsquo;est l\u00e0 que nous rendons compte de<strong> la valeur r\u00e9elle que l&rsquo;art, la musique, le th\u00e9\u00e2tre, le cin\u00e9ma, la litt\u00e9rature, la danse et d&rsquo;autres disciplines ont dans une soci\u00e9t\u00e9 au sein du contenu culturel<\/strong>. C&rsquo;est gr\u00e2ce \u00e0 eux que nous pouvons enrichir notre \u00eatre et nous lib\u00e9rer lorsque nous les vivons. Puisque la culture fait partie de notre mode de vie et est un droit fondamental, qui est charg\u00e9 d&rsquo;un syst\u00e8me de valeurs, de traditions et de croyances. <\/p>\n\n\n\n<p>Je suis une \u00e9tudiante \u00e9trang\u00e8re qui, durant cette ann\u00e9e unique, s&rsquo;est sentie un peu frustr\u00e9e de ne pas pouvoir vivre des exp\u00e9riences culturelles dans un pays aussi merveilleux que la France. Je ne voulais pas rater l&rsquo;occasion d&rsquo;aller dans des mus\u00e9es, d&rsquo;assister \u00e0 des festivals de musique ou de voyager dans d&rsquo;autres villes pour voir la richesse du patrimoine qui existe dans ce pays.  Je n&rsquo;ai donc pas h\u00e9sit\u00e9 \u00e0 utiliser les outils num\u00e9riques mis \u00e0 disposition pour continuer \u00e0 me cultiver num\u00e9riquement. Faire partie de la \u00ab\u00a0culture chez nous\u00a0\u00bb a \u00e9t\u00e9 une exp\u00e9rience gratifiante, qui n&rsquo;a \u00e9t\u00e9 possible que par les diff\u00e9rents moyens de diffusion des ressources num\u00e9riques, sur les sites Web et sur les r\u00e9seaux sociaux, tels que les visites d&rsquo;expositions virtuelles, les films, jeux, podcasts et concours avec un contenu large et vari\u00e9. <\/p>\n\n\n\n<p style=\"color:#0f465e;font-size:21px;text-align:center\" class=\"has-text-color\"><strong>L&rsquo;Etat fran\u00e7ais a garanti un soutien au secteur culturel pendant cette crise, d\u00e9j\u00e0 d\u00e9di\u00e9 un espace virtuel centr\u00e9 sur #culturecheznous avec une offre de plus de 500 acteurs culturels en ligne en attente d&rsquo;\u00eatre visit\u00e9s pour garantir un voyage artistique \u00e0 travers la richesse culturelle de ce pays.  <\/strong><\/p>\n\n\n\n<ul class=\"wp-block-gallery alignleft columns-1 is-cropped wp-block-gallery-1 is-layout-flex wp-block-gallery-is-layout-flex\"><li class=\"blocks-gallery-item\"><figure><img loading=\"lazy\" decoding=\"async\" width=\"314\" height=\"472\" src=\"https:\/\/larevuedespectateurs.artecom.studio\/20201\/wp-content\/uploads\/sites\/3\/2020\/11\/nuit-musses.png\" alt=\"\" data-id=\"772\" data-link=\"https:\/\/larevuedespectateurs.artecom.studio\/20201\/?attachment_id=772\" class=\"wp-image-772\" srcset=\"https:\/\/larevuedespectateurs.artecom.studio\/20201\/wp-content\/uploads\/sites\/3\/2020\/11\/nuit-musses.png 314w, https:\/\/larevuedespectateurs.artecom.studio\/20201\/wp-content\/uploads\/sites\/3\/2020\/11\/nuit-musses-200x300.png 200w\" sizes=\"auto, (max-width: 314px) 100vw, 314px\" \/><\/figure><\/li><\/ul>\n\n\n\n<p>Avec d&rsquo;innombrables ressources num\u00e9riques mises \u00e0 la disposition de tous, la culture a r\u00e9ussi \u00e0 rester \u00e0 flot. L&rsquo;un des \u00e9v\u00e9nements les plus attendus de l&rsquo;ann\u00e9e et que je voulais avoir l&rsquo;occasion de d\u00e9couvrir, a \u00e9t\u00e9 la nuit des mus\u00e9es qui s&rsquo;est d\u00e9roul\u00e9e le 14 novembre 2020 en version num\u00e9rique. <\/p>\n\n\n\n<p>La nuit des mus\u00e9es a \u00e9t\u00e9 l&rsquo;occasion de d\u00e9couvrir de mani\u00e8re ludique la richesse des collections des mus\u00e9es europ\u00e9ens. Ce que je ne pouvais pas manquer, en tant qu&rsquo;\u00e9tudiante \u00e9trang\u00e8re.  Apr\u00e8s sa cr\u00e9ation en 2005 par le minist\u00e8re de la Culture et de la Communication, cet \u00e9v\u00e9nement a attir\u00e9 plus de 2 millions de visiteurs par an, mais cette ann\u00e9e 2020 notamment, une invitation a \u00e9t\u00e9 faite \u00e0 chaque visiteur dans le cadre de cette rencontre, \u00e0 utiliser depuis leurs r\u00e9seaux sociaux, l&rsquo;appel &nbsp;#NuitDesMus\u00e9eChezNous!  <\/p>\n\n\n\n<blockquote class=\"wp-block-quote is-style-default is-layout-flow wp-block-quote-is-layout-flow\"><p>\u00ab&nbsp;Pour cette nuit un peu particuli\u00e8re, les mus\u00e9es proposent des contenus in\u00e9dits en version digitale. Au programme, des visites virtuelles, des conf\u00e9rences, des podcasts, des jeux initiatiques, des mapping vid\u00e9os sont propos\u00e9s par les mus\u00e9es participants \u00e0 l&rsquo;op\u00e9ration, qu&rsquo;ils soient bas\u00e9s \u00e0 Paris, Lyon, Nice, Toulouse et dans bien d&rsquo;autres villes de France \u00bb<\/p><\/blockquote>\n\n\n\n<p>A cette occasion j&rsquo;ai eu l&rsquo;opportunit\u00e9 de participer virtuellement \u00e0 l&rsquo;exposition \u00ab\u00a0L\u2019histoire du vinyle\u00a0\u00bb au mus\u00e9e de l&rsquo;imprimerie de Lyon, o\u00f9 \u00e0 travers une visite virtuellement guid\u00e9e, j&rsquo;ai eu une incroyable approche de l&rsquo;histoire du disque vinyle comme l&rsquo;une des premi\u00e8res fonctions de transmission musicale.  Quand j&rsquo;\u00e9tais petite, j&rsquo;\u00e9tais toujours extr\u00eamement curieuse de conna\u00eetre les disques vinyles que ma grand-m\u00e8re avait en collection. Les pochettes pleines de couleurs et de vie ont toujours attir\u00e9 mon attention et cela m&rsquo;a intrigu\u00e9e encore plus de comprendre son fonctionnement lorsqu&rsquo;elle \u00e9tait plac\u00e9e sur la platine pour ravir nos oreilles avec la m\u00e9lodie de leurs chansons pr\u00e9f\u00e9r\u00e9es. <\/p>\n\n\n\n<ul class=\"wp-block-gallery alignright columns-1 is-cropped wp-block-gallery-2 is-layout-flex wp-block-gallery-is-layout-flex\"><li class=\"blocks-gallery-item\"><figure><img loading=\"lazy\" decoding=\"async\" width=\"768\" height=\"1024\" src=\"https:\/\/larevuedespectateurs.artecom.studio\/20201\/wp-content\/uploads\/sites\/3\/2020\/11\/127285180_1648141262034606_494220270493388913_n-1-768x1024.jpg\" alt=\"\" data-id=\"773\" data-link=\"https:\/\/larevuedespectateurs.artecom.studio\/20201\/?attachment_id=773\" class=\"wp-image-773\" srcset=\"https:\/\/larevuedespectateurs.artecom.studio\/20201\/wp-content\/uploads\/sites\/3\/2020\/11\/127285180_1648141262034606_494220270493388913_n-1-768x1024.jpg 768w, https:\/\/larevuedespectateurs.artecom.studio\/20201\/wp-content\/uploads\/sites\/3\/2020\/11\/127285180_1648141262034606_494220270493388913_n-1-225x300.jpg 225w, https:\/\/larevuedespectateurs.artecom.studio\/20201\/wp-content\/uploads\/sites\/3\/2020\/11\/127285180_1648141262034606_494220270493388913_n-1.jpg 1452w\" sizes=\"auto, (max-width: 768px) 100vw, 768px\" \/><\/figure><\/li><\/ul>\n\n\n\n<p>Et gr\u00e2ce \u00e0 cette exposition j&rsquo;ai pu d\u00e9couvrir le fonctionnement du vinyle depuis sa construction. La visite proposait une vision diff\u00e9rente derri\u00e8re le concept du vinyle, elle m&rsquo;a permis de comprendre les liens entre les machines \u00e0 imprimer et celles du vinyle. Cette exposition \u00e9tait anim\u00e9e d&rsquo;objets en vitrines et de photographies qui m&rsquo;ont permis d&rsquo;avoir une approche visuelle enrichissante, montrant les diff\u00e9rents acteurs qui existent derri\u00e8re ce m\u00e9dium, tels que collectionneurs, fabricants, cr\u00e9ateurs de pochettes et de boutiques.<\/p>\n\n\n\n<p>J&rsquo;ai pu conna\u00eetre quelques secrets de fabrication abord\u00e9s\nlors de la visite, les r\u00f4les des imprim\u00e9s, le graphisme et la musique. Certains\ndisques sont expos\u00e9s qui font partie de la grande collection de la biblioth\u00e8que\nmunicipale de Lyon consacr\u00e9e \u00e0 la collection de vinyles. On s&rsquo;aventure dans un\nmerveilleux voyage sur d&rsquo;autres continents du monde, comme l&rsquo;Afrique o\u00f9, gr\u00e2ce\nau reportage de Rachel Clara Reed, journaliste, qui a photographi\u00e9 l&rsquo;univers de\nJimmy, propri\u00e9taire d&rsquo;une boutique de disque inclassable au beau milieu du\nmarch\u00e9 de Kenyatta, \u00e0 Nairobi, o\u00f9 il nous montre comment il a v\u00e9cu la musique.<\/p>\n\n\n\n<p>Cette exposition nous emm\u00e8ne \u00e9galement l\u00e0 o\u00f9 le vinyle n&rsquo;existe pas: la Cor\u00e9e du Sud, o\u00f9 le vinyle est presque absent dans les magasins et les pratiques musicales. Enfin, le voyage se poursuit jusqu&rsquo;\u00e0 J\u00e9rusalem o\u00f9 Emahoy Ts\u00e9gu\u00e9-Maryam, pianiste et compositeur \u00e9thiopien de 96 ans, vit en tant que religieuse, \u00e9voqu\u00e9 dans le court et beau t\u00e9moignage film\u00e9 d&rsquo;Omar Gefen, (2015) avec des vid\u00e9os de sa belle musique a\u00e9rienne, qui touche les esprits.  C&rsquo;est une exposition tr\u00e8s int\u00e9ressante, destin\u00e9e aux sp\u00e9cialistes, aux fans, aux collectionneurs et au grand public qui essaie d\u2019apporter une belle r\u00e9flexion autour du concept de vinyle pour comprendre que <em>\u00ab il y a d&rsquo;abord la pochette, avec laquelle on commence \u00e0 voyager, et puis il y a le disque, un tr\u00e8s bel objet, et enfin il y a la musique, d&rsquo;une excellente qualit\u00e9, avec son grain au charme si particulier \u00bb. <\/em>&#8211; Julien Baldacchino&nbsp;<\/p>\n\n\n\n<p>Gr\u00e2ce \u00e0 cette incroyable visite virtuelle et \u00e0 la nouvelle\nmodalit\u00e9 d&rsquo;\u00e9change culturel en temps de crise, j&rsquo;ai pu continuer \u00e0 enrichir mon\nd\u00e9sir d&rsquo;apprentissage culturel, ce qui m&rsquo;a fait me sentir beaucoup mieux dans\nce nouveau confinement, et je voudrais vous inviter \u00e0 utiliser les diff\u00e9rents\noutils disponibles pour continuer \u00e0 remplir nos vies d&rsquo;art.<\/p>\n\n\n\n<p><\/p>\n","protected":false},"excerpt":{"rendered":"<p>La culture s&rsquo;est r\u00e9invent\u00e9e en ces temps de crise mondiale et l&rsquo;enrichissement artistique n&rsquo;a pas de limites. La culture fait<\/p>\n","protected":false},"author":30,"featured_media":0,"comment_status":"closed","ping_status":"open","sticky":false,"template":"","format":"standard","meta":{"colormag_page_container_layout":"default_layout","colormag_page_sidebar_layout":"default_layout","footnotes":""},"categories":[7],"tags":[],"class_list":["post-742","post","type-post","status-publish","format-standard","hentry","category-site-web-culturel"],"_links":{"self":[{"href":"https:\/\/larevuedespectateurs.artecom.studio\/20201\/wp-json\/wp\/v2\/posts\/742","targetHints":{"allow":["GET"]}}],"collection":[{"href":"https:\/\/larevuedespectateurs.artecom.studio\/20201\/wp-json\/wp\/v2\/posts"}],"about":[{"href":"https:\/\/larevuedespectateurs.artecom.studio\/20201\/wp-json\/wp\/v2\/types\/post"}],"author":[{"embeddable":true,"href":"https:\/\/larevuedespectateurs.artecom.studio\/20201\/wp-json\/wp\/v2\/users\/30"}],"replies":[{"embeddable":true,"href":"https:\/\/larevuedespectateurs.artecom.studio\/20201\/wp-json\/wp\/v2\/comments?post=742"}],"version-history":[{"count":21,"href":"https:\/\/larevuedespectateurs.artecom.studio\/20201\/wp-json\/wp\/v2\/posts\/742\/revisions"}],"predecessor-version":[{"id":1075,"href":"https:\/\/larevuedespectateurs.artecom.studio\/20201\/wp-json\/wp\/v2\/posts\/742\/revisions\/1075"}],"wp:attachment":[{"href":"https:\/\/larevuedespectateurs.artecom.studio\/20201\/wp-json\/wp\/v2\/media?parent=742"}],"wp:term":[{"taxonomy":"category","embeddable":true,"href":"https:\/\/larevuedespectateurs.artecom.studio\/20201\/wp-json\/wp\/v2\/categories?post=742"},{"taxonomy":"post_tag","embeddable":true,"href":"https:\/\/larevuedespectateurs.artecom.studio\/20201\/wp-json\/wp\/v2\/tags?post=742"}],"curies":[{"name":"wp","href":"https:\/\/api.w.org\/{rel}","templated":true}]}}