{"id":733,"date":"2020-12-04T15:04:38","date_gmt":"2020-12-04T14:04:38","guid":{"rendered":"https:\/\/larevuedespectateurs.artecom.studio\/20201\/?p=733"},"modified":"2020-12-17T16:04:20","modified_gmt":"2020-12-17T15:04:20","slug":"made-in-disquaire-une-experience-au-choix","status":"publish","type":"post","link":"https:\/\/larevuedespectateurs.artecom.studio\/20201\/2020\/12\/04\/made-in-disquaire-une-experience-au-choix\/","title":{"rendered":"Made In Disquaire : une exp\u00e9rience au choix"},"content":{"rendered":"\n<p class=\"has-medium-font-size\"><strong>Un espace et un projet en t\u00eate<\/strong><\/p>\n\n\n\n<p>Aux alentours de la Place de la Daurade on voit une petite terrasse assez sympa qui nous invite \u00e0 entrer et d\u00e9couvrir des murs recouverts par des vinyles et des affiches qui attirent l\u2019attention des plus distraits et les invitent \u00e0 rester un peu plus. \u00c0 l\u2019int\u00e9rieur, trois personnes discutent vivement. Parmi eux&nbsp;: Patrick et Charlotte, les associ\u00e9s du Made In Disquaire. Un disquaire pas comme les autres \u00e0 Toulouse &#8211; une des villes de France avec le plus grand nombre de disquaires ind\u00e9pendants. <\/p>\n\n\n\n<p>Depuis\n2011, les visitants peuvent \u00e9couter leur belle collection en vinyle \u2013 la sp\u00e9cialit\u00e9&nbsp;:\nde la musique afro-am\u00e9ricaines (blues, soul, funk, afrobeat, jazz, hip hop et aussi rock) \u2013, boire du caf\u00e9 \u00e0 un prix honn\u00eate, mais \u00e9galement assister des\nconcerts intimistes ou d\u00e9couvrir des artistes (\u00e9crivains, photographes) qui apportent\nune autre lecture de cet univers musical.<\/p>\n\n\n\n<blockquote class=\"wp-block-quote is-layout-flow wp-block-quote-is-layout-flow\"><p><strong><em> <br> \u00ab&nbsp;Avant tout<\/em><\/strong><\/p><p><strong><em>un lieu de rencontre et d\u2019\u00e9change.&nbsp;\u00bb  <\/em><\/strong><\/p><cite> Patrick Derrien, l&rsquo;associ\u00e9 de Made In<\/cite><\/blockquote>\n\n\n\n<p>C\u2019est de l\u00e0 que nous appr\u00e9hendons l\u2019agenda assez bouillonnant pour un espace relativement petit&nbsp;: des concerts tous les premiers dimanches du mois, des expositions de photographie, vernissages et des lancements de livres avaient lieu \u00e0 chaque semaine et cette tradition doucement reprend sa place lors qu&rsquo;une nouvelle normalit\u00e9 s\u2019instaure.<\/p>\n\n\n\n<h4 class=\"wp-block-heading\">D&rsquo;autres modalit\u00e9s d&rsquo;\u00e9change<\/h4>\n\n\n\n<p>Leurs r\u00e9seaux sociaux ont \u00e9t\u00e9 toujours nourris par des analyses musicales riches et passionn\u00e9es. Cette habitude s\u2019est r\u00e9pandu pendant le confinement quand la plupart de tables a d\u00fb \u00eatre enlev\u00e9e, et les \u00e9v\u00e9nements culturels report\u00e9s.<\/p>\n\n\n\n<p><a href=\"https:\/\/www.facebook.com\/MadeInCafeDisquaire\/posts\/1465530136979697\">Ces textes<\/a> nous apprennent des contextes socio-politiques (et pourquoi pas des curiosit\u00e9s aussi) de certains pays derri\u00e8re un artiste ou un mouvement musical. \u00c7a permet, comme tout ce qu\u2019ils font l\u2019int\u00e9rieur de Made In, d\u2019explorer la musique dans sa multitude de fr\u00e9quences.<br><br>\u00c0 d\u00e9couvrir!<\/p>\n\n\n\n<p>7 bis rue Cujas | 31000 Toulouse<br>09 83 60 90 87 | <a href=\"http:\/\/facebook.com\/MadeInCafeDisquaire\">Facebook<\/a> | <a href=\"http:\/\/instagram.com\/madein_cafedisquaire\/\">Instagram<\/a><br>Mardi &#8211; Dimanche | 11h &#8211; 19h30<\/p>\n","protected":false},"excerpt":{"rendered":"<p>Un espace et un projet en t\u00eate Aux alentours de la Place de la Daurade on voit une petite terrasse<\/p>\n","protected":false},"author":51,"featured_media":1052,"comment_status":"closed","ping_status":"open","sticky":false,"template":"","format":"standard","meta":{"colormag_page_container_layout":"default_layout","colormag_page_sidebar_layout":"default_layout","footnotes":""},"categories":[9,6],"tags":[],"class_list":["post-733","post","type-post","status-publish","format-standard","has-post-thumbnail","hentry","category-concert","category-lieu-culturel"],"_links":{"self":[{"href":"https:\/\/larevuedespectateurs.artecom.studio\/20201\/wp-json\/wp\/v2\/posts\/733","targetHints":{"allow":["GET"]}}],"collection":[{"href":"https:\/\/larevuedespectateurs.artecom.studio\/20201\/wp-json\/wp\/v2\/posts"}],"about":[{"href":"https:\/\/larevuedespectateurs.artecom.studio\/20201\/wp-json\/wp\/v2\/types\/post"}],"author":[{"embeddable":true,"href":"https:\/\/larevuedespectateurs.artecom.studio\/20201\/wp-json\/wp\/v2\/users\/51"}],"replies":[{"embeddable":true,"href":"https:\/\/larevuedespectateurs.artecom.studio\/20201\/wp-json\/wp\/v2\/comments?post=733"}],"version-history":[{"count":8,"href":"https:\/\/larevuedespectateurs.artecom.studio\/20201\/wp-json\/wp\/v2\/posts\/733\/revisions"}],"predecessor-version":[{"id":1077,"href":"https:\/\/larevuedespectateurs.artecom.studio\/20201\/wp-json\/wp\/v2\/posts\/733\/revisions\/1077"}],"wp:featuredmedia":[{"embeddable":true,"href":"https:\/\/larevuedespectateurs.artecom.studio\/20201\/wp-json\/wp\/v2\/media\/1052"}],"wp:attachment":[{"href":"https:\/\/larevuedespectateurs.artecom.studio\/20201\/wp-json\/wp\/v2\/media?parent=733"}],"wp:term":[{"taxonomy":"category","embeddable":true,"href":"https:\/\/larevuedespectateurs.artecom.studio\/20201\/wp-json\/wp\/v2\/categories?post=733"},{"taxonomy":"post_tag","embeddable":true,"href":"https:\/\/larevuedespectateurs.artecom.studio\/20201\/wp-json\/wp\/v2\/tags?post=733"}],"curies":[{"name":"wp","href":"https:\/\/api.w.org\/{rel}","templated":true}]}}