{"id":636,"date":"2020-11-30T17:31:16","date_gmt":"2020-11-30T16:31:16","guid":{"rendered":"https:\/\/larevuedespectateurs.artecom.studio\/20201\/?p=636"},"modified":"2020-11-30T17:31:16","modified_gmt":"2020-11-30T16:31:16","slug":"la-5eme-edition-du-arte-concert-festival-se-fait-en-live-streaming","status":"publish","type":"post","link":"https:\/\/larevuedespectateurs.artecom.studio\/20201\/2020\/11\/30\/la-5eme-edition-du-arte-concert-festival-se-fait-en-live-streaming\/","title":{"rendered":"La 5\u00e8me \u00e9dition du ARTE Concert Festival se fait en live streaming\u00a0!"},"content":{"rendered":"\n<p style=\"color:#350e9a;font-size:22px;text-align:left\" class=\"has-text-color has-drop-cap\"><strong>Du 13 au 15 novembre, l\u2019\u00e9dition 2020 du ARTE Concert Festival s\u2019adapte au reconfinement en proposant trois jours de concerts virtuels \u00e0 suivre en live streaming et en replay depuis chez vous.<\/strong> <\/p>\n\n\n\n<p style=\"text-align:left\"><strong> Alors que la pand\u00e9mie ne semble pas prendre fin, le monde culturel continue \u00e0 lutter. Cette ann\u00e9e ARTE Concert Festival s\u2019associe de nouveau avec<a href=\"https:\/\/www.blogotheque.net\/\" target=\"_blank\" rel=\"noreferrer noopener\" aria-label=\" (s\u2019ouvre dans un nouvel onglet)\"> La Blogoth\u00e8que<\/a> et la <a rel=\"noreferrer noopener\" aria-label=\" (s\u2019ouvre dans un nouvel onglet)\" href=\"https:\/\/gaite-lyrique.net\/\" target=\"_blank\">Ga\u00eet\u00e9 Lyrique <\/a>afin de nous proposer une \u00e9dition in\u00e9dite m\u00ealant performances lives, sessions enregistr\u00e9es \u00e0 l\u2019\u00e9tranger et plusieurs concerts archives.  <\/strong><\/p>\n\n\n\n<div class=\"wp-block-image\"><figure class=\"aligncenter is-resized\"><img loading=\"lazy\" decoding=\"async\" src=\"https:\/\/larevuedespectateurs.artecom.studio\/20201\/wp-content\/uploads\/sites\/3\/2020\/11\/Prundence-2.jpg\" alt=\"\" class=\"wp-image-667\" width=\"854\" height=\"480\" srcset=\"https:\/\/larevuedespectateurs.artecom.studio\/20201\/wp-content\/uploads\/sites\/3\/2020\/11\/Prundence-2.jpg 800w, https:\/\/larevuedespectateurs.artecom.studio\/20201\/wp-content\/uploads\/sites\/3\/2020\/11\/Prundence-2-300x168.jpg 300w, https:\/\/larevuedespectateurs.artecom.studio\/20201\/wp-content\/uploads\/sites\/3\/2020\/11\/Prundence-2-768x431.jpg 768w\" sizes=\"auto, (max-width: 854px) 100vw, 854px\" \/><figcaption>Capture d&rsquo;\u00e9cran du Concert Live de Prudence dans le foyer historique de la Ga\u00eet\u00e9 Lyrique.<\/figcaption><\/figure><\/div>\n\n\n\n<p style=\"color:#350e9a;text-align:center\" class=\"has-text-color has-large-font-size\"> <strong>Un festival aux multiples facettes <\/strong> <\/p>\n\n\n\n<p class=\"has-text-color has-very-dark-gray-color\"><strong>En partenariat avec les <\/strong><a rel=\"noreferrer noopener\" aria-label=\"Inrockutibles (s\u2019ouvre dans un nouvel onglet)\" href=\"https:\/\/www.lesinrocks.com\/\" target=\"_blank\"><strong>Inrockutibles<\/strong><\/a><strong>, Konbini et France Inter, cette 5\u00e8me \u00e9dition nous invite \u00e0 d\u00e9couvrir un panel d\u2019artistes aux styles multiples et vari\u00e9s.<\/strong><\/p>\n\n\n\n<div class=\"wp-block-image\"><figure class=\"alignleft is-resized\"><img loading=\"lazy\" decoding=\"async\" src=\"https:\/\/larevuedespectateurs.artecom.studio\/20201\/wp-content\/uploads\/sites\/3\/2020\/11\/S\u00e9bastien-1.jpg\" alt=\"\" class=\"wp-image-666\" width=\"642\" height=\"360\" srcset=\"https:\/\/larevuedespectateurs.artecom.studio\/20201\/wp-content\/uploads\/sites\/3\/2020\/11\/S\u00e9bastien-1.jpg 750w, https:\/\/larevuedespectateurs.artecom.studio\/20201\/wp-content\/uploads\/sites\/3\/2020\/11\/S\u00e9bastien-1-300x168.jpg 300w\" sizes=\"auto, (max-width: 642px) 100vw, 642px\" \/><figcaption>Capture d&rsquo;\u00e9cran du Concert Live de S\u00e9bastien Tellier.<\/figcaption><\/figure><\/div>\n\n\n\n<p>EEE  n concert live, l\u2019ic\u00f4ne \u00e9lectro-pop fran\u00e7ais S\u00e9bastien Tellier, le chanteur et rappeur singulier Ichon, Prudence, le nouveau projet en solo de la chanteuse de The D\u00f8, l\u2019\u00e9tonnante P.R2B qui floute les fronti\u00e8res entre les genres musicaux avec son style indie-rap alternative, ainsi que Lous and the Yakuza et Yelle.  <br><br>Quelques artistes qui n\u2019ont pas pu se d\u00e9placer ont aussi eu l\u2019occasion de participer au festival gr\u00e2ce au <em>Long Distance Calls<\/em>, enregistr\u00e9s \u00e0 l\u2019\u00e9tranger avant la diffusion live. Des artistes londoniens comme Arlo Parks et le groupe mondialement connu London Grammar, ou encore l\u2019am\u00e9ricain Matt Berninger.  <br>Plusieurs concerts des \u00e9ditions pr\u00e9c\u00e9dentes ont aussi \u00e9t\u00e9 rediffus\u00e9s, comme par exemple le duo rock m\u00e9tal La Jungle ou Toh Imago avec sa musique techno \u00e9lectro.  <br><br>ARTE Concert Festival propose donc une programmation tourn\u00e9 vers un public divers, il y en a vraiment pour tous les go\u00fbts !  <\/p>\n\n\n\n<p style=\"color:#350e9a;text-align:center\" class=\"has-text-color has-large-font-size\"> <strong>Un festival depuis son salon<\/strong><\/p>\n\n\n\n<p><strong>Paradoxal n\u2019est-ce pas&nbsp;? L\u2019id\u00e9e de participer \u00e0 un festival depuis chez soi semble incoh\u00e9rent mais cette ann\u00e9e c\u2019est aussi in\u00e9vitable.<\/strong><\/p>\n\n\n\n<p>Malgr\u00e9 cette distanciation physique, de mon point de vue subjectif, les artistes live ont r\u00e9ussi \u00e0 se connecter avec les spectateurs. Malgr\u00e9 l\u2019absence du public, ils ont interpr\u00e9t\u00e9 leurs morceaux avec enthousiasme et \u00e9nergie et \u00e7a s\u2019est ressenti.  <br><br>Mention sp\u00e9ciale pour <a rel=\"noreferrer noopener\" aria-label=\"Prudence (s\u2019ouvre dans un nouvel onglet)\" href=\"https:\/\/www.arte.tv\/fr\/videos\/100282-005-A\/prudence-au-arte-concert-festival\/\" target=\"_blank\">Prudence<\/a> qui, pendant 35min, avec sa douce voix accompagn\u00e9e d\u2019\u00e9lectro et de piano et le cadre enchantant du foyer historique de la Ga\u00eet\u00e9 Lyrique, nous a transport\u00e9 ailleurs. Coup de c\u0153ur aussi pour P.R2B qui nous a donn\u00e9 \u00e0 voir une performance \u00e9lectrique qui d\u00e9bordait d\u2019\u00e9nergie. La chanteuse a r\u00e9ellement fait l\u2019effort d\u2019interagir avec le \u00ab\u00a0public\u00a0\u00bb et les cam\u00e9ras. Elle a partag\u00e9 avec nous son univers musical \u00e9clectique, m\u00e9langeant chant et rap, en passant par un morceau jou\u00e9 \u00e0 la clarinette pour en finir sur une touche techno rap.  <\/p>\n\n\n\n<p style=\"color:#8c6cf5;text-align:center\" class=\"has-text-color has-background has-very-dark-gray-background-color\"><strong> \u00ab&nbsp;<\/strong><em><strong>Vous \u00eates pas l\u00e0 mais je pense que vous pouvez voir l\u00e0 qu\u2019on est chaud. C\u2019est mon dernier morceau et j\u2019aimerais vous remercier infiniment de m\u2019avoir \u00e9cout\u00e9. Je suis un peu \u00e9mue parce que c\u2019est tellement important de faire des concerts<\/strong><\/em><strong>&nbsp;\u00bb [P.R2B poursuit en remerciant le festival et toute l\u2019\u00e9quipe]  <\/strong><\/p>\n\n\n\n<figure class=\"wp-block-embed-youtube wp-block-embed is-type-video is-provider-youtube wp-embed-aspect-16-9 wp-has-aspect-ratio\"><div class=\"wp-block-embed__wrapper\">\n<iframe loading=\"lazy\" title=\"P.R2B au ARTE Concert Festival \u2013 ARTE Concert\" width=\"800\" height=\"450\" src=\"https:\/\/www.youtube.com\/embed\/yL0AsnigAR0?start=2351&#038;feature=oembed\" frameborder=\"0\" allow=\"accelerometer; autoplay; clipboard-write; encrypted-media; gyroscope; picture-in-picture\" allowfullscreen><\/iframe>\n<\/div><figcaption>Concert Live de P.R2B au foyer historique de la Ga\u00eet\u00e9 Lyrique.<\/figcaption><\/figure>\n\n\n\n<p style=\"color:#350e9a;text-align:center\" class=\"has-text-color has-large-font-size\"> <strong>Une m\u00e9diation pens\u00e9e pour un public en ligne<\/strong> <\/p>\n\n\n\n<div class=\"wp-block-image\"><figure class=\"alignright is-resized\"><img loading=\"lazy\" decoding=\"async\" src=\"https:\/\/larevuedespectateurs.artecom.studio\/20201\/wp-content\/uploads\/sites\/3\/2020\/11\/capture-d\u00e9crans-1.jpg\" alt=\"\" class=\"wp-image-657\" width=\"437\" height=\"385\" srcset=\"https:\/\/larevuedespectateurs.artecom.studio\/20201\/wp-content\/uploads\/sites\/3\/2020\/11\/capture-d\u00e9crans-1.jpg 800w, https:\/\/larevuedespectateurs.artecom.studio\/20201\/wp-content\/uploads\/sites\/3\/2020\/11\/capture-d\u00e9crans-1-300x264.jpg 300w, https:\/\/larevuedespectateurs.artecom.studio\/20201\/wp-content\/uploads\/sites\/3\/2020\/11\/capture-d\u00e9crans-1-768x676.jpg 768w\" sizes=\"auto, (max-width: 437px) 100vw, 437px\" \/><figcaption>Capture d&rsquo;\u00e9cran du live chat en direct (\u00e0 gauche S\u00e9bastien Tellier, \u00e0 droite London Grammar)<\/figcaption><\/figure><\/div>\n\n\n\n<p><strong>2020 oblige, la 5\u00e8me \u00e9dition a enti\u00e8rement \u00e9t\u00e9 con\u00e7ue pour une diffusion en ligne. <\/strong><\/p>\n\n\n\n<p>Les concerts ont \u00e9t\u00e9 diffus\u00e9s en direct sur le site<a rel=\"noreferrer noopener\" aria-label=\" arteconcert.com (s\u2019ouvre dans un nouvel onglet)\" href=\"https:\/\/www.arte.tv\/fr\/videos\/RC-014346\/arte-concert-festival\/\" target=\"_blank\"> arteconcert.com<\/a> ainsi que sur les pages Facebook de la Blogoth\u00e8que et ARTE Concert. En direct, les spectateurs pouvaient commenter et \u00e9changer sur un live chat afin de donner une impression d\u2019\u00ab&nbsp;enjaillement&nbsp;\u00bb de groupe et de cr\u00e9er du lien social dans ces circonstances de festivit\u00e9 particuli\u00e8res. M\u00eame si on est seul face \u00e0 son \u00e9cran, le fait de voir le nombre de participant et ce chat (auquel ARTE Concert et la Blogoth\u00e8que participent aussi), permet de recr\u00e9er un semblant d\u2019atmosph\u00e8re festif.  <br><br>Les organisateurs et les artistes ont tent\u00e9 de mettre en place une proximit\u00e9 avec le public en mobilisant \u00e9norm\u00e9ment les r\u00e9seaux sociaux&nbsp;: publications, mise \u00e0 jour des stories Instagram et un hashtag #yelledanssonsalon a aussi \u00e9t\u00e9 lanc\u00e9 afin que les spectateurs puissent se filmer entrain de danser sur le concert.  <\/p>\n\n\n\n<p>Sur la page Facebook du ARTE Concert on retrouve aussi des interviews avec les artistes ainsi que des recaps du weekend. En montrant les backstages et comment est organis\u00e9 l\u2019\u00e9v\u00e9nement, ils tentent d\u2019amener le public au plus pr\u00e8s du festival en adoptant une d\u00e9marche de partage et de proximit\u00e9.  <\/p>\n\n\n\n<p><\/p>\n\n\n\n<p style=\"text-align:center\" class=\"has-text-color has-background has-very-light-gray-color has-very-dark-gray-background-color\"><strong>Tous les concerts virtuels du festival sont encore disponibles pendant quelques mois sur le site officiel ARTE Concert et La Ga\u00eet\u00e9 Lyrique ainsi que sur leur page Facebook et celle de La Blogoth\u00e8que. <\/strong><\/p>\n\n\n\n<p><\/p>\n\n\n\n<p><\/p>\n","protected":false},"excerpt":{"rendered":"<p>Du 13 au 15 novembre, l\u2019\u00e9dition 2020 du ARTE Concert Festival s\u2019adapte au reconfinement en proposant trois jours de concerts<\/p>\n","protected":false},"author":25,"featured_media":655,"comment_status":"closed","ping_status":"open","sticky":false,"template":"","format":"standard","meta":{"colormag_page_container_layout":"default_layout","colormag_page_sidebar_layout":"default_layout","footnotes":""},"categories":[9,10],"tags":[],"class_list":["post-636","post","type-post","status-publish","format-standard","has-post-thumbnail","hentry","category-concert","category-festival"],"_links":{"self":[{"href":"https:\/\/larevuedespectateurs.artecom.studio\/20201\/wp-json\/wp\/v2\/posts\/636","targetHints":{"allow":["GET"]}}],"collection":[{"href":"https:\/\/larevuedespectateurs.artecom.studio\/20201\/wp-json\/wp\/v2\/posts"}],"about":[{"href":"https:\/\/larevuedespectateurs.artecom.studio\/20201\/wp-json\/wp\/v2\/types\/post"}],"author":[{"embeddable":true,"href":"https:\/\/larevuedespectateurs.artecom.studio\/20201\/wp-json\/wp\/v2\/users\/25"}],"replies":[{"embeddable":true,"href":"https:\/\/larevuedespectateurs.artecom.studio\/20201\/wp-json\/wp\/v2\/comments?post=636"}],"version-history":[{"count":51,"href":"https:\/\/larevuedespectateurs.artecom.studio\/20201\/wp-json\/wp\/v2\/posts\/636\/revisions"}],"predecessor-version":[{"id":739,"href":"https:\/\/larevuedespectateurs.artecom.studio\/20201\/wp-json\/wp\/v2\/posts\/636\/revisions\/739"}],"wp:featuredmedia":[{"embeddable":true,"href":"https:\/\/larevuedespectateurs.artecom.studio\/20201\/wp-json\/wp\/v2\/media\/655"}],"wp:attachment":[{"href":"https:\/\/larevuedespectateurs.artecom.studio\/20201\/wp-json\/wp\/v2\/media?parent=636"}],"wp:term":[{"taxonomy":"category","embeddable":true,"href":"https:\/\/larevuedespectateurs.artecom.studio\/20201\/wp-json\/wp\/v2\/categories?post=636"},{"taxonomy":"post_tag","embeddable":true,"href":"https:\/\/larevuedespectateurs.artecom.studio\/20201\/wp-json\/wp\/v2\/tags?post=636"}],"curies":[{"name":"wp","href":"https:\/\/api.w.org\/{rel}","templated":true}]}}