{"id":634,"date":"2020-11-30T17:38:36","date_gmt":"2020-11-30T16:38:36","guid":{"rendered":"https:\/\/larevuedespectateurs.artecom.studio\/20201\/?p=634"},"modified":"2020-12-17T15:30:29","modified_gmt":"2020-12-17T14:30:29","slug":"univercite-4-femmes-au-pouvoir-pouvoir-aux-femmes-au-theatredelacite","status":"publish","type":"post","link":"https:\/\/larevuedespectateurs.artecom.studio\/20201\/2020\/11\/30\/univercite-4-femmes-au-pouvoir-pouvoir-aux-femmes-au-theatredelacite\/","title":{"rendered":"UniverCit\u00e9 #4 : \u00ab\u00a0Femmes au pouvoir \/ pouvoir aux femmes ?\u00a0\u00bb au Th\u00e9\u00e2tredelaCit\u00e9"},"content":{"rendered":"\n<pre class=\"wp-block-preformatted\">Au Th\u00e9\u00e2tre de la cit\u00e9 (centre dramatique national de Toulouse), les spectat.eurs.trices ne sont pas seulement convi\u00e9.e.s \u00e0 franchir le seuil du b\u00e2timent pour venir voir des spectacles. Ce th\u00e9\u00e2tre au coeur de la cit\u00e9 Toulousaine, se revendique comme lieu de vie, ou tout un chacun.e peut venir boire un verre, manger un bout ou encore prendre places aux espaces de co-working et s\u2019approprier le lieu \u00e0 se fa\u00e7on. Dans cette initiative, l\u2019\u00e9quipe du service des publics nous propose des rencontres deux fois par an depuis maintenant 2 ans : UniverCit\u00e9.&nbsp;<\/pre>\n\n\n\n<p>Ces rendez vous invitent le public \u00e0 partager des moments uniques avec des intervenant.e.s vari\u00e9.e.s, croisant plusieurs milieux socio-professionnels permettant de dialoguer, \u00e9changer autour de th\u00e8mes diff\u00e9rents pour chaque \u00e9dition.&nbsp;<\/p>\n\n\n\n<p>En raison de la crise sanitaire, l\u2019\u00e9quipe du th\u00e9\u00e2tre a souhait\u00e9 maintenir cette rencontre, en format num\u00e9rique afin que le lien avec le public soit au maximum pr\u00e9serv\u00e9, malgr\u00e9 le fait que ce dispositif en format youtube ne permette pas l\u2019interaction directe entre le public et les intervenant.e.s.&nbsp;<\/p>\n\n\n\n<h2 class=\"wp-block-heading\"><strong>Pour cette 4\u00e8me \u00e9dition, l\u2019\u00e9change sur le f\u00e9minisme a \u00e9t\u00e9 men\u00e9 par :&nbsp;<\/strong><\/h2>\n\n\n\n<ul class=\"wp-block-list\"><li>Alexia Anglade coach sp\u00e9cialis\u00e9e dans le d\u00e9veloppement de la parit\u00e9 et la carri\u00e8re des femmes<\/li><\/ul>\n\n\n\n<ul class=\"wp-block-list\"><li>Marl\u00e8ne Coulomb-Gully chercheuse en communication \u00e0 l\u2019Universit\u00e9 Toulouse Jean Jaur\u00e8s et membre du LERASS (Laboratoire d\u2019\u00e9tudes et de recherches appliqu\u00e9es en Sciences sociales)<\/li><\/ul>\n\n\n\n<ul class=\"wp-block-list\"><li>Emeline Jouve chercheuse \u00e0 l\u2019Universit\u00e9 Toulouse Jean Jaur\u00e8s, laboratoire des Cultures Anglo-Saxonnes et mod\u00e9ratrice de la rencontre&nbsp;<\/li><\/ul>\n\n\n\n<ul class=\"wp-block-list\"><li>St\u00e9phane Gil&nbsp;directeur d\u00e9l\u00e9gu\u00e9 du Th\u00e9\u00e2tredelaCit\u00e9<\/li><\/ul>\n\n\n\n<ul class=\"wp-block-list\"><li>Julie Escudier maire de quartier Toulouse centre et conseill\u00e8re municipale d\u00e9l\u00e9gu\u00e9e \u00e0 l\u2019\u00e9galit\u00e9 Femmes\/Hommes<\/li><\/ul>\n\n\n\n<ul class=\"wp-block-list\"><li>Zeycan membre du Mouvement des femmes kurdes France-Toulouse<\/li><\/ul>\n\n\n\n<div class=\"wp-block-image\"><figure class=\"aligncenter\"><img decoding=\"async\" src=\"https:\/\/encrypted-tbn0.gstatic.com\/images?q=tbn:ANd9GcQCBBMVQzRE_e9KzJk446Qrk1V6ui4iU0rU3A&amp;usqp=CAU\" alt=\"https:\/\/www.bastamag.net\/IMG\/jpg\/1-15.jpg\"\/><\/figure><\/div>\n\n\n\n<p>Le mouvement me too, les colleuses, les f\u00e9minicides, les d\u00e9bats sur le salaire des femmes, l\u2018\u00e9criture inclusive : autant de faits pr\u00e9sents dans notre soci\u00e9t\u00e9, nous dirigeant \u00e0 essayer&nbsp; avec les visions est les exp\u00e9riences de chacun.e, de d\u00e9cortiquer le therme \u00ab&nbsp;<strong>f\u00e9minisme&nbsp;<\/strong>\u00bb. A partir de la mosa\u00efque de d\u00e9finition, on se rend compte \u00e0 quel point ce therme \u00e0 une histoire forte. Autrefois maladie attribu\u00e9 aux hommes f\u00e9minis\u00e9s, repris par les femmes pour mener le combat de l\u2019\u00e9galit\u00e9, le f\u00e9minisme nous renvoie vers un but \u00e0 atteindre.&nbsp;<\/p>\n\n\n\n<p>De la, la discussion poursuit vers la notion de <strong>pouvoir<\/strong>, qui est aussi complexe \u00e0 d\u00e9finir : Le pouvoir, c\u2019est ce que l\u2019on pr\u00e9voir pour se prot\u00e9ger ? Est ce notre capacit\u00e9 \u00e0 agir, vers l\u2019inter\u00eat g\u00e9n\u00e9ral ?&nbsp;<\/p>\n\n\n\n<p>Autant de questions que l\u2019on se pose dans cette rencontre, croisant ainsi le f\u00e9minisme et l&rsquo;id\u00e9e que l\u2019on se fait du pouvoir, plus g\u00e9n\u00e9ralement dans le monde des entreprises, dans l\u2019espace public ou encore dans la culture.&nbsp;<\/p>\n\n\n\n<p>Vous pouvez retrouver le lien de la recentre ci-dessous, afin de d\u00e9couvrir tout cela de vous m\u00eame.&nbsp;<\/p>\n\n\n\n<p>Bon visionnage.<\/p>\n\n\n\n<p style=\"text-align:right\" class=\"has-small-font-size\"> <\/p>\n\n\n\n<figure class=\"wp-block-embed-youtube wp-block-embed is-type-video is-provider-youtube wp-embed-aspect-16-9 wp-has-aspect-ratio\"><div class=\"wp-block-embed__wrapper\">\n<iframe loading=\"lazy\" title=\"UniverCit\u00e9 #4 &quot;Femmes au pouvoir \/ pouvoir aux femmes ?&quot;\" width=\"800\" height=\"450\" src=\"https:\/\/www.youtube.com\/embed\/MAZC7q9XKco?feature=oembed\" frameborder=\"0\" allow=\"accelerometer; autoplay; clipboard-write; encrypted-media; gyroscope; picture-in-picture\" allowfullscreen><\/iframe>\n<\/div><\/figure>\n\n\n\n<p><\/p>\n","protected":false},"excerpt":{"rendered":"<p>Au Th\u00e9\u00e2tre de la cit\u00e9 (centre dramatique national de Toulouse), les spectat.eurs.trices ne sont pas seulement convi\u00e9.e.s \u00e0 franchir le<\/p>\n","protected":false},"author":28,"featured_media":0,"comment_status":"closed","ping_status":"open","sticky":false,"template":"","format":"standard","meta":{"colormag_page_container_layout":"default_layout","colormag_page_sidebar_layout":"default_layout","footnotes":""},"categories":[24,4],"tags":[],"class_list":["post-634","post","type-post","status-publish","format-standard","hentry","category-action-culturelle","category-spectacle-vivant"],"_links":{"self":[{"href":"https:\/\/larevuedespectateurs.artecom.studio\/20201\/wp-json\/wp\/v2\/posts\/634","targetHints":{"allow":["GET"]}}],"collection":[{"href":"https:\/\/larevuedespectateurs.artecom.studio\/20201\/wp-json\/wp\/v2\/posts"}],"about":[{"href":"https:\/\/larevuedespectateurs.artecom.studio\/20201\/wp-json\/wp\/v2\/types\/post"}],"author":[{"embeddable":true,"href":"https:\/\/larevuedespectateurs.artecom.studio\/20201\/wp-json\/wp\/v2\/users\/28"}],"replies":[{"embeddable":true,"href":"https:\/\/larevuedespectateurs.artecom.studio\/20201\/wp-json\/wp\/v2\/comments?post=634"}],"version-history":[{"count":9,"href":"https:\/\/larevuedespectateurs.artecom.studio\/20201\/wp-json\/wp\/v2\/posts\/634\/revisions"}],"predecessor-version":[{"id":1042,"href":"https:\/\/larevuedespectateurs.artecom.studio\/20201\/wp-json\/wp\/v2\/posts\/634\/revisions\/1042"}],"wp:attachment":[{"href":"https:\/\/larevuedespectateurs.artecom.studio\/20201\/wp-json\/wp\/v2\/media?parent=634"}],"wp:term":[{"taxonomy":"category","embeddable":true,"href":"https:\/\/larevuedespectateurs.artecom.studio\/20201\/wp-json\/wp\/v2\/categories?post=634"},{"taxonomy":"post_tag","embeddable":true,"href":"https:\/\/larevuedespectateurs.artecom.studio\/20201\/wp-json\/wp\/v2\/tags?post=634"}],"curies":[{"name":"wp","href":"https:\/\/api.w.org\/{rel}","templated":true}]}}