{"id":430,"date":"2020-11-15T21:58:53","date_gmt":"2020-11-15T20:58:53","guid":{"rendered":"https:\/\/larevuedespectateurs.artecom.studio\/20201\/?p=430"},"modified":"2020-12-17T16:15:41","modified_gmt":"2020-12-17T15:15:41","slug":"la-nuit-du-cirque-numerique","status":"publish","type":"post","link":"https:\/\/larevuedespectateurs.artecom.studio\/20201\/2020\/11\/15\/la-nuit-du-cirque-numerique\/","title":{"rendered":"La Nuit du Cirque Num\u00e9rique"},"content":{"rendered":"\n<p>Cette ann\u00e9e<em> La Nuit du Cirque<\/em> sera num\u00e9rique ou ne sera pas. Du 13 au 15 novembre, des artistes circassien.nes de la France enti\u00e8re se retrouvent sur une plateforme pour partager leur passion le temps d&rsquo;un week-end. L&rsquo;\u00e9v\u00e9nement s&rsquo;adapte \u00e0 la situation sanitaire et rend accessible \u00e0 toutes et tous des spectacles de cirque de cr\u00e9ation. Nous avons la chance de pouvoir assister \u00e0 une programmation foisonnante chaque soir, \u00e0 partir de 21h, depuis notre canap\u00e9. <\/p>\n\n\n\n<div class=\"wp-block-image\"><figure class=\"aligncenter is-resized\"><img loading=\"lazy\" decoding=\"async\" src=\"https:\/\/larevuedespectateurs.artecom.studio\/20201\/wp-content\/uploads\/sites\/3\/2020\/11\/nuit-du-cirque-affiche-a3-1000x1414-724x1024.png\" alt=\"\" class=\"wp-image-432\" width=\"396\" height=\"560\" srcset=\"https:\/\/larevuedespectateurs.artecom.studio\/20201\/wp-content\/uploads\/sites\/3\/2020\/11\/nuit-du-cirque-affiche-a3-1000x1414-724x1024.png 724w, https:\/\/larevuedespectateurs.artecom.studio\/20201\/wp-content\/uploads\/sites\/3\/2020\/11\/nuit-du-cirque-affiche-a3-1000x1414-212x300.png 212w, https:\/\/larevuedespectateurs.artecom.studio\/20201\/wp-content\/uploads\/sites\/3\/2020\/11\/nuit-du-cirque-affiche-a3-1000x1414-768x1086.png 768w, https:\/\/larevuedespectateurs.artecom.studio\/20201\/wp-content\/uploads\/sites\/3\/2020\/11\/nuit-du-cirque-affiche-a3-1000x1414.png 1000w\" sizes=\"auto, (max-width: 396px) 100vw, 396px\" \/><figcaption>Affiche La Nuit du Cirque num\u00e9rique 2020<\/figcaption><\/figure><\/div>\n\n\n\n<h2 class=\"wp-block-heading\">Le \u00ab\u00a0nouveau cirque\u00a0\u00bb \u00e0 l&rsquo;honneur<\/h2>\n\n\n\n<p> Le cirque est un art qui s\u2019est r\u00e9invent\u00e9 au cours des derni\u00e8res ann\u00e9es et qui se lie beaucoup \u00e0 toutes les autres formes de spectacle vivant. Profond\u00e9ment ancr\u00e9 dans la pratique de la sc\u00e8ne, les fronti\u00e8res entre cirque, th\u00e9\u00e2tre et danse sont fines. Ces disciplines communiquent et se nourrissent les unes des autres. C\u2019est ainsi qu\u2019a \u00e9t\u00e9 pens\u00e9e cette r\u00e9volution circassienne. Loin de l\u2019image traditionnelle du chapiteau et des acrobaties spectaculaires, le nouveau cirque est aujourd&rsquo;hui \u00e0 la crois\u00e9e des arts o\u00f9 il puise inspirations et sens. C\u2019est dans ce contexte artistique que <em>La nuit du cirque <\/em>s\u2019empare du num\u00e9rique pour nous transmettre sa passion. Avec ing\u00e9niosit\u00e9 et finesse, les acteurs de cet \u00e9v\u00e9nement combinent outils num\u00e9riques et arts vivants pour un r\u00e9sultat empli de po\u00e9sie.  <\/p>\n\n\n\n<h2 class=\"wp-block-heading\">Une soir\u00e9e d&rsquo;ouverture haute en couleurs<\/h2>\n\n\n\n<div class=\"wp-block-image\"><figure class=\"aligncenter is-resized\"><img loading=\"lazy\" decoding=\"async\" src=\"https:\/\/larevuedespectateurs.artecom.studio\/20201\/wp-content\/uploads\/sites\/3\/2020\/11\/sid.jpg\" alt=\"\" class=\"wp-image-468\" width=\"330\" height=\"496\" srcset=\"https:\/\/larevuedespectateurs.artecom.studio\/20201\/wp-content\/uploads\/sites\/3\/2020\/11\/sid.jpg 533w, https:\/\/larevuedespectateurs.artecom.studio\/20201\/wp-content\/uploads\/sites\/3\/2020\/11\/sid-200x300.jpg 200w\" sizes=\"auto, (max-width: 330px) 100vw, 330px\" \/><figcaption><em>Contre temps<\/em>, compagnie SID<\/figcaption><\/figure><\/div>\n\n\n\n<p>Vendredi 13 novembre \u00e0 21 heure, la soir\u00e9e de lancement de<em> La nuit du cirque<\/em> a lieu, pr\u00e9sent\u00e9e par Gwenn Buczkowski, Bambou Monnet, Victor Hollebecq, Emma Verbeke et Arthur Amouroux. Ces cinq artistes donnent le ton de la soir\u00e9e&nbsp;; l\u2019humour et la l\u00e9g\u00e8ret\u00e9 sont \u00e0 l\u2019honneur afin de d\u00e9compresser apr\u00e8s une longue semaine. La soir\u00e9e est un m\u00e9lange de d\u00e9couvertes et de rires. Ils nous ont d\u00e9voil\u00e9 quelques cr\u00e9ations circassiennes en cours, telles que <em>Contre-temps<\/em> de la compagnie SID, <em>Cadavre exquis<\/em> de la compagnie Ama ou encore <em>Robert n\u2019a pas de paillettes<\/em> d\u2019Arthur Sidoroff et Thomas Caillou, par le biais de teasers charg\u00e9s d\u2019\u00e9motions. Nous avons \u00e9galement eu la chance d\u2019aller de l\u2019autre c\u00f4t\u00e9 de la sc\u00e8ne, de voir les coulisses, les entra\u00eenements et les chutes. Si le but de cette soir\u00e9e \u00e9tait de nous donner envie d\u2019aller au th\u00e9\u00e2tre c\u2019est r\u00e9ussi.  <\/p>\n\n\n\n<h2 class=\"wp-block-heading\">Un samedi soir po\u00e9tique et engag\u00e9<\/h2>\n\n\n\n<p>Samedi 14 novembre, on nous d\u00e9voile plus de contenus artistiques.<em> La nuit du Cirque<\/em> num\u00e9rique s\u2019associe \u00e0 l\u2019\u00e9v\u00e9nement <em>Le Mans fait son cirque<\/em> pour nous proposer la web TV \u00ab Les Nuits du Cirque improvis\u00e9es \u2013 Plus Libre ! \u00bb. Cette soir\u00e9e est aussi retransmise sur la cha\u00eene de t\u00e9l\u00e9vision vi\u00e0LMtv Sarthe, en plus des canaux habituels (live Facebook et <em>direct<\/em> sur le<a href=\"https:\/\/lanuitducirque.com\/\"> site de l&rsquo;\u00e9v\u00e9nement<\/a> ). Johan Swartvagher et Samantha Lopez sont les pr\u00e9sentateur.ices de cette \u00e9mission et ponctuent la soir\u00e9e par leurs performances engag\u00e9es et philosophiques. En direct de la cit\u00e9 du Cirque du Mans, pendant trois heures, les spectacles se sont encha\u00een\u00e9s, entrecoup\u00e9s de rencontres avec des artistes et des acteur.ices de la culture. Le premier spectacle pr\u00e9sent\u00e9 \u00e9tait <em>Yin z\u00e9ro<\/em> de la compagnie Monad&nbsp;: un spectacle tout en po\u00e9sie de jonglage derviche. Ensuite ce f\u00fbt au tour de la parade nuptiale jongl\u00e9e de Fabrizio Solinas (<em>Little Garden&nbsp;: Safari Experience<\/em>). Ces deux spectacles ont \u00e9t\u00e9 enregistr\u00e9s au c\u0153ur du mus\u00e9e de Tess\u00e9 entre les tableaux et les pi\u00e8ces de collection. La soir\u00e9e s\u2019est ensuite poursuivie avec la compagnie La Triochka et leur trio acrobatique&nbsp;: <em>Top Down<\/em>. Enfin, pour conclure la soir\u00e9e, la cit\u00e9 du cirque a accueilli sur le plateau un concert surprise du groupe de psych\u00e9 d\u00e9sorientale, Taxi Kebab. <\/p>\n\n\n\n<figure class=\"wp-block-embed-youtube aligncenter wp-block-embed is-type-video is-provider-youtube wp-embed-aspect-16-9 wp-has-aspect-ratio\"><div class=\"wp-block-embed__wrapper\">\n<iframe loading=\"lazy\" title=\"&quot;Yin z\u00e9ro&quot; - Trailer\" width=\"800\" height=\"450\" src=\"https:\/\/www.youtube.com\/embed\/zi0qesGHQ_E?feature=oembed\" frameborder=\"0\" allow=\"accelerometer; autoplay; clipboard-write; encrypted-media; gyroscope; picture-in-picture\" allowfullscreen><\/iframe>\n<\/div><figcaption>Extrait du spectacle<em> Yin Zero<\/em> de la compagnie Monad<\/figcaption><\/figure>\n\n\n\n<h2 class=\"wp-block-heading\"><em>Une balle dans le pied<\/em>: la place du num\u00e9rique dans le spectacle vivant<\/h2>\n\n\n\n<p>Pour cette derni\u00e8re soir\u00e9e, Pauline Dau et Mathieu Despoisse, circassien.nes, nous offre une r\u00e9flexion sur la place du num\u00e9rique dans le spectacle vivant avec leur film <em>Une balle dans le pied<\/em>.  Ce film a \u00e9t\u00e9 tourn\u00e9 et mont\u00e9 entre le 10 et le 14 novembre 2020. Tout commence par le texte et l&rsquo;id\u00e9e originale de S\u00e9bastien Le Guen de la compagnie Lonely Circus, \u00ab \u00c9cran noir pour La nuit du Cirque \u00bb. C&rsquo;est une dr\u00f4le mani\u00e8re de conclure <em>La Nuit du Cirque<\/em>, en questionnant la l\u00e9gitimit\u00e9 de cette version num\u00e9rique. C&rsquo;est une conclusion int\u00e9ressante qui nous permet de r\u00e9fl\u00e9chir au contexte actuel de la culture et \u00e0 notre mani\u00e8re \u00e0 tous de nous r\u00e9approprier les arts vivants pour qu&rsquo;ils continuent \u00e0 vivre. <\/p>\n","protected":false},"excerpt":{"rendered":"<p>Cette ann\u00e9e La Nuit du Cirque sera num\u00e9rique ou ne sera pas. Du 13 au 15 novembre, des artistes circassien.nes<\/p>\n","protected":false},"author":31,"featured_media":470,"comment_status":"closed","ping_status":"open","sticky":false,"template":"","format":"standard","meta":{"colormag_page_container_layout":"default_layout","colormag_page_sidebar_layout":"default_layout","footnotes":""},"categories":[28,10,7,4],"tags":[],"class_list":["post-430","post","type-post","status-publish","format-standard","has-post-thumbnail","hentry","category-a-la-une2","category-festival","category-site-web-culturel","category-spectacle-vivant"],"_links":{"self":[{"href":"https:\/\/larevuedespectateurs.artecom.studio\/20201\/wp-json\/wp\/v2\/posts\/430","targetHints":{"allow":["GET"]}}],"collection":[{"href":"https:\/\/larevuedespectateurs.artecom.studio\/20201\/wp-json\/wp\/v2\/posts"}],"about":[{"href":"https:\/\/larevuedespectateurs.artecom.studio\/20201\/wp-json\/wp\/v2\/types\/post"}],"author":[{"embeddable":true,"href":"https:\/\/larevuedespectateurs.artecom.studio\/20201\/wp-json\/wp\/v2\/users\/31"}],"replies":[{"embeddable":true,"href":"https:\/\/larevuedespectateurs.artecom.studio\/20201\/wp-json\/wp\/v2\/comments?post=430"}],"version-history":[{"count":10,"href":"https:\/\/larevuedespectateurs.artecom.studio\/20201\/wp-json\/wp\/v2\/posts\/430\/revisions"}],"predecessor-version":[{"id":493,"href":"https:\/\/larevuedespectateurs.artecom.studio\/20201\/wp-json\/wp\/v2\/posts\/430\/revisions\/493"}],"wp:featuredmedia":[{"embeddable":true,"href":"https:\/\/larevuedespectateurs.artecom.studio\/20201\/wp-json\/wp\/v2\/media\/470"}],"wp:attachment":[{"href":"https:\/\/larevuedespectateurs.artecom.studio\/20201\/wp-json\/wp\/v2\/media?parent=430"}],"wp:term":[{"taxonomy":"category","embeddable":true,"href":"https:\/\/larevuedespectateurs.artecom.studio\/20201\/wp-json\/wp\/v2\/categories?post=430"},{"taxonomy":"post_tag","embeddable":true,"href":"https:\/\/larevuedespectateurs.artecom.studio\/20201\/wp-json\/wp\/v2\/tags?post=430"}],"curies":[{"name":"wp","href":"https:\/\/api.w.org\/{rel}","templated":true}]}}