{"id":418,"date":"2020-11-24T16:12:46","date_gmt":"2020-11-24T15:12:46","guid":{"rendered":"https:\/\/larevuedespectateurs.artecom.studio\/20201\/?p=418"},"modified":"2020-12-15T10:06:19","modified_gmt":"2020-12-15T09:06:19","slug":"derniere-exposition-avant-le-re-confinement-un-nouvel-eden","status":"publish","type":"post","link":"https:\/\/larevuedespectateurs.artecom.studio\/20201\/2020\/11\/24\/derniere-exposition-avant-le-re-confinement-un-nouvel-eden\/","title":{"rendered":"Derni\u00e8re exposition avant le re-confinement &#8211;                               Un Nouvel Eden"},"content":{"rendered":"\n<p style=\"text-align:left\">      <strong>Mercredi 28 Octobre 2020, le discours d\u2019Emmanuel Macron se profilant \u00e0 la fin de cette journ\u00e9e et les rumeurs allant bon train, nous d\u00e9cidons mon acolyte et moi, \u00e0 l\u2019or\u00e9e d\u2019un nouveau confinement ou d\u2019un couvre-feu plus strict, de nous rendre \u00e0 une derni\u00e8re exposition dans la vraie vie avant un probable retour devant nos \u00e9crans depuis nos lits.  <\/strong><\/p>\n\n\n\n<p style=\"text-align:left\">      En plein c\u0153ur de Toulouse, non loin d\u2019une boutique pleine de tintin et d\u2019un caf\u00e9 plein de chats, se trouve rue des Chalande la Galerie 3.1. En ces murs, se tenait ce jour-l\u00e0 et ce depuis le 15 Septembre l\u2019exposition \u201cUn Nouvel Eden ?\u201d organis\u00e9e dans le cadre de Les Arts en Balade. Cette exposition collective rassemblant pas moins de 7 artistes, peintres et graphistes contemporains nous pr\u00e9sentent une interrogation partag\u00e9e par ces mercenaires \u00e0 la sortie du confinement de Mai. <\/p>\n\n\n\n<p>En effet, ces artistes questionnent la cr\u00e9ation d\u2019un nouvel Eden, un paradis sur Terre. Existe-t-il, si oui, o\u00f9 se trouve-t-il, si non, doit-il \u00eatre cr\u00e9\u00e9 et de quelle mani\u00e8re serait-il? Ils s\u2019interrogent sur la question de comment le regardeur et le faiseur cherchent \u00e0 d\u00e9couvrir et \u00e0 inventer un eldorado, un lieu de d\u00e9lices propre \u00e0 chacun o\u00f9 nous pourrions vivre.&nbsp;Tant\u00f4t par des paysages de monde nouveau ou idyllique, des sc\u00e8nes d\u2019instants de vie seul ou partag\u00e9, des personnages hybrides ou des natures mortes imaginaires, cette exposition fusionne et fait cohabiter les \u0153uvres de ces diff\u00e9rents artistes.&nbsp;  <\/p>\n\n\n\n<p>Les tableaux dialoguent entre eux tant par l\u2019accrochage choisi que par le questionnement d\u2019ensemble partag\u00e9.&nbsp; Ci-dessous par exemple, ces deux tableaux sont plac\u00e9s l\u2019un en face de l\u2019autre dans la salle, les faisant se regarder dans les yeux. Mettant alors en exergue la notion de ce besoin de compagnie et de pr\u00e9sence de l\u2019autre qui a pu se d\u00e9gager durant le confinement.&nbsp; <\/p>\n\n\n\n<figure class=\"wp-block-image is-resized\"><img loading=\"lazy\" decoding=\"async\" src=\"https:\/\/larevuedespectateurs.artecom.studio\/20201\/wp-content\/uploads\/sites\/3\/2020\/11\/Sans-titre-2.jpg\" alt=\"\" class=\"wp-image-517\" width=\"962\" height=\"680\" srcset=\"https:\/\/larevuedespectateurs.artecom.studio\/20201\/wp-content\/uploads\/sites\/3\/2020\/11\/Sans-titre-2.jpg 842w, https:\/\/larevuedespectateurs.artecom.studio\/20201\/wp-content\/uploads\/sites\/3\/2020\/11\/Sans-titre-2-300x212.jpg 300w, https:\/\/larevuedespectateurs.artecom.studio\/20201\/wp-content\/uploads\/sites\/3\/2020\/11\/Sans-titre-2-768x543.jpg 768w\" sizes=\"auto, (max-width: 962px) 100vw, 962px\" \/><figcaption>Sans Titre, technique mixte sur papier marougl\u00e9 sur toile, 100x80cm, 2016 &#8211; Sans Titre, technique mixte sur papier maroufl\u00e9 sur toile, 70x50cm, 2017 <br>Marie-H\u00e9l\u00e8ne Carcanague<\/figcaption><\/figure>\n\n\n\n<h2 class=\"wp-block-heading\">Les + de la galerie<\/h2>\n\n\n\n<blockquote class=\"wp-block-quote is-layout-flow wp-block-quote-is-layout-flow\"><p> \u201cImplant\u00e9e au c\u0153ur de Toulouse, nous voulons que cette galerie soit plus que jamais un lieu de vie, d\u2019\u00e9change, de rencontre, de d\u00e9couverte. C\u2019est une ambition g\u00e9n\u00e9reuse que nous appuyons sur deux convictions : la culture est un besoin de l\u2019homme que nous devons en tout temps prendre en compte.\u201d   Georges M\u00e9ric, Pr\u00e9sident du Conseil d\u00e9partemental de la Haute Garonne <\/p><\/blockquote>\n\n\n\n<p>      A notre arriv\u00e9e dans la galerie nous sommes accueillies par une guide du lieu, cette derni\u00e8re nous explique le sujet de l\u2019exposition, comment celle-ci a pu \u00eatre pens\u00e9e et nous donne le plan de l\u2019accrochage et la plaquette de la galerie avant de nous laisser d\u00e9ambuler parmi les \u0153uvres.  La Galerie 3.1 organise tous les jeudis sur r\u00e9servation une possibilit\u00e9 de m\u00e9diation. Le m\u00e9diateur pr\u00e9sente alors l\u2019exposition du moment, les \u0153uvres, l\u2019axe de cr\u00e9ation de l\u2019artiste mais explique aussi comment est con\u00e7ue et organis\u00e9e une exposition de la rencontre avec l\u2019artiste \u00e0 la mani\u00e8re d\u2019exposer son travail.&nbsp;Les cartes professionnelles des artistes sont mises \u00e0 disposition pour retrouver leur coordonn\u00e9es, leur site ou Instagram et leur num\u00e9ro de t\u00e9l\u00e9phone pour toutes commandes \u00e9ventuelles permettant alors une d\u00e9couverte de ces artistes et la mise en visibilit\u00e9 de leurs \u0153uvres. Cela renforce donc le souhait de la galerie 3.1 qui est avant tout de partager la culture et de donner une place aux jeunes artistes et \u00e0 leur dynamisme dans le monde contemporain. <br> <\/p>\n\n\n\n<blockquote class=\"wp-block-quote is-layout-flow wp-block-quote-is-layout-flow\"><p> \u201cLa Galerie 3.1 porte un regard attentif au dynamisme de la jeune cr\u00e9ation et aux artistes qui interrogent le monde contemporain. Donner la culture en partage, c\u2019est faire circuler les \u0153uvres, les donner en d\u00e9couverte.\u201d   Anne Boyer, Vice-Pr\u00e9sidente du Conseil d\u00e9partemental de la Haute-Garonne en charge de la Culture  <\/p><\/blockquote>\n\n\n\n<h4 class=\"wp-block-heading\"> Petit couac vite \u00e9clips\u00e9 <\/h4>\n\n\n\n<p style=\"text-align:left\">      Pour cette exposition, le choix d\u2019accrochage a \u00e9t\u00e9 de ne pas mettre de cartel sous les \u0153uvres. Seul moyen de se rep\u00e9rer : le plan de la brochure. Chaque tableau repr\u00e9sent\u00e9 par un rectangle noir est notifi\u00e9 d\u2019un num\u00e9ro. Chaque num\u00e9ro correspondant \u00e0 une annotation sur le c\u00f4t\u00e9 du plan avec le titre et la taille de l&rsquo;\u0153uvre ainsi que les mat\u00e9riaux utilis\u00e9s. Je me suis surprise plusieurs fois, au milieu de la galerie avec mon plan dans les mains \u00e0 estimer o\u00f9 je me situais et \u00e0 chercher devant quelle \u0153uvre je me trouvais, coupant alors ma d\u00e9ambulation et ma r\u00e9flexion devant les tableaux.&nbsp; Cependant, avec du recul en quittant les lieux je me demande si ce que je croyais \u00eatre une fausse note peut en r\u00e9alit\u00e9 \u00eatre un d\u00e9sir d\u2019accrochage. Il faut peut-\u00eatre y voir une volont\u00e9 pens\u00e9e par les artistes, de d\u00e9sorientation, de manque de rep\u00e8res pouvant nous rappeler l\u2019atmosph\u00e8re dans laquelle nous avons pu baigner durant le premier confinement. Nous amenant donc \u00e0 trouver un moyen de s\u2019y retrouver, que \u00e7a soit seul ou \u00e0 l\u2019aide des autres autour de nous.  <\/p>\n\n\n\n<div class=\"wp-block-image\"><figure class=\"alignright is-resized\"><img loading=\"lazy\" decoding=\"async\" src=\"https:\/\/larevuedespectateurs.artecom.studio\/20201\/wp-content\/uploads\/sites\/3\/2020\/11\/IMG_20201028_160357-1-805x1024.jpg\" alt=\"\" class=\"wp-image-515\" width=\"351\" height=\"446\" srcset=\"https:\/\/larevuedespectateurs.artecom.studio\/20201\/wp-content\/uploads\/sites\/3\/2020\/11\/IMG_20201028_160357-1-805x1024.jpg 805w, https:\/\/larevuedespectateurs.artecom.studio\/20201\/wp-content\/uploads\/sites\/3\/2020\/11\/IMG_20201028_160357-1-236x300.jpg 236w, https:\/\/larevuedespectateurs.artecom.studio\/20201\/wp-content\/uploads\/sites\/3\/2020\/11\/IMG_20201028_160357-1-768x977.jpg 768w\" sizes=\"auto, (max-width: 351px) 100vw, 351px\" \/><figcaption>Granite, huile sur toile, 110x90cm, 2020<br>Emilie Payros<\/figcaption><\/figure><\/div>\n\n\n\n<p>       Les autres, les endroits o\u00f9 l\u2019on peut se sentir bien, cet Eden, est mis en valeur avec des paysages idylliques, bucoliques ou m\u00e9lancoliques, parfois d\u2019instant de vie seul ou accompagn\u00e9. Le th\u00e8me global qui r\u00e8gne au sein de cette exposition peut alors nous ramener \u00e0 cette interrogation d\u2019actualit\u00e9 : O\u00f9 nous sentons-nous le mieux, avec qui, comment faire pour vivre sereinement un autre enfermement mais plus imp\u00e9rativement, comment et o\u00f9 vivre sereinement au sortir des p\u00e9rip\u00e9ties mondiales d\u2019aujourd\u2019hui. Une mani\u00e8re de retourner en confinement avec un certain espoir pour l&rsquo;avenir. <\/p>\n\n\n\n<p> Artistes de l\u2019exposition : <a href=\"http:\/\/peinture.carcanague.fr\/\">Marie-H\u00e9l\u00e8ne Carcanague<\/a> , <a href=\"https:\/\/mariecarnevale.org\/\">Marie Carn\u00e9val\u00e9<\/a>, <a href=\"https:\/\/federicodedionigi.com\/\">Feredico Dedionigi<\/a>, <a href=\"https:\/\/titoskontou.wixsite.com\/artiste\">Titos Kontou <\/a>, <a href=\"https:\/\/judithlatino.com\/\">Judith Latino <\/a>, <a href=\"https:\/\/www.emiliepayros.com\/\">Emilie Payros,<\/a> Line Tin\u00e9 Chassagne&nbsp;  <\/p>\n\n\n\n<p>7 rue Jules Chalande \u2013 31000 Toulouse  05 34 45 58 30 <\/p>\n\n\n\n<p><a href=\"https:\/\/cultures.haute-garonne.fr\/expositions\/\">cultures.haute-garonne.fr<\/a><\/p>\n\n\n\n<p>\n\n05 34 45 58 30 \n\n<\/p>\n\n\n\n<p>M\u00e9tro \u2013 Ligne A Station Capitole, Esquirol<\/p>\n\n\n\n<p>Du mardi au Vendredi de 10h \u00e0 17h,  Le Samedi de 12h \u00e0 18h <\/p>\n\n\n\n<p><\/p>\n\n\n\n<p>Laura Caval<br><\/p>\n","protected":false},"excerpt":{"rendered":"<p>Mercredi 28 Octobre 2020, le discours d\u2019Emmanuel Macron se profilant \u00e0 la fin de cette journ\u00e9e et les rumeurs allant<\/p>\n","protected":false},"author":52,"featured_media":503,"comment_status":"closed","ping_status":"open","sticky":false,"template":"","format":"standard","meta":{"colormag_page_container_layout":"no_sidebar_content_centered","colormag_page_sidebar_layout":"no_sidebar","footnotes":""},"categories":[5],"tags":[],"class_list":["post-418","post","type-post","status-publish","format-standard","has-post-thumbnail","hentry","category-exposition"],"_links":{"self":[{"href":"https:\/\/larevuedespectateurs.artecom.studio\/20201\/wp-json\/wp\/v2\/posts\/418","targetHints":{"allow":["GET"]}}],"collection":[{"href":"https:\/\/larevuedespectateurs.artecom.studio\/20201\/wp-json\/wp\/v2\/posts"}],"about":[{"href":"https:\/\/larevuedespectateurs.artecom.studio\/20201\/wp-json\/wp\/v2\/types\/post"}],"author":[{"embeddable":true,"href":"https:\/\/larevuedespectateurs.artecom.studio\/20201\/wp-json\/wp\/v2\/users\/52"}],"replies":[{"embeddable":true,"href":"https:\/\/larevuedespectateurs.artecom.studio\/20201\/wp-json\/wp\/v2\/comments?post=418"}],"version-history":[{"count":42,"href":"https:\/\/larevuedespectateurs.artecom.studio\/20201\/wp-json\/wp\/v2\/posts\/418\/revisions"}],"predecessor-version":[{"id":1022,"href":"https:\/\/larevuedespectateurs.artecom.studio\/20201\/wp-json\/wp\/v2\/posts\/418\/revisions\/1022"}],"wp:featuredmedia":[{"embeddable":true,"href":"https:\/\/larevuedespectateurs.artecom.studio\/20201\/wp-json\/wp\/v2\/media\/503"}],"wp:attachment":[{"href":"https:\/\/larevuedespectateurs.artecom.studio\/20201\/wp-json\/wp\/v2\/media?parent=418"}],"wp:term":[{"taxonomy":"category","embeddable":true,"href":"https:\/\/larevuedespectateurs.artecom.studio\/20201\/wp-json\/wp\/v2\/categories?post=418"},{"taxonomy":"post_tag","embeddable":true,"href":"https:\/\/larevuedespectateurs.artecom.studio\/20201\/wp-json\/wp\/v2\/tags?post=418"}],"curies":[{"name":"wp","href":"https:\/\/api.w.org\/{rel}","templated":true}]}}