{"id":3550,"date":"2022-02-20T17:12:17","date_gmt":"2022-02-20T16:12:17","guid":{"rendered":"https:\/\/larevuedespectateurs.artecom.studio\/20201\/?p=3550"},"modified":"2022-02-20T17:13:27","modified_gmt":"2022-02-20T16:13:27","slug":"focus-sur-lexposition-renaissance","status":"publish","type":"post","link":"https:\/\/larevuedespectateurs.artecom.studio\/20201\/2022\/02\/20\/focus-sur-lexposition-renaissance\/","title":{"rendered":"FOCUS SUR L&rsquo;EXPOSITION \u00ab\u00a0RENAISSANCE\u00a0\u00bb"},"content":{"rendered":"\n<p class=\"has-text-color has-vivid-cyan-blue-color\">De la Cit\u00e9 des sciences et de l&rsquo;industrie, Paris.<\/p>\n\n\n\n<figure class=\"wp-block-embed-youtube wp-block-embed is-type-video is-provider-youtube wp-embed-aspect-16-9 wp-has-aspect-ratio\"><div class=\"wp-block-embed__wrapper\">\n<iframe loading=\"lazy\" title=\"Renaissances, une exp\u00e9rience en ligne\" width=\"800\" height=\"450\" src=\"https:\/\/www.youtube.com\/embed\/Un9vPLGIqo8?feature=oembed\" frameborder=\"0\" allow=\"accelerometer; autoplay; clipboard-write; encrypted-media; gyroscope; picture-in-picture\" allowfullscreen><\/iframe>\n<\/div><\/figure>\n\n\n\n<div style=\"height:20px\" aria-hidden=\"true\" class=\"wp-block-spacer\"><\/div>\n\n\n\n<p style=\"background-color:#3e8bbb\" class=\"has-text-color has-background has-very-light-gray-color\"><strong>Nous imaginons tous le monde de demain, dans les pires et les meilleurs sc\u00e9narios. Un ensemble de fabulations que nous nous racontons pour nous rassurer ou nous faire peur. Mais qu\u2019en est-il si nous \u00e9tudions r\u00e9ellement les possibilit\u00e9s que nous offre notre futur proche ? C\u2019est ce que l\u2019exposition Renaissance \u00e0 la Cit\u00e9 des Sciences et de l\u2019Industrie de Paris la Villette nous propose. <\/strong><\/p>\n\n\n\n<div class=\"wp-block-columns has-2-columns is-layout-flex wp-container-core-columns-is-layout-28f84493 wp-block-columns-is-layout-flex\">\n<div class=\"wp-block-column is-layout-flow wp-block-column-is-layout-flow\">\n<p style=\"text-align:left\" class=\"has-drop-cap\">Entre les perturbations environnementales, soci\u00e9tales et sanitaires actuelles une m\u00e9fiance, voire une peur, s\u2019est install\u00e9e dans les conversations, m\u00e9dias ou encore les r\u00e9seaux sociaux. Ce que les chercheur de la CDSI proposent au public au travers de cette exposition c\u2019est avant tout une analyse scientifique transdisciplinaire, et une exp\u00e9rience \u00e9motionnelle forte o\u00f9 chacun peut exprimer ses peurs, ses angoisses, et peut \u00eatre se sentir rassurer.  <\/p>\n<\/div>\n\n\n\n<div class=\"wp-block-column is-layout-flow wp-block-column-is-layout-flow\">\n<div class=\"wp-block-image\"><figure class=\"aligncenter is-resized\"><img loading=\"lazy\" decoding=\"async\" src=\"https:\/\/larevuedespectateurs.artecom.studio\/20201\/wp-content\/uploads\/sites\/3\/2022\/02\/maxresdefault-1-1024x576.jpg\" alt=\"\" class=\"wp-image-3558\" width=\"418\" height=\"235\" srcset=\"https:\/\/larevuedespectateurs.artecom.studio\/20201\/wp-content\/uploads\/sites\/3\/2022\/02\/maxresdefault-1-1024x576.jpg 1024w, https:\/\/larevuedespectateurs.artecom.studio\/20201\/wp-content\/uploads\/sites\/3\/2022\/02\/maxresdefault-1-300x169.jpg 300w, https:\/\/larevuedespectateurs.artecom.studio\/20201\/wp-content\/uploads\/sites\/3\/2022\/02\/maxresdefault-1-768x432.jpg 768w, https:\/\/larevuedespectateurs.artecom.studio\/20201\/wp-content\/uploads\/sites\/3\/2022\/02\/maxresdefault-1.jpg 1280w\" sizes=\"auto, (max-width: 418px) 100vw, 418px\" \/><\/figure><\/div>\n<\/div>\n<\/div>\n\n\n\n<p>Dans un premier temps, on arrive dans l\u2019exposition avec un r\u00e9capitulatif des actualit\u00e9s de ces derni\u00e8res ann\u00e9es sur de grands panneaux. Puis, ce qui est frappant de loin, un amas humain autour de l\u2019entr\u00e9e. En effet, un dispositif num\u00e9rique \u00e0 \u00e9t\u00e9 mis en place, une application mobile qu\u2019il faut scanner, hors, celle-ci \u00e0 l\u2019aire assez compliqu\u00e9e \u00e0 installer surtout que le r\u00e9seau est moindre \u00e0 l\u2019int\u00e9rieur en fonction des op\u00e9rateurs, entra\u00eenant cette foule compact \u00e0 l\u2019entr\u00e9e.\u00a0<\/p>\n\n\n\n<p>On p\u00e9n\u00e8tre ensuite dans une sorte de for\u00eat reconstitu\u00e9e pour chercher avec cette m\u00eame application certains objets. Partie que la structure appelle \u201cImaginaires et for\u00eats\u201d. Ces objets auraient pour vocations de nous aider \u00e0 survivre dans ce milieu, comme dans l\u2019imaginaire collectif d\u2019un grand nombre. La r\u00e9alit\u00e9 quand vous n\u2019arrivez pas \u00e0 participer \u00e0 l\u2019exposition \u00e0 cause de votre connexion ou des autres usagers prenant la bande passante : Vous verrez surtout une groupe s&rsquo;agglutiner sur un panneau pour venir scanner le code, sans s\u00e9curit\u00e9, pas tr\u00e8s Covid diront certains, et qui ensuite ne s\u2019en d\u00e9collent pas avant d\u2019avoir fini de param\u00e9trer leur application. Ensuite, on nous vend cette activit\u00e9 comme une reconnexion \u00e0 la nature mais c\u2019est assez paradoxale, ayant plus l\u2019impression de voir nos habitudes de d\u00e9ambulation, le nez coll\u00e9 \u00e0 son smartphone sans prendre conscience de ce qui nous entoure.<br><\/p>\n\n\n\n<p>Quand on continue l\u2019exposition dans son parcours de visite, celui-ci \u00e9tant bien d\u00e9fini d\u2019ailleurs, laissant peu de place au visiteur vagabond on y sent l\u2019envie de contr\u00f4ler le flux d\u2019informations et son ordre qui va arriver \u00e0 celui-ci. On tombe finalement sur un cin\u00e9ma dans lequel un film \u00e0 choix multiples est projet\u00e9. Celui-ci est une r\u00e9alisation du site sur un mode apocalyptique, nous montrant une famille qui veut fuir la ville pour se retrouver \u00e0 la campagne. Il nous met en face de certains choix que l\u2019esp\u00e8ce devra faire pour survivre comme abandonner une personne qui \u00e0 aid\u00e9 votre famille \u00e0 s\u2019en sortir, partir de son logis, etc. Une reconstitution habituelle et anxiog\u00e8ne de ce que nous pouvons voir \u00e0 la t\u00e9l\u00e9vision ou dans les m\u00e9dias.&nbsp;<br><\/p>\n\n\n\n<p>La suite de la visite se fait sur une pause, une respiration m\u00eame, tout comme le sujet qui l\u2019accompagne. Dans tant de sujet angoissant, une aventure auditive est propos\u00e9e aux visiteurs. Allong\u00e9s sur des sofa, un casque sur la t\u00eate, un narrateur leur pr\u00e9sente la r\u00e9silience de l\u2019humanit\u00e9. Un futur o\u00f9 celle-ci s&rsquo;est adapt\u00e9e aux changements, avec des sacrifices mais surtout une d\u00e9cision collective de ce que pourrait \u00eatre leur nouvel \u00e9quilibre. Une bonne mani\u00e8re de conclure une exposition sur le futur. Nous sommes tellement habitu\u00e9s \u00e0 cette vision cataclysmique que nous en oublions parfois que l\u2019homme \u00e0 toujours su s\u2019adapter pour survivre, une bonne le\u00e7on de la part des concepteurs de l\u2019exposition.&nbsp;<br><\/p>\n\n\n\n<p>Sur cette m\u00eame note, des activit\u00e9s sont pr\u00e9sent\u00e9es \u00e0 la fin du parcours de visite. On retrouve un questionnaire pour savoir si vous \u00eates plus positiviste ou n\u00e9gativiste vis \u00e0 vis des grands changements qui s&rsquo;op\u00e8rent. Ou encore, bien plus int\u00e9ressant \u00e0 mon sens, un tableau num\u00e9rique avec des cases o\u00f9 chacun pour s\u2019exprimer sur ce qu\u2019il ressent par rapport au futur, au travers de mots, phrases, dessins\u2026 Qui sont ensuite affich\u00e9s \u00e0 la vue de tous sous forme d&rsquo;\u0153uvre collective. Lors de notre visite, des usagers nous ont m\u00eame rapport\u00e9s \u201cc\u2019est sur \u00e7a qu\u2019il faudrait faire une \u00e9tude\u201d. Une bonne initiative de la part de la cit\u00e9 des sciences, c\u2019est juste dommage qu\u2019elle ne trouve pas une autre utilit\u00e9 qu\u2019\u00e0 \u00eatre expos\u00e9e dans ce lieu le temps de l\u2019exposition.&nbsp;<br><\/p>\n\n\n\n<ul class=\"wp-block-gallery columns-3 is-cropped wp-block-gallery-1 is-layout-flex wp-block-gallery-is-layout-flex\"><li class=\"blocks-gallery-item\"><figure><img loading=\"lazy\" decoding=\"async\" width=\"1024\" height=\"1024\" src=\"https:\/\/larevuedespectateurs.artecom.studio\/20201\/wp-content\/uploads\/sites\/3\/2022\/02\/4055-\u252c\u00aePh-Levy-EPPDCSI-15-1200x1200-1024x1024.jpg\" alt=\"\" data-id=\"3559\" data-link=\"https:\/\/larevuedespectateurs.artecom.studio\/20201\/?attachment_id=3559\" class=\"wp-image-3559\" srcset=\"https:\/\/larevuedespectateurs.artecom.studio\/20201\/wp-content\/uploads\/sites\/3\/2022\/02\/4055-\u252c\u00aePh-Levy-EPPDCSI-15-1200x1200-1024x1024.jpg 1024w, https:\/\/larevuedespectateurs.artecom.studio\/20201\/wp-content\/uploads\/sites\/3\/2022\/02\/4055-\u252c\u00aePh-Levy-EPPDCSI-15-1200x1200-150x150.jpg 150w, https:\/\/larevuedespectateurs.artecom.studio\/20201\/wp-content\/uploads\/sites\/3\/2022\/02\/4055-\u252c\u00aePh-Levy-EPPDCSI-15-1200x1200-300x300.jpg 300w, https:\/\/larevuedespectateurs.artecom.studio\/20201\/wp-content\/uploads\/sites\/3\/2022\/02\/4055-\u252c\u00aePh-Levy-EPPDCSI-15-1200x1200-768x768.jpg 768w, https:\/\/larevuedespectateurs.artecom.studio\/20201\/wp-content\/uploads\/sites\/3\/2022\/02\/4055-\u252c\u00aePh-Levy-EPPDCSI-15-1200x1200.jpg 1200w\" sizes=\"auto, (max-width: 1024px) 100vw, 1024px\" \/><\/figure><\/li><li class=\"blocks-gallery-item\"><figure><img loading=\"lazy\" decoding=\"async\" width=\"1024\" height=\"683\" src=\"https:\/\/larevuedespectateurs.artecom.studio\/20201\/wp-content\/uploads\/sites\/3\/2022\/02\/701538-renaissances-l-exposition-sur-un-futur-optimiste-a-la-cite-des-sciences-prolongations-1024x683.jpg\" alt=\"\" data-id=\"3560\" data-link=\"https:\/\/larevuedespectateurs.artecom.studio\/20201\/?attachment_id=3560\" class=\"wp-image-3560\" srcset=\"https:\/\/larevuedespectateurs.artecom.studio\/20201\/wp-content\/uploads\/sites\/3\/2022\/02\/701538-renaissances-l-exposition-sur-un-futur-optimiste-a-la-cite-des-sciences-prolongations-1024x683.jpg 1024w, https:\/\/larevuedespectateurs.artecom.studio\/20201\/wp-content\/uploads\/sites\/3\/2022\/02\/701538-renaissances-l-exposition-sur-un-futur-optimiste-a-la-cite-des-sciences-prolongations-300x200.jpg 300w, https:\/\/larevuedespectateurs.artecom.studio\/20201\/wp-content\/uploads\/sites\/3\/2022\/02\/701538-renaissances-l-exposition-sur-un-futur-optimiste-a-la-cite-des-sciences-prolongations-768x512.jpg 768w, https:\/\/larevuedespectateurs.artecom.studio\/20201\/wp-content\/uploads\/sites\/3\/2022\/02\/701538-renaissances-l-exposition-sur-un-futur-optimiste-a-la-cite-des-sciences-prolongations.jpg 1800w\" sizes=\"auto, (max-width: 1024px) 100vw, 1024px\" \/><\/figure><\/li><li class=\"blocks-gallery-item\"><figure><img loading=\"lazy\" decoding=\"async\" width=\"496\" height=\"387\" src=\"https:\/\/larevuedespectateurs.artecom.studio\/20201\/wp-content\/uploads\/sites\/3\/2022\/02\/PlanExpo.png\" alt=\"\" data-id=\"3562\" data-link=\"https:\/\/larevuedespectateurs.artecom.studio\/20201\/?attachment_id=3562\" class=\"wp-image-3562\" srcset=\"https:\/\/larevuedespectateurs.artecom.studio\/20201\/wp-content\/uploads\/sites\/3\/2022\/02\/PlanExpo.png 496w, https:\/\/larevuedespectateurs.artecom.studio\/20201\/wp-content\/uploads\/sites\/3\/2022\/02\/PlanExpo-300x234.png 300w\" sizes=\"auto, (max-width: 496px) 100vw, 496px\" \/><\/figure><\/li><\/ul>\n\n\n\n<div style=\"height:100px\" aria-hidden=\"true\" class=\"wp-block-spacer\"><\/div>\n\n\n\n<p>Vous pouvez \u00e9galement retrouver cette exposition en ligne sur leur site, une version y a \u00e9t\u00e9 num\u00e9ris\u00e9e au prix de 3,90 \u20ac : <a href=\"https:\/\/www.cite-sciences.fr\/fr\/au-programme\/expos-temporaires\/renaissances\/\">https:\/\/www.cite-sciences.fr\/fr\/au-programme\/expos-temporaires\/renaissances\/<\/a><br><\/p>\n\n\n\n<p><\/p>\n","protected":false},"excerpt":{"rendered":"<p>De la Cit\u00e9 des sciences et de l&rsquo;industrie, Paris. Nous imaginons tous le monde de demain, dans les pires et<\/p>\n","protected":false},"author":33,"featured_media":0,"comment_status":"closed","ping_status":"open","sticky":false,"template":"","format":"standard","meta":{"colormag_page_container_layout":"no_sidebar_full_width","colormag_page_sidebar_layout":"no_sidebar","footnotes":""},"categories":[1],"tags":[],"class_list":["post-3550","post","type-post","status-publish","format-standard","hentry","category-non-classe"],"_links":{"self":[{"href":"https:\/\/larevuedespectateurs.artecom.studio\/20201\/wp-json\/wp\/v2\/posts\/3550","targetHints":{"allow":["GET"]}}],"collection":[{"href":"https:\/\/larevuedespectateurs.artecom.studio\/20201\/wp-json\/wp\/v2\/posts"}],"about":[{"href":"https:\/\/larevuedespectateurs.artecom.studio\/20201\/wp-json\/wp\/v2\/types\/post"}],"author":[{"embeddable":true,"href":"https:\/\/larevuedespectateurs.artecom.studio\/20201\/wp-json\/wp\/v2\/users\/33"}],"replies":[{"embeddable":true,"href":"https:\/\/larevuedespectateurs.artecom.studio\/20201\/wp-json\/wp\/v2\/comments?post=3550"}],"version-history":[{"count":10,"href":"https:\/\/larevuedespectateurs.artecom.studio\/20201\/wp-json\/wp\/v2\/posts\/3550\/revisions"}],"predecessor-version":[{"id":3566,"href":"https:\/\/larevuedespectateurs.artecom.studio\/20201\/wp-json\/wp\/v2\/posts\/3550\/revisions\/3566"}],"wp:attachment":[{"href":"https:\/\/larevuedespectateurs.artecom.studio\/20201\/wp-json\/wp\/v2\/media?parent=3550"}],"wp:term":[{"taxonomy":"category","embeddable":true,"href":"https:\/\/larevuedespectateurs.artecom.studio\/20201\/wp-json\/wp\/v2\/categories?post=3550"},{"taxonomy":"post_tag","embeddable":true,"href":"https:\/\/larevuedespectateurs.artecom.studio\/20201\/wp-json\/wp\/v2\/tags?post=3550"}],"curies":[{"name":"wp","href":"https:\/\/api.w.org\/{rel}","templated":true}]}}