{"id":3520,"date":"2022-01-16T19:13:39","date_gmt":"2022-01-16T18:13:39","guid":{"rendered":"https:\/\/larevuedespectateurs.artecom.studio\/20201\/?p=3520"},"modified":"2022-01-16T19:15:05","modified_gmt":"2022-01-16T18:15:05","slug":"la-mouette-de-tchekov-revisitee-par-cyril-teste-au-theatre-de-la-coursive","status":"publish","type":"post","link":"https:\/\/larevuedespectateurs.artecom.studio\/20201\/2022\/01\/16\/la-mouette-de-tchekov-revisitee-par-cyril-teste-au-theatre-de-la-coursive\/","title":{"rendered":"\u00ab\u00a0La Mouette\u00a0\u00bb de Tchekov, revisit\u00e9e par Cyril Teste au Th\u00e9\u00e2tre de La Coursive"},"content":{"rendered":"\n<p style=\"text-align:center\">Apr\u00e8s Festen en 2017, le th\u00e9\u00e2tre de la Coursive, sc\u00e8ne nationale de La Rochelle, nous a offert dans sa programmation une nouvelle pi\u00e8ce performance filmique du collectif MxM. <\/p>\n\n\n\n<p>L&rsquo;identit\u00e9 th\u00e9\u00e2trale du collectif Mxm se traduit autour de la performance filmique. Sur la sc\u00e8ne, un dispositif sc\u00e9nographique collabore entre d\u00e9cors et cyclorama. Les com\u00e9diens sont film\u00e9s, en direct, par des cameramans qui les suivent lors de leurs d\u00e9placement, le son et les images sont tourn\u00e9s et mix\u00e9s en live, sous les yeux du public. Nous avons donc le choix, en tant que spectateurs : voir les com\u00e9diens sur le plateau, comme n&rsquo;importe qu&rsquo;elle pi\u00e8ce de th\u00e9\u00e2tre, ou entrer dans leurs \u00e9motions avec des plans serr\u00e9s et des gros plans, que l&rsquo;on retrouve dans les codes d&rsquo;un montage cin\u00e9matographique. <\/p>\n\n\n\n<p><\/p>\n\n\n\n<div class=\"wp-block-columns has-2-columns is-layout-flex wp-container-core-columns-is-layout-28f84493 wp-block-columns-is-layout-flex\">\n<div class=\"wp-block-column is-layout-flow wp-block-column-is-layout-flow\">\n<figure class=\"wp-block-image\"><img decoding=\"async\" src=\"https:\/\/media.lesechos.com\/api\/v1\/images\/view\/60d9e7b3d286c25afa052419\/1280x720\/0611292273519-web-tete.jpg\" alt=\"La Mouette \u00bb en gros plan de Cyril Teste | Les Echos\" \/><figcaption>La Mouette, Cyril teste, 2021 \u00a9 Simon Gosselin<\/figcaption><\/figure>\n<\/div>\n\n\n\n<div class=\"wp-block-column is-layout-flow wp-block-column-is-layout-flow\">\n<figure class=\"wp-block-image is-resized\"><img loading=\"lazy\" decoding=\"async\" src=\"https:\/\/larevuedespectateurs.artecom.studio\/20201\/wp-content\/uploads\/sites\/3\/2022\/01\/image.jpeg\" alt=\"\" class=\"wp-image-3521\" width=\"452\" height=\"254\" \/><figcaption>Festen, Cyril Teste, 2017 \u00a9 Simon Gosselin<\/figcaption><\/figure>\n<\/div>\n<\/div>\n\n\n\n<p>La Mouette, d&rsquo;Anton Tchekov, est un classique de la litt\u00e9rature Th\u00e9\u00e2trale, qui traite de questions humaines autour de la famille, de l&rsquo;art ou encore de l&rsquo;amour. Il s&rsquo;agit de Konstantin, un jeune metteur en sc\u00e8ne, fils d&rsquo;une grande actrice, qui ne cesse de vouloir \u00eatre \u00e0 la hauteur de la r\u00e9ussite de sa m\u00e8re. Il est en parall\u00e8le amoureux d&rsquo;une jeune com\u00e9dienne, Nina, a qui il confit le r\u00f4le principal de sa pi\u00e8ce. Dans sa mise en sc\u00e8ne, Cyril Teste met en avant un sujet trop peu \u00e9voqu\u00e9 de la pi\u00e8ce, l&rsquo;amour fou d&rsquo;un fils pour sa m\u00e8re, la question du complexe oedipien. Gr\u00e2ce aux proc\u00e9d\u00e9s de performance filmique, le spectateur jongle entre les diff\u00e9rents points de vue propos\u00e9s par la mise en sc\u00e8ne. Nous entrons dans l&rsquo;intime, dans les visages et les corps, au plus proche des com\u00e9diens. Nous sommes les observateurs de ces conflits familiaux, nous nous introduisons chez eux gr\u00e2ce \u00e0 la cam\u00e9ra. Un paris r\u00e9ussi. <\/p>\n\n\n\n<p>Pourtant, ce dispositif peut poser probl\u00e8me. Le texte a une tr\u00e8s grande importance dans cette pi\u00e8ce, parfois nous pouvons vite nous noyer dans un flot d&rsquo;images et de mots, au point de perdre le fil. Pour une premi\u00e8re exp\u00e9rience th\u00e9\u00e2trale, ceci peut \u00eatre tr\u00e8s long et mal v\u00e9cu. <\/p>\n\n\n\n<p>Enfin, le th\u00e9\u00e2tre de la Coursive de la Rochelle fut une premi\u00e8re exp\u00e9rience pour ma part&#8230; et peut \u00eatre la derni\u00e8re. Du peut observer, les questions de l&rsquo;\u00e9largissement des publics et de leur fid\u00e9lisation ne semble pas \u00eatre une priorit\u00e9. Il est dommage de ne proposer des tarifs r\u00e9duits aux seuls habitants de la ville, par exemple. <\/p>\n\n\n\n<p>Malgr\u00e9 tout, cette exp\u00e9rience filmique est \u00e0 vivre au moins une fois, nous n&rsquo;en sortons pas indemne. <\/p>\n\n\n\n<figure class=\"wp-block-embed-youtube wp-block-embed is-type-video is-provider-youtube wp-embed-aspect-16-9 wp-has-aspect-ratio\"><div class=\"wp-block-embed__wrapper\">\n<iframe loading=\"lazy\" title=\"NEW SETTINGS #10 | Cyril Teste, &quot;LA MOUETTE&quot;\" width=\"800\" height=\"450\" src=\"https:\/\/www.youtube.com\/embed\/hsWzNupcprM?feature=oembed\" frameborder=\"0\" allow=\"accelerometer; autoplay; clipboard-write; encrypted-media; gyroscope; picture-in-picture\" allowfullscreen><\/iframe>\n<\/div><\/figure>\n\n\n\n<p style=\"text-align:right\">Chloe Dauzats <\/p>\n","protected":false},"excerpt":{"rendered":"<p>Apr\u00e8s Festen en 2017, le th\u00e9\u00e2tre de la Coursive, sc\u00e8ne nationale de La Rochelle, nous a offert dans sa programmation<\/p>\n","protected":false},"author":28,"featured_media":0,"comment_status":"closed","ping_status":"open","sticky":false,"template":"","format":"standard","meta":{"colormag_page_container_layout":"no_sidebar_full_width","colormag_page_sidebar_layout":"no_sidebar","footnotes":""},"categories":[1,4],"tags":[],"class_list":["post-3520","post","type-post","status-publish","format-standard","hentry","category-non-classe","category-spectacle-vivant"],"_links":{"self":[{"href":"https:\/\/larevuedespectateurs.artecom.studio\/20201\/wp-json\/wp\/v2\/posts\/3520","targetHints":{"allow":["GET"]}}],"collection":[{"href":"https:\/\/larevuedespectateurs.artecom.studio\/20201\/wp-json\/wp\/v2\/posts"}],"about":[{"href":"https:\/\/larevuedespectateurs.artecom.studio\/20201\/wp-json\/wp\/v2\/types\/post"}],"author":[{"embeddable":true,"href":"https:\/\/larevuedespectateurs.artecom.studio\/20201\/wp-json\/wp\/v2\/users\/28"}],"replies":[{"embeddable":true,"href":"https:\/\/larevuedespectateurs.artecom.studio\/20201\/wp-json\/wp\/v2\/comments?post=3520"}],"version-history":[{"count":1,"href":"https:\/\/larevuedespectateurs.artecom.studio\/20201\/wp-json\/wp\/v2\/posts\/3520\/revisions"}],"predecessor-version":[{"id":3522,"href":"https:\/\/larevuedespectateurs.artecom.studio\/20201\/wp-json\/wp\/v2\/posts\/3520\/revisions\/3522"}],"wp:attachment":[{"href":"https:\/\/larevuedespectateurs.artecom.studio\/20201\/wp-json\/wp\/v2\/media?parent=3520"}],"wp:term":[{"taxonomy":"category","embeddable":true,"href":"https:\/\/larevuedespectateurs.artecom.studio\/20201\/wp-json\/wp\/v2\/categories?post=3520"},{"taxonomy":"post_tag","embeddable":true,"href":"https:\/\/larevuedespectateurs.artecom.studio\/20201\/wp-json\/wp\/v2\/tags?post=3520"}],"curies":[{"name":"wp","href":"https:\/\/api.w.org\/{rel}","templated":true}]}}