{"id":3473,"date":"2022-01-08T13:34:37","date_gmt":"2022-01-08T12:34:37","guid":{"rendered":"https:\/\/larevuedespectateurs.artecom.studio\/20201\/?p=3473"},"modified":"2022-01-08T13:34:37","modified_gmt":"2022-01-08T12:34:37","slug":"say-it-loud-ville-culture-et-communaute","status":"publish","type":"post","link":"https:\/\/larevuedespectateurs.artecom.studio\/20201\/2022\/01\/08\/say-it-loud-ville-culture-et-communaute\/","title":{"rendered":"Say it Loud : ville, culture et communaut\u00e9"},"content":{"rendered":"\n<p class=\"has-background has-very-light-gray-background-color\">Depuis 13 ans situ\u00e9 \u00e0 Barcelone, le festival coop\u00e9ratif de musique garde ses poings lev\u00e9s. <\/p>\n\n\n\n<p class=\"has-drop-cap\">N\u00e9 en 2008, \u00ab\u00a0Say it Loud !\u00a0\u00bb est un projet men\u00e9 par la coop\u00e9rative catalane <a href=\"http:\/\/quesoni.cat\/\">Quesoni<\/a> depuis 2008 qui d\u00e9fende l&rsquo;\u00e9conomie solidaire et qui a le but de cr\u00e9er des propositions culturelles alternatives au grand circuit massifi\u00e9 de Barcelone. Un autre objectif du cycle est de rapprocher des artistes internationaux qui n&rsquo;ont pas encore aterri sur le territoire, et de montrer que les propositions n\u00e9es de l&rsquo;\u00e9conomie sociale, faites dans des espaces publics sans grands partenariats, peuvent aussi \u00eatre r\u00e9f\u00e9rents dans l&rsquo;offre culturelle de la ville.<\/p>\n\n\n\n<h6 class=\"wp-block-heading\" style=\"text-align:left\"><strong>Adaptation et diversification de l&rsquo;offre<\/strong><\/h6>\n\n\n\n<div class=\"wp-block-media-text alignfull has-media-on-the-right\" style=\"grid-template-columns:auto 40%\"><figure class=\"wp-block-media-text__media\"><img loading=\"lazy\" decoding=\"async\" width=\"1024\" height=\"683\" src=\"https:\/\/larevuedespectateurs.artecom.studio\/20201\/wp-content\/uploads\/sites\/3\/2022\/01\/197189403_4178255975566775_299179020160020736_n-1024x683.jpg\" alt=\"\" class=\"wp-image-3476\" srcset=\"https:\/\/larevuedespectateurs.artecom.studio\/20201\/wp-content\/uploads\/sites\/3\/2022\/01\/197189403_4178255975566775_299179020160020736_n-1024x683.jpg 1024w, https:\/\/larevuedespectateurs.artecom.studio\/20201\/wp-content\/uploads\/sites\/3\/2022\/01\/197189403_4178255975566775_299179020160020736_n-300x200.jpg 300w, https:\/\/larevuedespectateurs.artecom.studio\/20201\/wp-content\/uploads\/sites\/3\/2022\/01\/197189403_4178255975566775_299179020160020736_n-768x512.jpg 768w, https:\/\/larevuedespectateurs.artecom.studio\/20201\/wp-content\/uploads\/sites\/3\/2022\/01\/197189403_4178255975566775_299179020160020736_n.jpg 1560w\" sizes=\"auto, (max-width: 1024px) 100vw, 1024px\" \/><\/figure><div class=\"wp-block-media-text__content\">\n<p> Le contexte sanitaire en 2020 n&rsquo;a pas permis la r\u00e9alisation du festival. Des activit\u00e9s parall\u00e8les ont \u00e9t\u00e9 pourtant mises en place afin de garder non seulement l&rsquo;offre culturelle, mais surtout d&rsquo;assurer le maintien du projet et les artistes locaux affect\u00e9s par la crise. Leur label discographique, <a href=\"https:\/\/sayitloudrecords.bandcamp.com\/\">Say It Loud ! Records<\/a>, et la vente de v\u00eatements de la marque du festival, par exemple, mobilisent des moyens pour r\u00e9aliser les trois jours de concert ou, comme il a fallu ensuite, les \u00e9ditions adapt\u00e9es. C&rsquo;\u00e9tait le cas des \u00ab\u00a0Edicions Musicals Limitades\u00a0\u00bb (d\u00e9but 2021), des petits concerts en format acoustique dans la libraire coop\u00e9rative autog\u00e9r\u00e9e <a href=\"https:\/\/www.laciutatinvisible.coop\/\">La ciutat invisible<\/a> ; ainsi que de \u00ab\u00a0Say it Loud al Castell\u00a0\u00bb (juin 2021) &#8211; avec le soutien de la mairie de Barcelone -, un weekend d\u00e9di\u00e9e aux interventions musicales et th\u00e9\u00e2trales gratuites dans le touristique Ch\u00e2teau de Montju\u00efc.  <\/p>\n<\/div><\/div>\n\n\n\n<h6 class=\"wp-block-heading\"><strong>Et alors le festival ?<\/strong><\/h6>\n\n\n\n<figure class=\"wp-block-embed-youtube alignleft wp-block-embed is-type-video is-provider-youtube wp-embed-aspect-16-9 wp-has-aspect-ratio\"><div class=\"wp-block-embed__wrapper\">\n<iframe loading=\"lazy\" title=\"Say It Loud 2021\" width=\"800\" height=\"450\" src=\"https:\/\/www.youtube.com\/embed\/hAe3ho8ahOE?feature=oembed\" frameborder=\"0\" allow=\"accelerometer; autoplay; clipboard-write; encrypted-media; gyroscope; picture-in-picture\" allowfullscreen><\/iframe>\n<\/div><figcaption>Vid\u00e9o de la derni\u00e8re \u00e9dition \u00e0 Fabra i Coats<\/figcaption><\/figure>\n\n\n\n<p>Au cours des 13 ans d&rsquo;existence, le festival a tourn\u00e9 par plusieurs lieux publics de la ville et, l&rsquo;\u00e9dition annul\u00e9e en 2020, a pu avoir lieu en novembre 2021 dans l&rsquo;ancienne fabrique Fabra i Coats (lieu pr\u00e9c\u00e9demment central de beaucoup de revendications syndicales et aujourd&rsquo;hui au service de la culture). Le festival ne se pr\u00e9tend pas grand et, malgr\u00e9 l&rsquo;\u00e9norme espace de la fabrique, c&rsquo;est \u00e9vident qu&rsquo;il s&rsquo;agit d&rsquo;un festival relativement petit o\u00f9 d&rsquo;un seul lieu on peut voir toutes les tentes de coop\u00e9ratives collaboratrices : celle des v\u00eatements, de tapas, de bi\u00e8res artisanales, de disques etc.<\/p>\n\n\n\n<p><\/p>\n\n\n\n<p>Au contraire de l&rsquo;ambiance des concerts au Ch\u00e2teau Montju\u00efc &#8211; o\u00f9 l&rsquo;intervention et certain contr\u00f4le de la mairie \u00e9tait remarquable &#8211; l&rsquo;ambiance dans la fabrique est accueillante et horizontale : ceux y travaillant assistent aussi aux concerts et ceux qui jouent se m\u00e9langent au public. Les artistes invit\u00e9s, m\u00eame si internationaux, ne sont pas de grande circuit &#8211; ce qui aide \u00e0 garde cette non-hi\u00e9rarchie. Pour cette \u00e9dition faite en trois jours, le festival a compt\u00e9 avec des artistes artistes \u00e9trangers, comme d&rsquo;habitude on propose, mais aussi des artistes locaux. Cette fois-ci, Nadia Rose (Royaume-Uni), Vin Gordon (Jama\u00efque) et Frente Cumbiero (Colombie) ont partag\u00e9 la sc\u00e8ne avec les nouveaux artistes catalans comme Juli Giuliani, Extra\u00f1o Weys et des collectifs de Sounds Systems des quatre provinces. Une adaptation qui, au-del\u00e0 des objectifs initiaux du projet, a fini pour \u00e9galement pousser la production musicale du pays. <\/p>\n","protected":false},"excerpt":{"rendered":"<p>Depuis 13 ans situ\u00e9 \u00e0 Barcelone, le festival coop\u00e9ratif de musique garde ses poings lev\u00e9s. N\u00e9 en 2008, \u00ab\u00a0Say it<\/p>\n","protected":false},"author":51,"featured_media":0,"comment_status":"closed","ping_status":"open","sticky":false,"template":"","format":"standard","meta":{"colormag_page_container_layout":"default_layout","colormag_page_sidebar_layout":"default_layout","footnotes":""},"categories":[9,10],"tags":[],"class_list":["post-3473","post","type-post","status-publish","format-standard","hentry","category-concert","category-festival"],"_links":{"self":[{"href":"https:\/\/larevuedespectateurs.artecom.studio\/20201\/wp-json\/wp\/v2\/posts\/3473","targetHints":{"allow":["GET"]}}],"collection":[{"href":"https:\/\/larevuedespectateurs.artecom.studio\/20201\/wp-json\/wp\/v2\/posts"}],"about":[{"href":"https:\/\/larevuedespectateurs.artecom.studio\/20201\/wp-json\/wp\/v2\/types\/post"}],"author":[{"embeddable":true,"href":"https:\/\/larevuedespectateurs.artecom.studio\/20201\/wp-json\/wp\/v2\/users\/51"}],"replies":[{"embeddable":true,"href":"https:\/\/larevuedespectateurs.artecom.studio\/20201\/wp-json\/wp\/v2\/comments?post=3473"}],"version-history":[{"count":2,"href":"https:\/\/larevuedespectateurs.artecom.studio\/20201\/wp-json\/wp\/v2\/posts\/3473\/revisions"}],"predecessor-version":[{"id":3507,"href":"https:\/\/larevuedespectateurs.artecom.studio\/20201\/wp-json\/wp\/v2\/posts\/3473\/revisions\/3507"}],"wp:attachment":[{"href":"https:\/\/larevuedespectateurs.artecom.studio\/20201\/wp-json\/wp\/v2\/media?parent=3473"}],"wp:term":[{"taxonomy":"category","embeddable":true,"href":"https:\/\/larevuedespectateurs.artecom.studio\/20201\/wp-json\/wp\/v2\/categories?post=3473"},{"taxonomy":"post_tag","embeddable":true,"href":"https:\/\/larevuedespectateurs.artecom.studio\/20201\/wp-json\/wp\/v2\/tags?post=3473"}],"curies":[{"name":"wp","href":"https:\/\/api.w.org\/{rel}","templated":true}]}}