{"id":3462,"date":"2022-03-13T16:02:53","date_gmt":"2022-03-13T15:02:53","guid":{"rendered":"https:\/\/larevuedespectateurs.artecom.studio\/20201\/?p=3462"},"modified":"2022-03-13T16:02:54","modified_gmt":"2022-03-13T15:02:54","slug":"beaux-arts-a-carcassonne-detapissons-lancien","status":"publish","type":"post","link":"https:\/\/larevuedespectateurs.artecom.studio\/20201\/2022\/03\/13\/beaux-arts-a-carcassonne-detapissons-lancien\/","title":{"rendered":"Beaux Arts \u00e0 Carcassonne : d\u00e9tapissons l&rsquo;ancien !"},"content":{"rendered":"\n<p>Les confinements n&rsquo;auront finalement pas eu qu&rsquo;un impact n\u00e9gatif sur les visages de nos mus\u00e9es. De fil en aiguille, certaines de ces institutions ont effectivement profit\u00e9 de cette p\u00e9riode de fermeture forc\u00e9e pour effectuer quelques travaux. Le mus\u00e9e des Beaux Arts de Carcassonne n&rsquo;y fait pas exception. Allons donc voir ce qu&rsquo;il s&rsquo;y trame&#8230;<\/p>\n\n\n\n<h2 class=\"wp-block-heading\" style=\"text-align:center\">Une remise \u00e0 neuf et une exposition moderne<\/h2>\n\n\n\n<div class=\"wp-block-media-text alignwide has-media-on-the-right\" style=\"grid-template-columns:auto 20%\"><figure class=\"wp-block-media-text__media\"><img loading=\"lazy\" decoding=\"async\" width=\"302\" height=\"440\" src=\"https:\/\/larevuedespectateurs.artecom.studio\/20201\/wp-content\/uploads\/sites\/3\/2022\/01\/Capture.jpg\" alt=\"\" class=\"wp-image-3480\" srcset=\"https:\/\/larevuedespectateurs.artecom.studio\/20201\/wp-content\/uploads\/sites\/3\/2022\/01\/Capture.jpg 302w, https:\/\/larevuedespectateurs.artecom.studio\/20201\/wp-content\/uploads\/sites\/3\/2022\/01\/Capture-206x300.jpg 206w\" sizes=\"auto, (max-width: 302px) 100vw, 302px\" \/><\/figure><div class=\"wp-block-media-text__content\">\n<p>J&rsquo;avais d\u00e9j\u00e0 eu l&rsquo;occasion de visiter ce mus\u00e9e quand j&rsquo;\u00e9tais plus jeune, la derni\u00e8re fois \u00e0 12 ans. Aujourd&rsquo;hui, 10 ans plus tard, je (re)d\u00e9couvre la b\u00e2tisse et sa collection. Celle-ci se compose de diff\u00e9rentes \u0153uvres, principalement des tableaux, qui s&rsquo;\u00e9tendent sur une vaste p\u00e9riode, du XVIe si\u00e8cle jusqu&rsquo;au XXe si\u00e8cle. R\u00e9partie en 10 salles, le mus\u00e9e poss\u00e8de \u00e9galement une salle permettant une exposition temporaire. En ce moment, et ce jusqu&rsquo;au 19 mars, il s&rsquo;agit de l&rsquo;exposition <em><a href=\"https:\/\/www.carcassonne.org\/manifestations\/exposition-tapissere\">Tapisser!e &#8211; 1940-1970<\/a><\/em>, mettant \u00e0 l&rsquo;honneur des artistes tels que Mir\u00f3, Delaunay, Le Corbusier, et beaucoup d&rsquo;autres. <\/p>\n<\/div><\/div>\n\n\n\n<p>D\u00e8s l&rsquo;entr\u00e9e, nous sommes accueillis par deux employ\u00e9s souriants qui nous expliquent le fonctionnement du mus\u00e9e et le sens de visite. Le hall d&rsquo;accueil dispose de casier priv\u00e9 o\u00f9 les visiteurs peuvent laisser leurs affaires, chose qui devient obligatoire dans le cas d&rsquo;un sac \u00e0 dos. <\/p>\n\n\n\n<p>La toute premi\u00e8re salle dans laquelle nous entrons, sur le XXe si\u00e8cle apr\u00e8s 1945, met la ville de Carcassonne et les artistes de la r\u00e9gion \u00e0 l&rsquo;honneur. La sc\u00e9nographie est assez logique, faisant glisser la visite en partant d&rsquo;\u0153uvres centr\u00e9e sur la ville et son patrimoine, avant de pr\u00e9senter les \u0153uvres d&rsquo;artistes r\u00e9gionaux. Bien que l&rsquo;intention soit louable, la cassure entre les th\u00e8mes abord\u00e9s par les artistes rend l&rsquo;ensemble assez h\u00e9t\u00e9rog\u00e8ne, bien qu&rsquo;il reste agr\u00e9able \u00e0 l&rsquo;\u0153il. <\/p>\n\n\n\n<p>Contre l&rsquo;un des murs de la salle, une large tablette num\u00e9rique a attir\u00e9 mon attention. Peut-\u00eatre y trouverais-je des renseignements sur ces artistes. Contre toute attente, il s&rsquo;agissait d&rsquo;un recueil de po\u00e8mes in\u00e9dits, \u00e9crits \u00e0 la main et accompagn\u00e9s d&rsquo;illustration dans un journal num\u00e9ris\u00e9.<\/p>\n\n\n\n<p>L&rsquo;initiative, bien qu&rsquo;appr\u00e9ciable, est quelque peu g\u00e2ch\u00e9e par le fonctionnement et la disposition de la tablette. Celle-ci est effectivement trop haute pour \u00eatre lue par des enfants, ou des personnes en fauteuils roulants, et elle n&rsquo;est pas mobile. le fonctionnement laisse \u00e9galement \u00e0 d\u00e9sirer : bien qu&rsquo;assez simple pour les personnes ayant l&rsquo;habitude de la technologie, celles qui l&rsquo;utilisent moins ont plus de mal. Il est \u00e9galement possible, suite \u00e0 une mauvaise manipulation, de bloquer la tablette dans les param\u00e8tres et d&rsquo;\u00eatre oblig\u00e9 de demander de l&rsquo;aide pour revenir au recueil num\u00e9ris\u00e9. Le dernier exemple est arriv\u00e9 \u00e0 la personne qui m&rsquo;accompagnait lors de cette visite.<\/p>\n\n\n\n<p>Il est important tout de m\u00eame de noter le travail de lumi\u00e8re qui a \u00e9t\u00e9 consid\u00e9rablement am\u00e9lior\u00e9 depuis ma derni\u00e8re visite (et en 10 ans, heureusement tout de m\u00eame !). L&rsquo;ensemble des \u0153uvres est trait\u00e9 avec un ou plusieurs projecteurs dont la luminosit\u00e9 est adapt\u00e9e, permettant un \u00e9clairage doux donnant une bonne visibilit\u00e9 et sans surexposer le tableau en cr\u00e9ant des reflets blancs.<\/p>\n\n\n\n<ul class=\"wp-block-gallery columns-2 is-cropped wp-block-gallery-1 is-layout-flex wp-block-gallery-is-layout-flex\"><li class=\"blocks-gallery-item\"><figure><img loading=\"lazy\" decoding=\"async\" width=\"828\" height=\"621\" src=\"https:\/\/larevuedespectateurs.artecom.studio\/20201\/wp-content\/uploads\/sites\/3\/2022\/01\/271431887_929180314627619_524439067071678647_n.jpg\" alt=\"\" data-id=\"3468\" data-link=\"https:\/\/larevuedespectateurs.artecom.studio\/20201\/?attachment_id=3468\" class=\"wp-image-3468\" srcset=\"https:\/\/larevuedespectateurs.artecom.studio\/20201\/wp-content\/uploads\/sites\/3\/2022\/01\/271431887_929180314627619_524439067071678647_n.jpg 828w, https:\/\/larevuedespectateurs.artecom.studio\/20201\/wp-content\/uploads\/sites\/3\/2022\/01\/271431887_929180314627619_524439067071678647_n-300x225.jpg 300w, https:\/\/larevuedespectateurs.artecom.studio\/20201\/wp-content\/uploads\/sites\/3\/2022\/01\/271431887_929180314627619_524439067071678647_n-768x576.jpg 768w\" sizes=\"auto, (max-width: 828px) 100vw, 828px\" \/><figcaption>Par dessus l&rsquo;\u00e9paule d&rsquo;une \u0153uvre, vue sur la mise en lumi\u00e8re. Cohabitation d&rsquo;\u0153uvre d&rsquo;artistes r\u00e9gionaux et d&rsquo;\u0153uvre sur Carcassonne. <\/figcaption><\/figure><\/li><li class=\"blocks-gallery-item\"><figure><img loading=\"lazy\" decoding=\"async\" width=\"828\" height=\"621\" src=\"https:\/\/larevuedespectateurs.artecom.studio\/20201\/wp-content\/uploads\/sites\/3\/2022\/01\/270301882_487910686012870_541949638926036329_n.jpg\" alt=\"\" data-id=\"3469\" data-link=\"https:\/\/larevuedespectateurs.artecom.studio\/20201\/?attachment_id=3469\" class=\"wp-image-3469\" srcset=\"https:\/\/larevuedespectateurs.artecom.studio\/20201\/wp-content\/uploads\/sites\/3\/2022\/01\/270301882_487910686012870_541949638926036329_n.jpg 828w, https:\/\/larevuedespectateurs.artecom.studio\/20201\/wp-content\/uploads\/sites\/3\/2022\/01\/270301882_487910686012870_541949638926036329_n-300x225.jpg 300w, https:\/\/larevuedespectateurs.artecom.studio\/20201\/wp-content\/uploads\/sites\/3\/2022\/01\/270301882_487910686012870_541949638926036329_n-768x576.jpg 768w\" sizes=\"auto, (max-width: 828px) 100vw, 828px\" \/><figcaption>Photographie prise par mes soins.<\/figcaption><\/figure><\/li><\/ul>\n\n\n\n<p> Globalement agr\u00e9ablement surprise de ce nouvel am\u00e9nagement, j&rsquo;attendais impatiemment la suite de la visite, ce d\u00e9but ayant plac\u00e9 la barre de mes attentes tr\u00e8s haut. <\/p>\n\n\n\n<h2 class=\"wp-block-heading\" style=\"text-align:center\">Des am\u00e9liorations mitig\u00e9es<\/h2>\n\n\n\n<p>Avant m\u00eame l&rsquo;arriv\u00e9e \u00e0 l&rsquo;\u00e9tage, l&rsquo;\u00e9tat des escaliers m&rsquo;a serr\u00e9e le c\u0153ur. Les murs cr\u00e9pis \u00e9taient l\u00e9zard\u00e9s de quelques fissures, et les couleurs, ternes, tranchaient radicalement avec l&rsquo;\u00e9l\u00e9gant gris bleut\u00e9 de la premi\u00e8re salle et les teintes \u00e9clatantes des passes-t\u00eates de la salle pr\u00e9c\u00e9dente. Cette derni\u00e8re n&rsquo;ayant pas une vis\u00e9e d&rsquo;exposition, deux activit\u00e9s impliquant davantage les publics y ont \u00e9t\u00e9 dispos\u00e9es : des passe-t\u00eates aux d\u00e9cors inspir\u00e9s du XVIIe si\u00e8cle, et un photocall r\u00e9alis\u00e9 par un artiste toulousain.<\/p>\n\n\n\n<ul class=\"wp-block-gallery columns-3 is-cropped wp-block-gallery-2 is-layout-flex wp-block-gallery-is-layout-flex\"><li class=\"blocks-gallery-item\"><figure><img loading=\"lazy\" decoding=\"async\" width=\"768\" height=\"1024\" src=\"https:\/\/larevuedespectateurs.artecom.studio\/20201\/wp-content\/uploads\/sites\/3\/2022\/01\/271208667_216698597331875_7339981208241935466_n-768x1024.jpg\" alt=\"\" data-id=\"3483\" data-link=\"https:\/\/larevuedespectateurs.artecom.studio\/20201\/?attachment_id=3483\" class=\"wp-image-3483\" srcset=\"https:\/\/larevuedespectateurs.artecom.studio\/20201\/wp-content\/uploads\/sites\/3\/2022\/01\/271208667_216698597331875_7339981208241935466_n-768x1024.jpg 768w, https:\/\/larevuedespectateurs.artecom.studio\/20201\/wp-content\/uploads\/sites\/3\/2022\/01\/271208667_216698597331875_7339981208241935466_n-225x300.jpg 225w, https:\/\/larevuedespectateurs.artecom.studio\/20201\/wp-content\/uploads\/sites\/3\/2022\/01\/271208667_216698597331875_7339981208241935466_n.jpg 828w\" sizes=\"auto, (max-width: 768px) 100vw, 768px\" \/><figcaption>Mon accompagnatrice, Sandrine, dans l&rsquo;un des passe-t\u00eates.<\/figcaption><\/figure><\/li><li class=\"blocks-gallery-item\"><figure><img loading=\"lazy\" decoding=\"async\" width=\"828\" height=\"621\" src=\"https:\/\/larevuedespectateurs.artecom.studio\/20201\/wp-content\/uploads\/sites\/3\/2022\/01\/271249496_346559160286127_4346323765112014775_n.jpg\" alt=\"\" data-id=\"3481\" data-link=\"https:\/\/larevuedespectateurs.artecom.studio\/20201\/?attachment_id=3481\" class=\"wp-image-3481\" srcset=\"https:\/\/larevuedespectateurs.artecom.studio\/20201\/wp-content\/uploads\/sites\/3\/2022\/01\/271249496_346559160286127_4346323765112014775_n.jpg 828w, https:\/\/larevuedespectateurs.artecom.studio\/20201\/wp-content\/uploads\/sites\/3\/2022\/01\/271249496_346559160286127_4346323765112014775_n-300x225.jpg 300w, https:\/\/larevuedespectateurs.artecom.studio\/20201\/wp-content\/uploads\/sites\/3\/2022\/01\/271249496_346559160286127_4346323765112014775_n-768x576.jpg 768w\" sizes=\"auto, (max-width: 828px) 100vw, 828px\" \/><figcaption>Les deux autres passe-t\u00eates, \u00e0 l&rsquo;effigie de nobles du XVIe si\u00e8cle.<\/figcaption><\/figure><\/li><li class=\"blocks-gallery-item\"><figure><img loading=\"lazy\" decoding=\"async\" width=\"768\" height=\"1024\" src=\"https:\/\/larevuedespectateurs.artecom.studio\/20201\/wp-content\/uploads\/sites\/3\/2022\/01\/271168579_2998173657089850_6583387657975268464_n-768x1024.jpg\" alt=\"\" data-id=\"3482\" data-link=\"https:\/\/larevuedespectateurs.artecom.studio\/20201\/?attachment_id=3482\" class=\"wp-image-3482\" srcset=\"https:\/\/larevuedespectateurs.artecom.studio\/20201\/wp-content\/uploads\/sites\/3\/2022\/01\/271168579_2998173657089850_6583387657975268464_n-768x1024.jpg 768w, https:\/\/larevuedespectateurs.artecom.studio\/20201\/wp-content\/uploads\/sites\/3\/2022\/01\/271168579_2998173657089850_6583387657975268464_n-225x300.jpg 225w, https:\/\/larevuedespectateurs.artecom.studio\/20201\/wp-content\/uploads\/sites\/3\/2022\/01\/271168579_2998173657089850_6583387657975268464_n.jpg 828w\" sizes=\"auto, (max-width: 768px) 100vw, 768px\" \/><figcaption>Photocall r\u00e9alis\u00e9 par Phillipe Shangti. <\/figcaption><\/figure><\/li><\/ul>\n\n\n\n<p>L&rsquo;initiative, bien qu&rsquo;amusante, est malheureusement la seule impliquant les visiteurs, \u00e0 l&rsquo;exception de quelques cartels et de 3 feuilles A4 comportant des renseignements sur l&rsquo;exposition permanente. Le mus\u00e9e n&#8217;emploie malheureusement pas de m\u00e9diateur culturel. Les gardiens, seuls personnels pr\u00e9sents dans les salles, sont plus ou moins bien renseign\u00e9 quand aux \u0153uvres et au artistes expos\u00e9s, mais ils sont en revanche prompts \u00e0 se renseigner en cas de question \u00e0 laquelle ils ne peuvent pas r\u00e9pondre.<\/p>\n\n\n\n<p>Les escaliers prennent enfin fin, et nous entrons dans la suite de l&rsquo;exposition permanente. Comme dit plus t\u00f4t, les premi\u00e8res salles avant plac\u00e9es mes attentes assez hauts, et je fus donc tr\u00e8s surprise en voyant que le soin apport\u00e9 \u00e0 l&rsquo;\u00e9clairage n&rsquo;\u00e9tait pas le m\u00eame \u00e0 tous les \u00e9tages. Ici, quelques projecteurs, mais surtout des n\u00e9ons qui refl\u00e9tait une ombre blanche sur les tableaux les plus hauts, les rendant parfois presque invisible. <\/p>\n\n\n\n<ul class=\"wp-block-gallery columns-2 is-cropped wp-block-gallery-3 is-layout-flex wp-block-gallery-is-layout-flex\"><li class=\"blocks-gallery-item\"><figure><img loading=\"lazy\" decoding=\"async\" width=\"828\" height=\"621\" src=\"https:\/\/larevuedespectateurs.artecom.studio\/20201\/wp-content\/uploads\/sites\/3\/2022\/01\/270211980_936618280311207_8751228682699074309_n.jpg\" alt=\"\" data-id=\"3467\" data-link=\"https:\/\/larevuedespectateurs.artecom.studio\/20201\/?attachment_id=3467\" class=\"wp-image-3467\" srcset=\"https:\/\/larevuedespectateurs.artecom.studio\/20201\/wp-content\/uploads\/sites\/3\/2022\/01\/270211980_936618280311207_8751228682699074309_n.jpg 828w, https:\/\/larevuedespectateurs.artecom.studio\/20201\/wp-content\/uploads\/sites\/3\/2022\/01\/270211980_936618280311207_8751228682699074309_n-300x225.jpg 300w, https:\/\/larevuedespectateurs.artecom.studio\/20201\/wp-content\/uploads\/sites\/3\/2022\/01\/270211980_936618280311207_8751228682699074309_n-768x576.jpg 768w\" sizes=\"auto, (max-width: 828px) 100vw, 828px\" \/><figcaption>Les tableaux en hauteurs, surtout les plus sombres, avec un reflet de lumi\u00e8re.<\/figcaption><\/figure><\/li><li class=\"blocks-gallery-item\"><figure><img loading=\"lazy\" decoding=\"async\" width=\"828\" height=\"621\" src=\"https:\/\/larevuedespectateurs.artecom.studio\/20201\/wp-content\/uploads\/sites\/3\/2022\/01\/270377456_298566072181300_5020490264647650357_n.jpg\" alt=\"\" data-id=\"3465\" data-link=\"https:\/\/larevuedespectateurs.artecom.studio\/20201\/?attachment_id=3465\" class=\"wp-image-3465\" srcset=\"https:\/\/larevuedespectateurs.artecom.studio\/20201\/wp-content\/uploads\/sites\/3\/2022\/01\/270377456_298566072181300_5020490264647650357_n.jpg 828w, https:\/\/larevuedespectateurs.artecom.studio\/20201\/wp-content\/uploads\/sites\/3\/2022\/01\/270377456_298566072181300_5020490264647650357_n-300x225.jpg 300w, https:\/\/larevuedespectateurs.artecom.studio\/20201\/wp-content\/uploads\/sites\/3\/2022\/01\/270377456_298566072181300_5020490264647650357_n-768x576.jpg 768w\" sizes=\"auto, (max-width: 828px) 100vw, 828px\" \/><figcaption>Exemple d&rsquo;un tableau, rendu difficilement visible par l&rsquo;\u00e9clairage.<\/figcaption><\/figure><\/li><\/ul>\n\n\n\n<p>En avan\u00e7ant parmi les tableaux, je pris conscience que la sc\u00e9nographie \u00e9tait sensiblement la m\u00eame que cette que j&rsquo;avais vu il y a 10 ans, impression qui m&rsquo;a \u00e9t\u00e9 confirm\u00e9e par l&rsquo;un des gardiens. A l&rsquo;exception de la couleurs murs, de nouveaux cartels, et de stores ou de panneaux masquant les fen\u00eatres, presque rien n&rsquo;avait boug\u00e9. J&rsquo;avoue avoir \u00e9t\u00e9 plut\u00f4t d\u00e9\u00e7ue de ce constat, mais je me suis alors rappel\u00e9e d&rsquo;une chose : l&rsquo;entr\u00e9e de ce mus\u00e9e est gratuite, et tous ses financements proviennent de la ville. En faisant le choix, \u00e0 l&rsquo;instar des Britanniques, de garantir une entr\u00e9e libre, le mus\u00e9e voit donc son budget consid\u00e9rablement restreint, et une r\u00e9novation compl\u00e8te n&rsquo;\u00e9tait donc pas envisageable. D&rsquo;autant plus que l&rsquo;exposition temporaire, sur la tapisserie, est tr\u00e8s int\u00e9ressante. Pour un mus\u00e9e gratuit, le r\u00e9sultat est donc largement suffisant.<\/p>\n\n\n\n<h2 class=\"wp-block-heading\" style=\"text-align:center\">Un bilan encourageant<\/h2>\n\n\n\n<p>S&rsquo;il est ind\u00e9niable qu&rsquo;il y a eu de sacr\u00e9s am\u00e9liorations en 10 ans (notamment le fait de ne plus \u00e9clairer les pi\u00e8ces par la lumi\u00e8re filtrant des fen\u00eatres), il reste cela dit des choses \u00e0 revoir. Parmi elles, en premier lieu, l&rsquo;implication du visiteur sur le lieu. Il y a peu de cartel, et les fiches de visites indiquent peu d&rsquo;informations (\u00e0 l&rsquo;exception des biographies d&rsquo;Andr\u00e9 Ch\u00e9nier et de Jacques Gamelin). Cependant ce manque fut compens\u00e9 par les gardiens que nous avons rencontr\u00e9es ce jour-l\u00e0, qui se sont r\u00e9v\u00e9l\u00e9es \u00eatre tr\u00e8s aimable et ont mis un point d&rsquo;honneur \u00e0 r\u00e9pondre \u00e0 nos questions, m\u00eame si ils ont d\u00fb, pour la plus part, aller demander l&rsquo;information. <\/p>\n\n\n\n<p>L&rsquo;autre b\u00e9mol quand au public est li\u00e9 \u00e0 la tablette, permettant la lecture du recueil de po\u00e8me. Trop haute pour un enfant et pour une personne en fauteuil, elle se r\u00e9v\u00e8le \u00e9galement \u00eatre peu intuitive d&rsquo;utilisation, et il est tr\u00e8s facile de la d\u00e9r\u00e9gler par accident. C&rsquo;est cependant un d\u00e9tail, car il est important de noter la pr\u00e9sence d&rsquo;ascenseurs, qui permet ainsi l&rsquo;acc\u00e8s aux personnes \u00e0 mobilit\u00e9 r\u00e9duite. <\/p>\n\n\n\n<p>De plus, bien que l&rsquo;on ne trouve pas d&rsquo;activit\u00e9 directement dans l&rsquo;\u00e9tablissement, il est possible de t\u00e9l\u00e9charger, sur le site de Carcassonne Agglo, quelques activit\u00e9s \u00e0 r\u00e9aliser avec les enfants, en plus d&rsquo;une multitude de dossiers p\u00e9dagogique. L&rsquo;offre en ligne, compl\u00e9mentaire avec la visite, est assez simple d&rsquo;utilisation et y ajoute une petite plus value.<\/p>\n\n\n\n<p>Enfin, il est important de rappeler que c&rsquo;est un mus\u00e9e \u00e0 l&rsquo;entr\u00e9e gratuite, aussi, les efforts r\u00e9alis\u00e9s lors de cette r\u00e9novations sont donc extr\u00eamement encourageant quand \u00e0 la position de la ville vis \u00e0 vis de la culture. Je souhaite de tout c\u0153ur que l&rsquo;avenir continuera \u00e0 aller dans ce sens. Nous verrons cela lors d&rsquo;une prochaine visite, peut-\u00eatre encore dans 10 ans !<\/p>\n","protected":false},"excerpt":{"rendered":"<p>Les confinements n&rsquo;auront finalement pas eu qu&rsquo;un impact n\u00e9gatif sur les visages de nos mus\u00e9es. De fil en aiguille, certaines<\/p>\n","protected":false},"author":32,"featured_media":3468,"comment_status":"closed","ping_status":"open","sticky":false,"template":"","format":"standard","meta":{"colormag_page_container_layout":"default_layout","colormag_page_sidebar_layout":"default_layout","footnotes":""},"categories":[3],"tags":[],"class_list":["post-3462","post","type-post","status-publish","format-standard","has-post-thumbnail","hentry","category-musee"],"_links":{"self":[{"href":"https:\/\/larevuedespectateurs.artecom.studio\/20201\/wp-json\/wp\/v2\/posts\/3462","targetHints":{"allow":["GET"]}}],"collection":[{"href":"https:\/\/larevuedespectateurs.artecom.studio\/20201\/wp-json\/wp\/v2\/posts"}],"about":[{"href":"https:\/\/larevuedespectateurs.artecom.studio\/20201\/wp-json\/wp\/v2\/types\/post"}],"author":[{"embeddable":true,"href":"https:\/\/larevuedespectateurs.artecom.studio\/20201\/wp-json\/wp\/v2\/users\/32"}],"replies":[{"embeddable":true,"href":"https:\/\/larevuedespectateurs.artecom.studio\/20201\/wp-json\/wp\/v2\/comments?post=3462"}],"version-history":[{"count":1,"href":"https:\/\/larevuedespectateurs.artecom.studio\/20201\/wp-json\/wp\/v2\/posts\/3462\/revisions"}],"predecessor-version":[{"id":3484,"href":"https:\/\/larevuedespectateurs.artecom.studio\/20201\/wp-json\/wp\/v2\/posts\/3462\/revisions\/3484"}],"wp:featuredmedia":[{"embeddable":true,"href":"https:\/\/larevuedespectateurs.artecom.studio\/20201\/wp-json\/wp\/v2\/media\/3468"}],"wp:attachment":[{"href":"https:\/\/larevuedespectateurs.artecom.studio\/20201\/wp-json\/wp\/v2\/media?parent=3462"}],"wp:term":[{"taxonomy":"category","embeddable":true,"href":"https:\/\/larevuedespectateurs.artecom.studio\/20201\/wp-json\/wp\/v2\/categories?post=3462"},{"taxonomy":"post_tag","embeddable":true,"href":"https:\/\/larevuedespectateurs.artecom.studio\/20201\/wp-json\/wp\/v2\/tags?post=3462"}],"curies":[{"name":"wp","href":"https:\/\/api.w.org\/{rel}","templated":true}]}}