{"id":3383,"date":"2022-01-09T12:27:06","date_gmt":"2022-01-09T11:27:06","guid":{"rendered":"https:\/\/larevuedespectateurs.artecom.studio\/20201\/?p=3383"},"modified":"2022-01-13T15:44:25","modified_gmt":"2022-01-13T14:44:25","slug":"deux-festivals-qui-se-tiennent-la-main-le-temps-dune-seance","status":"publish","type":"post","link":"https:\/\/larevuedespectateurs.artecom.studio\/20201\/2022\/01\/09\/deux-festivals-qui-se-tiennent-la-main-le-temps-dune-seance\/","title":{"rendered":"Deux festivals qui se tiennent la main le temps d&rsquo;une s\u00e9ance"},"content":{"rendered":"\n<p style=\"text-align:center\" class=\"has-background has-drop-cap has-medium-font-size has-pale-pink-background-color\">S\u00e9ance sp\u00e9ciale <em>Girls don&rsquo;t Cry<\/em>, le 18 novembre 2021, \u00e0 l&rsquo;American Cosmograph, dans le cadre du festival <em>S\u00e9quence Court-M\u00e9trage.&nbsp;<\/em><br><\/p>\n\n\n\n<p>\u00e9ance sp\u00e9ciale <em>Girls don&rsquo;t Cry<\/em>, le 18 novembre 2021, \u00e0 l&rsquo;American Cosmograph, dans le cadre du festival <em>S\u00e9quence Court-M\u00e9trage.&nbsp;<\/em><br><\/p>\n\n\n\n<h4 class=\"wp-block-heading\">Girls Don&rsquo;t Cry Festival, et l&rsquo;envie de soutenir les femmes<\/h4>\n\n\n\n<p>Ce festival Toulousain, cr\u00e9e par l&rsquo;association \u00ab\u00a0La Petite\u00a0\u00bb qui lutte pour l&rsquo;\u00e9galit\u00e9 des genres, a pour\u00a0 valeur principale la repr\u00e9sentation des femmes artistes. Il voit sa forme \u00e9voluer d&rsquo;ann\u00e9es en ann\u00e9es; d&rsquo;abord restreint \u00e0 l&rsquo;univers musical avec son \u00e9dition <em>The Waiting Room<\/em> en 2008, puis <em>Girls Don&rsquo;t Cry Party<\/em>, le festival se veut cette ann\u00e9e pluridisciplinaire, et d\u00e9ploie en ce sens une programmation \u00e9clectique autour de l&rsquo;\u00e9dition 2021 <em>Girls Don&rsquo;t Cry festival<\/em>. Celle-ci se d\u00e9roule du 26 au 28 novembre. Outre des soir\u00e9es dansantes tr\u00e8s populaires au Metronum, qui restent les manifestations embl\u00e9matiques du festival, des ateliers d&rsquo;\u00e9criture ou encore des ateliers collage ouverts \u00e0 tous, le festival s&rsquo;octroie des places de choix au sein d&rsquo;autres festivals existants, comme le festival <em>S\u00e9quence Court-M\u00e9trage<\/em>.<\/p>\n\n\n\n<p>On peut d\u00e9duire, se basant sur notre propre exp\u00e9rience, que le public des manifestations phares du festival est principalement amateur de musique \u00e9lectronique, jeunes (\u00e9tudiants), et militants pour la cause f\u00e9minisme et LGBTQI+.<\/p>\n\n\n\n<div class=\"wp-block-image\"><figure class=\"aligncenter is-resized\"><img loading=\"lazy\" decoding=\"async\" src=\"https:\/\/larevuedespectateurs.artecom.studio\/20201\/wp-content\/uploads\/sites\/3\/2022\/01\/A3_GDC_Cadre-724x1024-724x1024.jpg\" alt=\"\" class=\"wp-image-3487\" width=\"272\" height=\"384\" srcset=\"https:\/\/larevuedespectateurs.artecom.studio\/20201\/wp-content\/uploads\/sites\/3\/2022\/01\/A3_GDC_Cadre-724x1024.jpg 724w, https:\/\/larevuedespectateurs.artecom.studio\/20201\/wp-content\/uploads\/sites\/3\/2022\/01\/A3_GDC_Cadre-724x1024-212x300.jpg 212w\" sizes=\"auto, (max-width: 272px) 100vw, 272px\" \/><\/figure><\/div>\n\n\n\n<h4 class=\"wp-block-heading\">S\u00e9quence Court-M\u00e9trage, et la volont\u00e9 de visibiliser le format court<\/h4>\n\n\n\n<p>Ce festival international d\u00e9di\u00e9 au cin\u00e9ma est ancr\u00e9 \u00e0 Toulouse depuis 30 ans, il met \u00e0 l&rsquo;honneur le format court m\u00e9trage n&rsquo;en excluant aucune forme. Il met en places des cin\u00e9-concerts, des tournages participatifs, des comp\u00e9titions\u2026 Et il programme aussi, chaque ann\u00e9e, des \u00ab\u00a0s\u00e9ances sp\u00e9ciales\u00a0\u00bb dont plusieurs d&rsquo;entre elles sont des partenariats ou des collaboration. Une s\u00e9ance est pr\u00e9vue avec <em>Ville&amp;Handicap<\/em>, une autre avec <em>Marionnettissimo<\/em>, et une donc, avec <em>Girls Don&rsquo;t Cry.<\/em> Sur le site du festival S\u00e9quences Courts-M\u00e9trage, la s\u00e9ance est d\u00e9crite de la sorte \u00ab\u00a0Une s\u00e9ance libre et aventureuse en partenariat avec le Collectif Girls Don\u2019t Cry, pour patienter jusqu\u2019\u00e0 leur festival fin novembre !\u00a0\u00bb. L\u2019\u00e9v\u00e9nement est promis comme une bouff\u00e9e d&rsquo;air, on imagine une s\u00e9ance audacieuse.&nbsp;<\/p>\n\n\n\n<p>On imagine le public du festival de cin\u00e9ma assez vaste, ils proposent une large programmation jeune public donc on suppose beaucoup de famille, mais aussi des amateurs de cin\u00e9ma au sens plus large.<\/p>\n\n\n\n<div class=\"wp-block-image\"><figure class=\"aligncenter is-resized\"><img loading=\"lazy\" decoding=\"async\" src=\"https:\/\/larevuedespectateurs.artecom.studio\/20201\/wp-content\/uploads\/sites\/3\/2022\/01\/images.jpeg\" alt=\"\" class=\"wp-image-3490\" width=\"300\" height=\"446\" \/><\/figure><\/div>\n\n\n\n<h4 class=\"wp-block-heading\">L&rsquo;American Cosmograph, un cin\u00e9ma politis\u00e9 qui accueille cette s\u00e9ance<\/h4>\n\n\n\n<p>Le cin\u00e9ma, situ\u00e9 en plein centre ville de Toulouse, est class\u00e9 \u00ab\u00a0Art et Essais\u00a0\u00bb, labellis\u00e9 \u00ab\u00a0Jeune public\u00a0\u00bb, \u00ab\u00a0Recherche et D\u00e9couverte\u00a0\u00bb et \u00ab\u00a0Patrimoine et r\u00e9pertoire\u00a0\u00bb. Il est adh\u00e9rent \u00e0 l&rsquo;ACID (association de cin\u00e9astes engag\u00e9s) et fait partie des r\u00e9seaux Europa Cin\u00e9ma. Il propose des s\u00e9ances sous-titr\u00e9es, des s\u00e9ances \u00ab\u00a0b\u00e9b\u00e9s\u00a0\u00bb, des avant-premi\u00e8res, des rencontres, des cin\u00e9-d\u00e9bats et des s\u00e9ances scolaires. Il maintient des partenariats avec plusieurs festivals locaux tels que <em>DIAMS<\/em>, <em>Cin\u00e9Latino<\/em>, <em>Fifigro<\/em>&#8230; Il ne diffuse aucune publicit\u00e9 et ne fait pas de recettes annexes aux entr\u00e9es cin\u00e9matographiques. Par les dispositifs culturels et engag\u00e9s qu&rsquo;il met en place, l&rsquo;American Cosmograph se veut plus politis\u00e9 et tend \u00e0 s&rsquo;adresser \u00e0 un public plus actif politiquement et plus \u00ab\u00a0cin\u00e9phile\u00a0\u00bb.<\/p>\n\n\n\n<div class=\"wp-block-image\"><figure class=\"aligncenter is-resized\"><img loading=\"lazy\" decoding=\"async\" src=\"https:\/\/larevuedespectateurs.artecom.studio\/20201\/wp-content\/uploads\/sites\/3\/2022\/01\/cine.jpg\" alt=\"\" class=\"wp-image-3491\" width=\"600\" height=\"396\" srcset=\"https:\/\/larevuedespectateurs.artecom.studio\/20201\/wp-content\/uploads\/sites\/3\/2022\/01\/cine.jpg 960w, https:\/\/larevuedespectateurs.artecom.studio\/20201\/wp-content\/uploads\/sites\/3\/2022\/01\/cine-300x198.jpg 300w, https:\/\/larevuedespectateurs.artecom.studio\/20201\/wp-content\/uploads\/sites\/3\/2022\/01\/cine-768x508.jpg 768w\" sizes=\"auto, (max-width: 600px) 100vw, 600px\" \/><\/figure><\/div>\n\n\n\n<h4 class=\"wp-block-heading\">Ce qu&rsquo;il r\u00e9sulte de cette s\u00e9ance sp\u00e9ciale<\/h4>\n\n\n\n<p>Ce soir l\u00e0, le tarif est de 7\u20ac et de 5\u20ac pour les abonn\u00e9s du cin\u00e9ma, ce qui ne d\u00e9roge pas aux prix habituels de L&rsquo;American Cosmograph. La structure, en maintenant ces tarifs r\u00e9duits, encourage ses habitu\u00e9s \u00e0 \u00eatre curieux et \u00e0 faire confiance \u00e0 la programmation du cin\u00e9ma. Le festival S\u00e9quence Courts M\u00e9trages adapte lui ses tarifs aux structures qui l&rsquo;accueille. Girls Don&rsquo;t Cry Festival propose des tarifs uniques \u00e0 16e20 pour ces grosses soir\u00e9es dansantes. La programmation de cette s\u00e9ance sp\u00e9ciale, permet \u00e0 un public int\u00e9ress\u00e9 par les questions abord\u00e9es par le festival f\u00e9ministe qui n&rsquo;aurait pas les moyens de se rendre au c\u0153ur du festival d&rsquo;assister \u00e0 une manifestation culturelle en ce sens.<\/p>\n\n\n\n<p>Ce soir l\u00e0, la salle est pleine, ce qui t\u00e9moigne d\u00e9j\u00e0 d&rsquo;une certaine sorte de succ\u00e8s du dispositif. Les tranches d&rsquo;\u00e2ges semblent varier entre 17 et 60 ans.<\/p>\n\n\n\n<p>Lors de cette s\u00e9ance sp\u00e9ciale, 6 courts-m\u00e9trages sont projet\u00e9s \u00e0 la suite. Pour introduire cette s\u00e9ance, la pr\u00e9sidente de l&rsquo;association La Petite et la m\u00e9diatrice de l&rsquo;American Cosmograph nous pr\u00e9sentent le dispositif. Elles parlent de leur joie de montrer un cin\u00e9ma au service de la repr\u00e9sentation des femmes, et \u00e9galement de celle de pouvoir montrer en salle ce format si peu diffus\u00e9 qu&rsquo;est le court m\u00e9trage. Personne n&rsquo;est l\u00e0 pour repr\u00e9senter le festival de court-m\u00e9trage<em>.<\/em><\/p>\n\n\n\n<p>Les courts-m\u00e9trages s\u00e9lectionn\u00e9s, respectent les valeurs de <em>S\u00e9quence Court-M\u00e9trage, <\/em>ils viennent de diff\u00e9rents coins du monde (Slov\u00e9nie, Br\u00e9sil, Belgique, France&#8230;) et plusieurs formes sont diffus\u00e9s (Clip, documentaire, animation\u2026), dont un clip pour ouvrir sur la programmation musicale de <em>Girls Don&rsquo;t Cry<\/em>. Le f\u00e9minisme est abord\u00e9 \u00e0 travers diff\u00e9rents prismes, diff\u00e9rents regards, il est question de r\u00e8gles, d&rsquo;entraide et de gyn\u00e9cologie, de violences sexuelles, de rapport au poids, de vieillissement\u2026 Le ton est parfois joyeux, parfois volontairement anxiog\u00e8ne. Il est souvent question de parcours de vie, de questionnement individuels qui deviennent questionnements universels.<\/p>\n\n\n\n<p>La s\u00e9ance est clotur\u00e9e par une discussion anim\u00e9e par la m\u00e9diatrice du cin\u00e9ma avec la jeune r\u00e9alisatrice d&rsquo;un des films projet\u00e9s, Pauline P\u00e9nichout.\u00a0<\/p>\n\n\n\n<p>La discussion finale a selon moi desservi l\u2019\u00e9v\u00e9nement : en effet, la discussion n&rsquo;\u00e9tait pas tr\u00e8s fluide, la m\u00e9diatrice ne savait pas trop comment questionner la r\u00e9alisatrice qui ne collaborer pas trop en terme de r\u00e9ponses. De plus, il aurait fallu selon moi, afin de d&rsquo;avantage marquer cette id\u00e9e d&rsquo;union, penser \u00e0 des dispositifs pour donner envie au public de participer \u00e0 l&rsquo;\u00e9change.<\/p>\n\n\n\n<p><\/p>\n\n\n\n<p><\/p>\n","protected":false},"excerpt":{"rendered":"<p>S\u00e9ance sp\u00e9ciale Girls don&rsquo;t Cry, le 18 novembre 2021, \u00e0 l&rsquo;American Cosmograph, dans le cadre du festival S\u00e9quence Court-M\u00e9trage.&nbsp; \u00e9ance<\/p>\n","protected":false},"author":29,"featured_media":0,"comment_status":"closed","ping_status":"open","sticky":false,"template":"","format":"standard","meta":{"colormag_page_container_layout":"default_layout","colormag_page_sidebar_layout":"default_layout","footnotes":""},"categories":[10],"tags":[36,49,50,47,48],"class_list":["post-3383","post","type-post","status-publish","format-standard","hentry","category-festival","tag-cinema","tag-court-metrage","tag-feminisme","tag-girlsdontcry","tag-sequence"],"_links":{"self":[{"href":"https:\/\/larevuedespectateurs.artecom.studio\/20201\/wp-json\/wp\/v2\/posts\/3383","targetHints":{"allow":["GET"]}}],"collection":[{"href":"https:\/\/larevuedespectateurs.artecom.studio\/20201\/wp-json\/wp\/v2\/posts"}],"about":[{"href":"https:\/\/larevuedespectateurs.artecom.studio\/20201\/wp-json\/wp\/v2\/types\/post"}],"author":[{"embeddable":true,"href":"https:\/\/larevuedespectateurs.artecom.studio\/20201\/wp-json\/wp\/v2\/users\/29"}],"replies":[{"embeddable":true,"href":"https:\/\/larevuedespectateurs.artecom.studio\/20201\/wp-json\/wp\/v2\/comments?post=3383"}],"version-history":[{"count":4,"href":"https:\/\/larevuedespectateurs.artecom.studio\/20201\/wp-json\/wp\/v2\/posts\/3383\/revisions"}],"predecessor-version":[{"id":3511,"href":"https:\/\/larevuedespectateurs.artecom.studio\/20201\/wp-json\/wp\/v2\/posts\/3383\/revisions\/3511"}],"wp:attachment":[{"href":"https:\/\/larevuedespectateurs.artecom.studio\/20201\/wp-json\/wp\/v2\/media?parent=3383"}],"wp:term":[{"taxonomy":"category","embeddable":true,"href":"https:\/\/larevuedespectateurs.artecom.studio\/20201\/wp-json\/wp\/v2\/categories?post=3383"},{"taxonomy":"post_tag","embeddable":true,"href":"https:\/\/larevuedespectateurs.artecom.studio\/20201\/wp-json\/wp\/v2\/tags?post=3383"}],"curies":[{"name":"wp","href":"https:\/\/api.w.org\/{rel}","templated":true}]}}