{"id":3337,"date":"2022-02-01T11:43:57","date_gmt":"2022-02-01T10:43:57","guid":{"rendered":"https:\/\/larevuedespectateurs.artecom.studio\/20201\/?p=3337"},"modified":"2022-01-31T16:24:45","modified_gmt":"2022-01-31T15:24:45","slug":"exposition-theodule-ribot-1823-1891-une-delicieuse-obscurite","status":"publish","type":"post","link":"https:\/\/larevuedespectateurs.artecom.studio\/20201\/2022\/02\/01\/exposition-theodule-ribot-1823-1891-une-delicieuse-obscurite\/","title":{"rendered":"Exposition Th\u00e9odule Ribot (1823-1891). Une d\u00e9licieuse obscurit\u00e9."},"content":{"rendered":"\n<p><em>En d\u00e9pit d&rsquo;une fermeture partielle des lieux pour cause de r\u00e9novation, le mus\u00e9e des Augustins   \u00e0 Toulouse laisse n\u00e9anmoins ouvert au public l&rsquo;acc\u00e8s au clo\u00eetre et \u00e0 l&rsquo;\u00e9glise o\u00f9 se tient actuellement l&rsquo;exposition \u00ab\u00a0Th\u00e9odule Ribot (1823- 1891). Une d\u00e9licieuse obscurit\u00e9\u00a0\u00bb, du 16 octobre 2021 au 10 janvier 2022.<\/em><\/p>\n\n\n\n<p class=\"has-text-color has-background has-medium-font-size has-very-light-gray-color has-pale-pink-background-color\"><strong>LA GENESE DE L&rsquo;EXPOSITION<\/strong><\/p>\n\n\n\n<p> Cette nouvelle exposition t\u00e9moigne d&rsquo;un int\u00e9r\u00eat singulier pour la figure d&rsquo;un peintre m\u00e9connu, <strong>Th\u00e9odule Ribot<\/strong>, auquel se m\u00eale un go\u00fbt pour le naturalisme du XVIIe si\u00e8cle espagnol et napolitain, ainsi que pour la tradition r\u00e9aliste et sociale de la  seconde moiti\u00e9 du XIXe  si\u00e8cle. Le projet, imagin\u00e9 avant la pand\u00e9mie de Covid-19, a pu \u00eatre maintenu afin de trouver une r\u00e9alisation en d\u00e9pit des travaux  de r\u00e9novation du mus\u00e9e.<\/p>\n\n\n\n<p> Loin d&rsquo;\u00eatre une pure monographie, l&rsquo;exposition permet de d\u00e9voiler les sources d&rsquo;inspiration de ce peintre autodidacte qui a trouv\u00e9 la nature gr\u00e2ce aux ma\u00eetres anciens. Dans le  m\u00eame esprit, elle montre \u00e9galement comment d\u2019autres peintres trop peu connus comme <strong>Bonvin<\/strong>, <strong>Gautier<\/strong>,  <strong>Vollon <\/strong>ou <strong>Bail<\/strong> ont partag\u00e9 avec Ribot mais aussi avec <strong>Courbet <\/strong>et<strong> Millet<\/strong> des id\u00e9aux artistiques et politiques.<\/p>\n\n\n\n<div class=\"wp-block-image\"><figure class=\"aligncenter is-resized\"><img loading=\"lazy\" decoding=\"async\" src=\"https:\/\/larevuedespectateurs.artecom.studio\/20201\/wp-content\/uploads\/sites\/3\/2021\/12\/Ribot-1-679x1024.jpg\" alt=\"\" class=\"wp-image-3341\" width=\"280\" height=\"422\" srcset=\"https:\/\/larevuedespectateurs.artecom.studio\/20201\/wp-content\/uploads\/sites\/3\/2021\/12\/Ribot-1.jpg 679w, https:\/\/larevuedespectateurs.artecom.studio\/20201\/wp-content\/uploads\/sites\/3\/2021\/12\/Ribot-1-199x300.jpg 199w\" sizes=\"auto, (max-width: 280px) 100vw, 280px\" \/><figcaption>Image : Affiche officielle de l&rsquo;exposition. Mus\u00e9e des Augustins de Toulouse.<\/figcaption><\/figure><\/div>\n\n\n\n<p class=\"has-text-color has-background has-medium-font-size has-very-light-gray-color has-pale-pink-background-color\"><strong>L<\/strong>E PARCOURS D&rsquo;EXPOSITION<\/p>\n\n\n\n<div class=\"wp-block-image\"><figure class=\"aligncenter\"><img loading=\"lazy\" decoding=\"async\" width=\"960\" height=\"500\" src=\"https:\/\/larevuedespectateurs.artecom.studio\/20201\/wp-content\/uploads\/sites\/3\/2021\/12\/exposition_theodule_ribot_augustins.jpg\" alt=\"\" class=\"wp-image-3343\" srcset=\"https:\/\/larevuedespectateurs.artecom.studio\/20201\/wp-content\/uploads\/sites\/3\/2021\/12\/exposition_theodule_ribot_augustins.jpg 960w, https:\/\/larevuedespectateurs.artecom.studio\/20201\/wp-content\/uploads\/sites\/3\/2021\/12\/exposition_theodule_ribot_augustins-300x156.jpg 300w, https:\/\/larevuedespectateurs.artecom.studio\/20201\/wp-content\/uploads\/sites\/3\/2021\/12\/exposition_theodule_ribot_augustins-768x400.jpg 768w\" sizes=\"auto, (max-width: 960px) 100vw, 960px\" \/><figcaption> Photographie : Mathilde Besse. Entr\u00e9e de l&rsquo;exposition. Mus\u00e9e des Augustins de Toulouse. <\/figcaption><\/figure><\/div>\n\n\n\n<p>L\u2019exposition Th\u00e9odule Ribot s\u2019organise autour de  <strong>quatre sections <\/strong>permettant d\u2019appr\u00e9hender l\u2019\u0153uvre de Ribot \u00e0 travers un <strong>parcours  th\u00e9matique<\/strong> : <strong>1. <\/strong>Dans la cuisine de Ribot &#8211; <strong>2.<\/strong> Sous le scalpel de Ribot &#8211; <strong>3.<\/strong> Un jardin secret : les paysages &#8211; <strong>4.<\/strong> La fable.        <\/p>\n\n\n\n<p>Parmi les quatre th\u00e8mes, je fus davantage s\u00e9duite par <strong>les natures mortes<\/strong>, pr\u00e9sent\u00e9es au d\u00e9but du parcours et mise en confrontation, entre autres, avec des toiles du ma\u00eetre Chardin, tout \u00e0 fait exceptionnelles. En effet, comme il n&rsquo;y avait pas grand monde le jour de ma visite (nous devions \u00eatre une quinzaine seulement), j&rsquo;ai pu avoir la chance et le loisir de m&rsquo;approcher des toiles et d&rsquo;appr\u00e9cier la sp\u00e9cificit\u00e9 de la technique du peintre : un<strong> intense clair-obscur <\/strong>et l&rsquo;utilisation de <strong>couleurs denses<\/strong> qui permettent de donner de la force et du contraste \u00e0 ses compositions. De plus, la<strong> touche \u00e9paisse <\/strong>participe \u00e0 cr\u00e9er des <strong>effets de mati\u00e8re<\/strong> et des <strong>jeux avec la lumi\u00e8re<\/strong> assez surprenants. <\/p>\n\n\n\n<ul class=\"wp-block-gallery columns-3 is-cropped wp-block-gallery-1 is-layout-flex wp-block-gallery-is-layout-flex\"><li class=\"blocks-gallery-item\"><figure><img loading=\"lazy\" decoding=\"async\" width=\"500\" height=\"500\" src=\"https:\/\/larevuedespectateurs.artecom.studio\/20201\/wp-content\/uploads\/sites\/3\/2021\/12\/exposition_theodule_ribot_augustins_2.jpg\" alt=\"\" data-id=\"3344\" data-link=\"https:\/\/larevuedespectateurs.artecom.studio\/20201\/?attachment_id=3344\" class=\"wp-image-3344\" srcset=\"https:\/\/larevuedespectateurs.artecom.studio\/20201\/wp-content\/uploads\/sites\/3\/2021\/12\/exposition_theodule_ribot_augustins_2.jpg 500w, https:\/\/larevuedespectateurs.artecom.studio\/20201\/wp-content\/uploads\/sites\/3\/2021\/12\/exposition_theodule_ribot_augustins_2-150x150.jpg 150w, https:\/\/larevuedespectateurs.artecom.studio\/20201\/wp-content\/uploads\/sites\/3\/2021\/12\/exposition_theodule_ribot_augustins_2-300x300.jpg 300w\" sizes=\"auto, (max-width: 500px) 100vw, 500px\" \/><\/figure><\/li><li class=\"blocks-gallery-item\"><figure><img loading=\"lazy\" decoding=\"async\" width=\"410\" height=\"500\" src=\"https:\/\/larevuedespectateurs.artecom.studio\/20201\/wp-content\/uploads\/sites\/3\/2021\/12\/Gigot-410x500.jpg\" alt=\"\" data-id=\"3345\" data-link=\"https:\/\/larevuedespectateurs.artecom.studio\/20201\/?attachment_id=3345\" class=\"wp-image-3345\" srcset=\"https:\/\/larevuedespectateurs.artecom.studio\/20201\/wp-content\/uploads\/sites\/3\/2021\/12\/Gigot-410x500.jpg 410w, https:\/\/larevuedespectateurs.artecom.studio\/20201\/wp-content\/uploads\/sites\/3\/2021\/12\/Gigot-410x500-246x300.jpg 246w\" sizes=\"auto, (max-width: 410px) 100vw, 410px\" \/><\/figure><\/li><li class=\"blocks-gallery-item\"><figure><img loading=\"lazy\" decoding=\"async\" width=\"535\" height=\"535\" src=\"https:\/\/larevuedespectateurs.artecom.studio\/20201\/wp-content\/uploads\/sites\/3\/2021\/12\/exposition_theodule_ribot_augustins_3.jpg\" alt=\"\" data-id=\"3346\" data-link=\"https:\/\/larevuedespectateurs.artecom.studio\/20201\/?attachment_id=3346\" class=\"wp-image-3346\" srcset=\"https:\/\/larevuedespectateurs.artecom.studio\/20201\/wp-content\/uploads\/sites\/3\/2021\/12\/exposition_theodule_ribot_augustins_3.jpg 535w, https:\/\/larevuedespectateurs.artecom.studio\/20201\/wp-content\/uploads\/sites\/3\/2021\/12\/exposition_theodule_ribot_augustins_3-150x150.jpg 150w, https:\/\/larevuedespectateurs.artecom.studio\/20201\/wp-content\/uploads\/sites\/3\/2021\/12\/exposition_theodule_ribot_augustins_3-300x300.jpg 300w\" sizes=\"auto, (max-width: 535px) 100vw, 535px\" \/><\/figure><\/li><li class=\"blocks-gallery-item\"><figure><img loading=\"lazy\" decoding=\"async\" width=\"400\" height=\"286\" src=\"https:\/\/larevuedespectateurs.artecom.studio\/20201\/wp-content\/uploads\/sites\/3\/2021\/12\/site-internet.png\" alt=\"\" data-id=\"3347\" data-link=\"https:\/\/larevuedespectateurs.artecom.studio\/20201\/?attachment_id=3347\" class=\"wp-image-3347\" srcset=\"https:\/\/larevuedespectateurs.artecom.studio\/20201\/wp-content\/uploads\/sites\/3\/2021\/12\/site-internet.png 400w, https:\/\/larevuedespectateurs.artecom.studio\/20201\/wp-content\/uploads\/sites\/3\/2021\/12\/site-internet-300x215.png 300w\" sizes=\"auto, (max-width: 400px) 100vw, 400px\" \/><figcaption>Photographies : Mathilde Besse. Vues de l&rsquo;exposition au Mus\u00e9e des Augustins.<br>Reproductions des \u0153uvres de Th\u00e9odule Ribot &#8211; Mus\u00e9e de Picardie et Mus\u00e9e de Caen.<\/figcaption><\/figure><\/li><\/ul>\n\n\n\n<p>Pour faciliter la visite et afin de mieux identifier les diff\u00e9rents artistes expos\u00e9s, les tableaux de la main de<strong> Ribot<\/strong> sont pr\u00e9sent\u00e9s sur des cartels <strong>fond noir<\/strong>, ceux des <strong>ma\u00eetres du XVIIe et XVIIIe si\u00e8cles<\/strong> sont sur des cartels <strong>fond vert <\/strong>et ceux des<strong> ma\u00eetres contemporains de la deuxi\u00e8me moiti\u00e9 du XIXe si\u00e8cle <\/strong>sont sur<strong> fond rose<\/strong>. J&rsquo;ai trouv\u00e9 la d\u00e9marche tr\u00e8s astucieuse car elle m&rsquo;a permise de replacer en un coup d&rsquo;\u0153il le contexte de l&rsquo;\u0153uvre.<\/p>\n\n\n\n<p>J&rsquo;ai aussi particuli\u00e8rement appr\u00e9ci\u00e9 <strong>l&rsquo;espace d\u00e9di\u00e9 \u00e0 la documentation<\/strong> sur l&rsquo;exposition. Une grande <strong>frise chronologique <\/strong>avec les date cl\u00e9s de la vie de l&rsquo;artiste est affich\u00e9e au mur. Dans ce coin, o\u00f9 se trouve des<strong> livres pour les jeunes enfants<\/strong> et une petite table, sont \u00e9galement expos\u00e9s des <strong>ouvrages en lien avec l&rsquo;exposition pour le grand public<\/strong>. Ainsi, on peut trouver des livres d&rsquo;histoire de l&rsquo;art sur le mouvement du r\u00e9alisme, sur le genre de la peinture morte, sur des artistes comme Courbet ou Chardin, mais il y a aussi des livres de vulgarisation sur un th\u00e8me comme, par exemple, <em>Histoire d&rsquo;une couleur. Noir<\/em> de Michel Pastoureau ou encore des romans sur l&rsquo;\u00e9poque du peintre comme <em>Le Ventre de Paris <\/em>d&rsquo;Emile Zola. Je trouve cela tr\u00e8s commode quand on a envie d&rsquo;approfondir de sujet ou de feuilleter des beaux catalogues d&rsquo;exposition en lien avec notre visite.<\/p>\n\n\n\n<ul class=\"wp-block-gallery columns-3 is-cropped wp-block-gallery-2 is-layout-flex wp-block-gallery-is-layout-flex\"><li class=\"blocks-gallery-item\"><figure><img loading=\"lazy\" decoding=\"async\" width=\"862\" height=\"574\" src=\"https:\/\/larevuedespectateurs.artecom.studio\/20201\/wp-content\/uploads\/sites\/3\/2021\/12\/Capture-d\u2019\u00e9cran-2021-12-10-111215.png\" alt=\"\" data-id=\"3348\" data-link=\"https:\/\/larevuedespectateurs.artecom.studio\/20201\/?attachment_id=3348\" class=\"wp-image-3348\" srcset=\"https:\/\/larevuedespectateurs.artecom.studio\/20201\/wp-content\/uploads\/sites\/3\/2021\/12\/Capture-d\u2019\u00e9cran-2021-12-10-111215.png 862w, https:\/\/larevuedespectateurs.artecom.studio\/20201\/wp-content\/uploads\/sites\/3\/2021\/12\/Capture-d\u2019\u00e9cran-2021-12-10-111215-300x200.png 300w, https:\/\/larevuedespectateurs.artecom.studio\/20201\/wp-content\/uploads\/sites\/3\/2021\/12\/Capture-d\u2019\u00e9cran-2021-12-10-111215-768x511.png 768w\" sizes=\"auto, (max-width: 862px) 100vw, 862px\" \/><\/figure><\/li><li class=\"blocks-gallery-item\"><figure><img loading=\"lazy\" decoding=\"async\" width=\"873\" height=\"603\" src=\"https:\/\/larevuedespectateurs.artecom.studio\/20201\/wp-content\/uploads\/sites\/3\/2021\/12\/Ribot-5.png\" alt=\"\" data-id=\"3349\" data-link=\"https:\/\/larevuedespectateurs.artecom.studio\/20201\/?attachment_id=3349\" class=\"wp-image-3349\" srcset=\"https:\/\/larevuedespectateurs.artecom.studio\/20201\/wp-content\/uploads\/sites\/3\/2021\/12\/Ribot-5.png 873w, https:\/\/larevuedespectateurs.artecom.studio\/20201\/wp-content\/uploads\/sites\/3\/2021\/12\/Ribot-5-300x207.png 300w, https:\/\/larevuedespectateurs.artecom.studio\/20201\/wp-content\/uploads\/sites\/3\/2021\/12\/Ribot-5-768x530.png 768w, https:\/\/larevuedespectateurs.artecom.studio\/20201\/wp-content\/uploads\/sites\/3\/2021\/12\/Ribot-5-392x272.png 392w, https:\/\/larevuedespectateurs.artecom.studio\/20201\/wp-content\/uploads\/sites\/3\/2021\/12\/Ribot-5-130x90.png 130w\" sizes=\"auto, (max-width: 873px) 100vw, 873px\" \/><\/figure><\/li><li class=\"blocks-gallery-item\"><figure><img loading=\"lazy\" decoding=\"async\" width=\"1003\" height=\"754\" src=\"https:\/\/larevuedespectateurs.artecom.studio\/20201\/wp-content\/uploads\/sites\/3\/2021\/12\/Ribot-6.png\" alt=\"\" data-id=\"3350\" data-link=\"https:\/\/larevuedespectateurs.artecom.studio\/20201\/?attachment_id=3350\" class=\"wp-image-3350\" srcset=\"https:\/\/larevuedespectateurs.artecom.studio\/20201\/wp-content\/uploads\/sites\/3\/2021\/12\/Ribot-6.png 1003w, https:\/\/larevuedespectateurs.artecom.studio\/20201\/wp-content\/uploads\/sites\/3\/2021\/12\/Ribot-6-300x226.png 300w, https:\/\/larevuedespectateurs.artecom.studio\/20201\/wp-content\/uploads\/sites\/3\/2021\/12\/Ribot-6-768x577.png 768w\" sizes=\"auto, (max-width: 1003px) 100vw, 1003px\" \/><\/figure><\/li><li class=\"blocks-gallery-item\"><figure><img loading=\"lazy\" decoding=\"async\" width=\"1024\" height=\"666\" src=\"https:\/\/larevuedespectateurs.artecom.studio\/20201\/wp-content\/uploads\/sites\/3\/2021\/12\/Ribot-7-1024x666.png\" alt=\"\" data-id=\"3351\" data-link=\"https:\/\/larevuedespectateurs.artecom.studio\/20201\/?attachment_id=3351\" class=\"wp-image-3351\" srcset=\"https:\/\/larevuedespectateurs.artecom.studio\/20201\/wp-content\/uploads\/sites\/3\/2021\/12\/Ribot-7-1024x666.png 1024w, https:\/\/larevuedespectateurs.artecom.studio\/20201\/wp-content\/uploads\/sites\/3\/2021\/12\/Ribot-7-300x195.png 300w, https:\/\/larevuedespectateurs.artecom.studio\/20201\/wp-content\/uploads\/sites\/3\/2021\/12\/Ribot-7-768x500.png 768w, https:\/\/larevuedespectateurs.artecom.studio\/20201\/wp-content\/uploads\/sites\/3\/2021\/12\/Ribot-7.png 1107w\" sizes=\"auto, (max-width: 1024px) 100vw, 1024px\" \/><figcaption>Photographies : Mathilde Besse. Exposition Mus\u00e9e des Augustins.<\/figcaption><\/figure><\/li><\/ul>\n\n\n\n<p><strong>L&rsquo;exposition <\/strong>\u00ab\u00a0Th\u00e9odule Ribot. Une d\u00e9licieuse obscurit\u00e9.\u00a0\u00bb <strong>est rapide \u00e0 faire<\/strong> (<strong>45 minutes <\/strong>suffisent pour voir l&rsquo;ensemble des \u0153uvres et d\u00e9ambuler tranquillement dans les diff\u00e9rents espaces), tout en \u00e9tant <strong>accessible au plus grand nombre<\/strong>. En effet, les <strong>textes d&rsquo;introduction <\/strong>\u00e0 chaque nouveau th\u00e8me sont<strong> concis, sobres et clairs<\/strong>. Le <strong>code couleur des cartels <\/strong>(cf. <em>supra<\/em>) et les <strong>informations fournies sont utiles<\/strong> et cernent bien l&rsquo;int\u00e9r\u00eat de l&rsquo;\u0153uvre en quelques phrases. Par ailleurs, <strong>l&rsquo;association et la confrontation entre les \u0153uvres de Ribot avec celles des ma\u00eetres qui l&rsquo;ont inspir\u00e9 et celles de ses contemporains,<\/strong> apporte une plus <strong>grande richesse<\/strong> \u00e0 l&rsquo;exposition dans son ensemble.<\/p>\n\n\n\n<p>Si vous \u00eates amateur de la peinture et du<strong> style r\u00e9aliste<\/strong>, adepte des <strong>sujets assez aust\u00e8res <\/strong>comme<strong> la nature morte,<\/strong> le <strong>portrait social<\/strong> des paysans et des artisans, la <strong>peinture de religion et d&rsquo;histoire<\/strong>, cette exposition devrait vous plaire. Alors n&rsquo;h\u00e9sitez pas \u00e0 y jeter un coup d&rsquo;\u0153il si l&rsquo;occasion se pr\u00e9sente !<\/p>\n\n\n\n<figure class=\"wp-block-embed-youtube wp-block-embed is-type-video is-provider-youtube wp-embed-aspect-16-9 wp-has-aspect-ratio\"><div class=\"wp-block-embed__wrapper\">\n<iframe loading=\"lazy\" title=\"Exposition &quot;Th\u00e9odule Ribot (1823-1891). Une d\u00e9licieuse obscurit\u00e9&quot;.\" width=\"800\" height=\"450\" src=\"https:\/\/www.youtube.com\/embed\/3_US8JlBkes?feature=oembed\" frameborder=\"0\" allow=\"accelerometer; autoplay; clipboard-write; encrypted-media; gyroscope; picture-in-picture\" allowfullscreen><\/iframe>\n<\/div><figcaption>Vid\u00e9o Youtube de la cha\u00eene officielle du Mus\u00e9e des Augustins.<\/figcaption><\/figure>\n\n\n\n<p><\/p>\n","protected":false},"excerpt":{"rendered":"<p>En d\u00e9pit d&rsquo;une fermeture partielle des lieux pour cause de r\u00e9novation, le mus\u00e9e des Augustins \u00e0 Toulouse laisse n\u00e9anmoins ouvert<\/p>\n","protected":false},"author":26,"featured_media":3340,"comment_status":"closed","ping_status":"open","sticky":false,"template":"","format":"standard","meta":{"colormag_page_container_layout":"default_layout","colormag_page_sidebar_layout":"default_layout","footnotes":""},"categories":[5],"tags":[],"class_list":["post-3337","post","type-post","status-publish","format-standard","has-post-thumbnail","hentry","category-exposition"],"_links":{"self":[{"href":"https:\/\/larevuedespectateurs.artecom.studio\/20201\/wp-json\/wp\/v2\/posts\/3337","targetHints":{"allow":["GET"]}}],"collection":[{"href":"https:\/\/larevuedespectateurs.artecom.studio\/20201\/wp-json\/wp\/v2\/posts"}],"about":[{"href":"https:\/\/larevuedespectateurs.artecom.studio\/20201\/wp-json\/wp\/v2\/types\/post"}],"author":[{"embeddable":true,"href":"https:\/\/larevuedespectateurs.artecom.studio\/20201\/wp-json\/wp\/v2\/users\/26"}],"replies":[{"embeddable":true,"href":"https:\/\/larevuedespectateurs.artecom.studio\/20201\/wp-json\/wp\/v2\/comments?post=3337"}],"version-history":[{"count":2,"href":"https:\/\/larevuedespectateurs.artecom.studio\/20201\/wp-json\/wp\/v2\/posts\/3337\/revisions"}],"predecessor-version":[{"id":3352,"href":"https:\/\/larevuedespectateurs.artecom.studio\/20201\/wp-json\/wp\/v2\/posts\/3337\/revisions\/3352"}],"wp:featuredmedia":[{"embeddable":true,"href":"https:\/\/larevuedespectateurs.artecom.studio\/20201\/wp-json\/wp\/v2\/media\/3340"}],"wp:attachment":[{"href":"https:\/\/larevuedespectateurs.artecom.studio\/20201\/wp-json\/wp\/v2\/media?parent=3337"}],"wp:term":[{"taxonomy":"category","embeddable":true,"href":"https:\/\/larevuedespectateurs.artecom.studio\/20201\/wp-json\/wp\/v2\/categories?post=3337"},{"taxonomy":"post_tag","embeddable":true,"href":"https:\/\/larevuedespectateurs.artecom.studio\/20201\/wp-json\/wp\/v2\/tags?post=3337"}],"curies":[{"name":"wp","href":"https:\/\/api.w.org\/{rel}","templated":true}]}}