{"id":3296,"date":"2022-02-01T00:02:24","date_gmt":"2022-01-31T23:02:24","guid":{"rendered":"https:\/\/larevuedespectateurs.artecom.studio\/20201\/?p=3296"},"modified":"2022-01-31T14:46:23","modified_gmt":"2022-01-31T13:46:23","slug":"chateau-et-musee-de-foix-il-etait-une-foix-la-mediation","status":"publish","type":"post","link":"https:\/\/larevuedespectateurs.artecom.studio\/20201\/2022\/02\/01\/chateau-et-musee-de-foix-il-etait-une-foix-la-mediation\/","title":{"rendered":"Ch\u00e2teau et mus\u00e9e de Foix ; il \u00e9tait une foi(x) la m\u00e9diation !"},"content":{"rendered":"\n<p style=\"color:#8d6219\" class=\"has-text-color has-drop-cap\">Foix, pr\u00e9fecture de l\u2019Ari\u00e8ge&#8230;cela faisait 10 ans que je n\u2019\u00e9tais pas revenue visiter son ch\u00e2teau. Entre temps, toute la m\u00e9diation du lieu a \u00a0\u00e9t\u00e9 repens\u00e9e (et largement financ\u00e9e). Aujourd\u2019hui, je vous propose de le visiter avec moi. J\u2019aimerais t\u00e9moigner de cet avant\/apr\u00e8s qui m\u2019a litt\u00e9ralement impressionn\u00e9e. Cher ch\u00e2teau de mon enfance, on arrive\u00a0! <\/p>\n\n\n\n<div class=\"wp-block-image\"><figure class=\"alignright\"><img loading=\"lazy\" decoding=\"async\" width=\"418\" height=\"279\" src=\"https:\/\/larevuedespectateurs.artecom.studio\/20201\/wp-content\/uploads\/sites\/3\/2021\/11\/DSC_2063.jpg\" alt=\"\" class=\"wp-image-3297\" srcset=\"https:\/\/larevuedespectateurs.artecom.studio\/20201\/wp-content\/uploads\/sites\/3\/2021\/11\/DSC_2063.jpg 418w, https:\/\/larevuedespectateurs.artecom.studio\/20201\/wp-content\/uploads\/sites\/3\/2021\/11\/DSC_2063-300x200.jpg 300w\" sizes=\"auto, (max-width: 418px) 100vw, 418px\" \/><\/figure><\/div>\n\n\n\n<h4 class=\"wp-block-heading\"><strong>A la d\u00e9couverte des comtes de Foix ! <\/strong><\/h4>\n\n\n\n<p>J\u2019ai v\u00e9cu de mes 8 \u00e0 11 ans \u00e0 Foix. Visite scolaire, pr\u00e9sentation du lieu \u00e0 la famille et aux amis \u2026 ce ch\u00e2teau, je l\u2019ai visit\u00e9 maintes fois\u00a0! A l\u2019\u00e9poque, rien d\u2019extraordinaire autour de la valorisation du lieu\u00a0: des guides, une visite du ch\u00e2teau et de ses vieilles pierres, quelques armures et armes d&rsquo;expos\u00e9es. La vue depuis ce ch\u00e2teau constituait toutefois une petite consolation au manque d\u2019informations autour du lieu. La m\u00e9diation, majoritairement orale ne permettait pas de sublimer ni de t\u00e9moigner de l\u2019histoire du lieu. <\/p>\n\n\n\n<p>10 ans apr\u00e8s, beaucoup de choses ont chang\u00e9\u00a0; une conception de la m\u00e9diation diff\u00e9rente, des recherches, sans doute, plus abouties autour de l\u2019histoire et de la valorisation du lieu. Ce ch\u00e2teau, je l\u2019ai d\u00e9couverte sous un autre jour, avec tout son potentiel et son histoire fascinante, enfin montr\u00e9s \u00e0 leur juste valeur. <\/p>\n\n\n\n<h4 class=\"wp-block-heading\"><strong>Espace mus\u00e9ographique du ch\u00e2teau ; le moderne pour sublimer l\u2019ancien<\/strong><\/h4>\n\n\n\n<div class=\"wp-block-image\"><figure class=\"alignleft\"><img loading=\"lazy\" decoding=\"async\" width=\"397\" height=\"298\" src=\"https:\/\/larevuedespectateurs.artecom.studio\/20201\/wp-content\/uploads\/sites\/3\/2021\/11\/IMG_20211030_173544.jpg\" alt=\"\" class=\"wp-image-3298\" srcset=\"https:\/\/larevuedespectateurs.artecom.studio\/20201\/wp-content\/uploads\/sites\/3\/2021\/11\/IMG_20211030_173544.jpg 397w, https:\/\/larevuedespectateurs.artecom.studio\/20201\/wp-content\/uploads\/sites\/3\/2021\/11\/IMG_20211030_173544-300x225.jpg 300w\" sizes=\"auto, (max-width: 397px) 100vw, 397px\" \/><\/figure><\/div>\n\n\n\n<p>Notre aventure commence d\u00e9sormais au mus\u00e9e du ch\u00e2teau, qui se situe aux pieds de celui-ci. Quand j\u2019\u00e9tais petite, cela n\u2019existait pas&nbsp;; ce lieu, ancien palais de justice de la ville, a \u00e9t\u00e9 emm\u00e9nag\u00e9 et repens\u00e9 en espace mus\u00e9ographique de 2000m2 qui ouvrira en 2019 apr\u00e8s 2 ans de travaux. <\/p>\n\n\n\n<div class=\"wp-block-image\"><figure class=\"alignright is-resized\"><img loading=\"lazy\" decoding=\"async\" src=\"https:\/\/larevuedespectateurs.artecom.studio\/20201\/wp-content\/uploads\/sites\/3\/2021\/11\/IMG_20211030_173753.jpg\" alt=\"\" class=\"wp-image-3299\" width=\"225\" height=\"300\" srcset=\"https:\/\/larevuedespectateurs.artecom.studio\/20201\/wp-content\/uploads\/sites\/3\/2021\/11\/IMG_20211030_173753.jpg 298w, https:\/\/larevuedespectateurs.artecom.studio\/20201\/wp-content\/uploads\/sites\/3\/2021\/11\/IMG_20211030_173753-225x300.jpg 225w\" sizes=\"auto, (max-width: 225px) 100vw, 225px\" \/><\/figure><\/div>\n\n\n\n<p>Cet espace est un savant m\u00e9lange entre pr\u00e9sentation d\u2019objets, reconstitutions et technologies num\u00e9riques. L\u2019espace est grand, \u00e9pur\u00e9 tout en condensant une multitude d\u2019informations. Il vous faudra pr\u00e9voir beaucoup de temps si vous souhaitez l&rsquo;explorer de fond en comble\u00a0! J\u2019ai beaucoup appr\u00e9ci\u00e9 la modernit\u00e9 du lieu, qui cassait avec la pr\u00e9sentation des objets historiques, tout en s\u2019unissant \u00e0 des dispositifs num\u00e9riques \u00e9tonnants. <\/p>\n\n\n\n<div class=\"wp-block-image\"><figure class=\"alignleft is-resized\"><img loading=\"lazy\" decoding=\"async\" src=\"https:\/\/larevuedespectateurs.artecom.studio\/20201\/wp-content\/uploads\/sites\/3\/2021\/11\/IMG_20211030_173522-1.jpg\" alt=\"\" class=\"wp-image-3301\" width=\"495\" height=\"389\" srcset=\"https:\/\/larevuedespectateurs.artecom.studio\/20201\/wp-content\/uploads\/sites\/3\/2021\/11\/IMG_20211030_173522-1.jpg 622w, https:\/\/larevuedespectateurs.artecom.studio\/20201\/wp-content\/uploads\/sites\/3\/2021\/11\/IMG_20211030_173522-1-300x236.jpg 300w\" sizes=\"auto, (max-width: 495px) 100vw, 495px\" \/><\/figure><\/div>\n\n\n\n<p>Adieu les \u00e9critos et m\u00e9diations \u00e9crites vieillottes ou classiques. Ici, ce sont les murs qui se parent d\u2019informations, dans une \u00e9criture et un assemblage les rendant tr\u00e8s modernes. Ces informations \u00e9crites sont emball\u00e9es dans des \u00e9crins infographiques sobre et modernes, accompagn\u00e9es d\u2019images d\u2019artistes que l\u2019on croirait sorties de bande-dessin\u00e9es, reconstituant des sc\u00e8nes de l\u2019\u00e9poque. L\u2019information s\u2019en trouve embellie, plus accessible.<\/p>\n\n\n\n<div class=\"wp-block-image\"><figure class=\"alignright\"><img loading=\"lazy\" decoding=\"async\" width=\"298\" height=\"397\" src=\"https:\/\/larevuedespectateurs.artecom.studio\/20201\/wp-content\/uploads\/sites\/3\/2021\/11\/IMG_20211030_173134.jpg\" alt=\"\" class=\"wp-image-3302\" srcset=\"https:\/\/larevuedespectateurs.artecom.studio\/20201\/wp-content\/uploads\/sites\/3\/2021\/11\/IMG_20211030_173134.jpg 298w, https:\/\/larevuedespectateurs.artecom.studio\/20201\/wp-content\/uploads\/sites\/3\/2021\/11\/IMG_20211030_173134-225x300.jpg 225w\" sizes=\"auto, (max-width: 298px) 100vw, 298px\" \/><\/figure><\/div>\n\n\n\n<p>Je pourrais m\u2019\u00e9tendre des heures sur la qualit\u00e9 visuelle du lieu, qui rend la visite agr\u00e9able et fluide. L\u2019\u0153il est naturellement entrain\u00e9 \u00e0 des points particuliers, malgr\u00e9 la densit\u00e9 de toutes les informations repr\u00e9sent\u00e9es. L\u2019espace est savamment r\u00e9fl\u00e9chi, donnant acc\u00e8s \u00e0 des points quasi incontournables. <\/p>\n\n\n\n<div class=\"wp-block-media-text alignwide\" style=\"grid-template-columns:14% auto\"><figure class=\"wp-block-media-text__media\"><video controls src=\"https:\/\/larevuedespectateurs.artecom.studio\/20201\/wp-content\/uploads\/sites\/3\/2021\/11\/snapchat-196202003_wH5opSKK.mp4\"><\/video><\/figure><div class=\"wp-block-media-text__content\">\n<p> Mais j\u2019aimerais aussi vous parler des dispositifs num\u00e9riques. Les \u00a0dispositifs sont \u00e9tonnamment pr\u00e9sents \u2013\u00e9tonnamment pour moi et l\u2019image us\u00e9e que j\u2019avais du ch\u00e2teau du moins-.\u00a0 Certains sont interactifs et rendent le spectateur actif (comme l\u2019enqu\u00eate autour des comtes de Foix ou bien l\u2019arbre g\u00e9n\u00e9alogique). D\u2019autre sont plus passifs, mais permettent une immersion, comme l\u2019\u00e9cran g\u00e9ant d\u00e9di\u00e9 aux contes des parties de chasses de F\u00e9bus. Ce dispositif n&rsquo;apporte rien en substance \u00e0 l&rsquo;exposition, mais il constitue une parenth\u00e8se spectaculaire qui rompt avec le flot d&rsquo;informations. <\/p>\n<\/div><\/div>\n\n\n\n<div class=\"wp-block-media-text alignwide has-media-on-the-right\" style=\"grid-template-columns:auto 11%\"><figure class=\"wp-block-media-text__media\"><video controls src=\"https:\/\/larevuedespectateurs.artecom.studio\/20201\/wp-content\/uploads\/sites\/3\/2021\/11\/snapchat-122109076_REOxpyby.mp4\"><\/video><\/figure><div class=\"wp-block-media-text__content\">\n<p> J\u2019ai \u00e9galement appr\u00e9ci\u00e9 le parcours de la ville\u00a0; des maisons en carton reconstitu\u00e9es et des personnages qui parlent lorsqu\u2019on active un bouton. Ces derniers racontent leur vie, leur quotidien, afin que l\u2019on comprenne mieux l\u2019organisation de la ville, entre comte et pouvoir religieux. Malheureusement, certains d\u2019entre eux ne fonctionnaient plus lors de ma visite. C&rsquo;est l\u00e0 le risque du num\u00e9rique en cas de dysfonction &#8230; <\/p>\n<\/div><\/div>\n\n\n\n<p>Tous ces dispositifs&nbsp; aussi originaux et interactifs allient m\u00e9diation traditionnelle et num\u00e9rique et d\u00e9poussi\u00e8rent l\u2019image du lieu. Outre ce savant m\u00e9lange, j\u2019ai \u00e9t\u00e9 impressionn\u00e9e par la densit\u00e9 d\u2019informations qui existent sur le lieu. Si vous pr\u00e9parez une visite et que vous souhaitez tout savoir sur l\u2019histoire du ch\u00e2teau, je vous conseille de r\u00e9server au moins deux heures de votre temps \u00e0 l\u2019exploration de ce seul espace, si ce n\u2019est plus. <\/p>\n\n\n\n<div style=\"height:100px\" aria-hidden=\"true\" class=\"wp-block-spacer\"><\/div>\n\n\n\n<h4 class=\"wp-block-heading\"><strong>Visite du ch\u00e2teau&nbsp;; quel parti pris pour valoriser le patrimoine sur place&nbsp;?<\/strong><\/h4>\n\n\n\n<p>Quittons le mus\u00e9e pour gravir les remparts. Nous arrivons au ch\u00e2teau&nbsp;; mais tout me semble tout de m\u00eame diff\u00e9rent. <\/p>\n\n\n\n<div class=\"wp-block-image\"><figure class=\"alignleft is-resized\"><img loading=\"lazy\" decoding=\"async\" src=\"https:\/\/larevuedespectateurs.artecom.studio\/20201\/wp-content\/uploads\/sites\/3\/2021\/11\/DSC_2064.jpg\" alt=\"\" class=\"wp-image-3305\" width=\"299\" height=\"200\" srcset=\"https:\/\/larevuedespectateurs.artecom.studio\/20201\/wp-content\/uploads\/sites\/3\/2021\/11\/DSC_2064.jpg 418w, https:\/\/larevuedespectateurs.artecom.studio\/20201\/wp-content\/uploads\/sites\/3\/2021\/11\/DSC_2064-300x200.jpg 300w\" sizes=\"auto, (max-width: 299px) 100vw, 299px\" \/><\/figure><\/div>\n\n\n\n<div class=\"wp-block-image\"><figure class=\"alignright\"><img loading=\"lazy\" decoding=\"async\" width=\"282\" height=\"279\" src=\"https:\/\/larevuedespectateurs.artecom.studio\/20201\/wp-content\/uploads\/sites\/3\/2021\/11\/DSC_2071.jpg\" alt=\"\" class=\"wp-image-3307\" \/><\/figure><\/div>\n\n\n\n<p>Un jardin de plante ainsi que leurs noms ont \u00e9t\u00e9 ajout\u00e9s un peu en contrebas avec une vue imprenable sur la ville. Je d\u00e9plore ici l\u2019absence d\u2019information sur les propri\u00e9t\u00e9s de ces plantes. Les panneaux et la police d\u2019\u00e9criture m\u00e9di\u00e9vale se retrouvent \u00e0 des endroits strat\u00e9giques pour informer le visiteur des points importants \u00e0 visiter&nbsp;; des m\u00e9diateurs et artisans sont post\u00e9s \u00e0 des endroits pr\u00e9cis. <\/p>\n\n\n\n<p>Ces derniers animent des ateliers ou bien, comme \u00e0 la forge ou chez le tailleur de pierre, montrent et expliquent leurs arts. Ce sont des personnes passionn\u00e9es, artisans de m\u00e9tier et ravis de faire partager leurs passions. Nous sommes rest\u00e9s longtemps \u00e0 parler \u00e0 la tailleuse de pierre qui nous a partag\u00e9 la richesse de son m\u00e9tier. Les v\u00eatements et les infrastructures nous plongent \u00e0 une autre \u00e9poque.<\/p>\n\n\n\n<div class=\"wp-block-image\"><figure class=\"aligncenter\"><img loading=\"lazy\" decoding=\"async\" width=\"524\" height=\"328\" src=\"https:\/\/larevuedespectateurs.artecom.studio\/20201\/wp-content\/uploads\/sites\/3\/2021\/11\/DSC_2222.jpg\" alt=\"\" class=\"wp-image-3308\" srcset=\"https:\/\/larevuedespectateurs.artecom.studio\/20201\/wp-content\/uploads\/sites\/3\/2021\/11\/DSC_2222.jpg 524w, https:\/\/larevuedespectateurs.artecom.studio\/20201\/wp-content\/uploads\/sites\/3\/2021\/11\/DSC_2222-300x188.jpg 300w\" sizes=\"auto, (max-width: 524px) 100vw, 524px\" \/><\/figure><\/div>\n\n\n\n<div class=\"wp-block-image\"><figure class=\"alignright\"><img loading=\"lazy\" decoding=\"async\" width=\"418\" height=\"279\" src=\"https:\/\/larevuedespectateurs.artecom.studio\/20201\/wp-content\/uploads\/sites\/3\/2021\/11\/DSC_2199.jpg\" alt=\"\" class=\"wp-image-3309\" srcset=\"https:\/\/larevuedespectateurs.artecom.studio\/20201\/wp-content\/uploads\/sites\/3\/2021\/11\/DSC_2199.jpg 418w, https:\/\/larevuedespectateurs.artecom.studio\/20201\/wp-content\/uploads\/sites\/3\/2021\/11\/DSC_2199-300x200.jpg 300w\" sizes=\"auto, (max-width: 418px) 100vw, 418px\" \/><\/figure><\/div>\n\n\n\n<p>Pour ce qui est de la visite du ch\u00e2teau, de beaux efforts de reconstitution ont \u00e9t\u00e9 r\u00e9alis\u00e9s. Les pi\u00e8ces t\u00e9moignent d\u2019une \u00e9poque et de pratiques r\u00e9volues, comme la salle de banquet. Dans cette salle, on nous propose un environnement sonore, d\u00e9routant\u00a0; des bruits et des sons adapt\u00e9s \u00e0 ce que l\u2019on trouve dans cette pi\u00e8ce. Notre imagination se charge alors du reste et nous transporte au Moyen-\u00e2ge. Par la suite, une voix nous donne les informations clefs propres \u00e0 chaque pi\u00e8ce. <\/p>\n\n\n\n<p>Except\u00e9 le patrimoine b\u00e2ti, le reste des objets que l\u2019on trouve ne sont que des reconstitutions&nbsp;; elles ont le m\u00e9rite de nous repr\u00e9senter un peu mieux la vie de l\u2019\u00e9poque. La visite de l\u2019espace mus\u00e9al est compl\u00e9mentaire car elle permet de montrer des objets arch\u00e9ologiques et de nous donner toutes les informations qu\u2019il nous manque.<\/p>\n\n\n\n<div style=\"height:100px\" aria-hidden=\"true\" class=\"wp-block-spacer\"><\/div>\n\n\n\n<h4 class=\"wp-block-heading\"><strong>En bref&nbsp;; \u00e7a vaut le coup ou pas&nbsp;?<\/strong><\/h4>\n\n\n\n<p>J\u2019ai appr\u00e9ci\u00e9 cette transformation qui embellie le\npatrimoine de Foix. D\u2019autres lieux comme la cit\u00e9 de Carcassonne m\u00e9riteraient une\nrefonte compl\u00e8te de la mani\u00e8re de penser la valorisation de leur patrimoine. Mais\ncette r\u00e9novation a un prix&nbsp;: 9 millions d\u2019euros et 2 ans de travaux pour\nle ch\u00e2teau de Foix. Pour 11 euros en tarif adulte, 9 en \u00e9tudiant, cela reste plus\ncher que la plupart des mus\u00e9es de Toulouse. Mais nous ne pouvons pas comparer\nFoix \u00e0 la l\u2019une des plus grandes villes de France&nbsp;! Cela reste abordable\naux vues de tous les dispositifs que le lieu propose. &nbsp;Je vous invite cependant \u00e0 vous m\u00e9nager du\ntemps afin de pouvoir appr\u00e9cier le patrimoine b\u00e2ti ainsi que toute son\nhistoire.<\/p>\n","protected":false},"excerpt":{"rendered":"<p>Foix, pr\u00e9fecture de l\u2019Ari\u00e8ge&#8230;cela faisait 10 ans que je n\u2019\u00e9tais pas revenue visiter son ch\u00e2teau. Entre temps, toute la m\u00e9diation<\/p>\n","protected":false},"author":38,"featured_media":3312,"comment_status":"closed","ping_status":"open","sticky":false,"template":"","format":"standard","meta":{"colormag_page_container_layout":"default_layout","colormag_page_sidebar_layout":"default_layout","footnotes":""},"categories":[6,3],"tags":[],"class_list":["post-3296","post","type-post","status-publish","format-standard","has-post-thumbnail","hentry","category-lieu-culturel","category-musee"],"_links":{"self":[{"href":"https:\/\/larevuedespectateurs.artecom.studio\/20201\/wp-json\/wp\/v2\/posts\/3296","targetHints":{"allow":["GET"]}}],"collection":[{"href":"https:\/\/larevuedespectateurs.artecom.studio\/20201\/wp-json\/wp\/v2\/posts"}],"about":[{"href":"https:\/\/larevuedespectateurs.artecom.studio\/20201\/wp-json\/wp\/v2\/types\/post"}],"author":[{"embeddable":true,"href":"https:\/\/larevuedespectateurs.artecom.studio\/20201\/wp-json\/wp\/v2\/users\/38"}],"replies":[{"embeddable":true,"href":"https:\/\/larevuedespectateurs.artecom.studio\/20201\/wp-json\/wp\/v2\/comments?post=3296"}],"version-history":[{"count":3,"href":"https:\/\/larevuedespectateurs.artecom.studio\/20201\/wp-json\/wp\/v2\/posts\/3296\/revisions"}],"predecessor-version":[{"id":3528,"href":"https:\/\/larevuedespectateurs.artecom.studio\/20201\/wp-json\/wp\/v2\/posts\/3296\/revisions\/3528"}],"wp:featuredmedia":[{"embeddable":true,"href":"https:\/\/larevuedespectateurs.artecom.studio\/20201\/wp-json\/wp\/v2\/media\/3312"}],"wp:attachment":[{"href":"https:\/\/larevuedespectateurs.artecom.studio\/20201\/wp-json\/wp\/v2\/media?parent=3296"}],"wp:term":[{"taxonomy":"category","embeddable":true,"href":"https:\/\/larevuedespectateurs.artecom.studio\/20201\/wp-json\/wp\/v2\/categories?post=3296"},{"taxonomy":"post_tag","embeddable":true,"href":"https:\/\/larevuedespectateurs.artecom.studio\/20201\/wp-json\/wp\/v2\/tags?post=3296"}],"curies":[{"name":"wp","href":"https:\/\/api.w.org\/{rel}","templated":true}]}}