{"id":3172,"date":"2021-06-22T08:15:25","date_gmt":"2021-06-22T06:15:25","guid":{"rendered":"https:\/\/larevuedespectateurs.artecom.studio\/20201\/?p=3172"},"modified":"2021-06-22T08:15:25","modified_gmt":"2021-06-22T06:15:25","slug":"la-fabulerie","status":"publish","type":"post","link":"https:\/\/larevuedespectateurs.artecom.studio\/20201\/2021\/06\/22\/la-fabulerie\/","title":{"rendered":"La Fabulerie"},"content":{"rendered":"\n<h6 class=\"wp-block-heading\" style=\"text-align:left\"><strong>La fabrique num\u00e9rique de Marseille <\/strong><\/h6>\n\n\n\n<p>La Fabulerie  fonctionne  depuis 2010 comme une fabrique num\u00e9rique et un tiers-lieu culturel \u00e0 Marseille. Son but est de d\u00e9mocratiser le langage num\u00e9rique afin de d\u00e9velopper la d\u00e9couverte de contenus culturels et patrimoniaux, soit par les professionnels de la culture, soit par le grand public.  C\u2019est une association soutenue par ses membres (les adh\u00e9rents), ses partenaires et des structures culturelles, p\u00e9dagogiques et sociales du territoire qui lui confient, par exemple, la cr\u00e9ation d\u2019expositions et d\u2019exp\u00e9riences num\u00e9riques.<\/p>\n\n\n\n<p> Le fait d\u2019\u00eatre au c\u0153ur de la ville lui permet d\u2019avoir une grande circulation d\u2019\u00e9v\u00e9nements et de public qui contribuent \u00e0 l\u2019activit\u00e9 de l\u2019espace : espace de coworking, cantine du midi, sc\u00e8ne \u00e9ph\u00e9m\u00e8re, d\u00e9monstrateur d\u2019innovations, espace de r\u00e9sidence artistique, cabaret num\u00e9rique, espace de formation\u2026 <\/p>\n\n\n\n<h6 class=\"wp-block-heading\"><strong>Que fabrique-t-on?<\/strong><\/h6>\n\n\n\n<div class=\"wp-block-image\"><figure class=\"alignleft is-resized\"><img loading=\"lazy\" decoding=\"async\" src=\"https:\/\/larevuedespectateurs.artecom.studio\/20201\/wp-content\/uploads\/sites\/3\/2021\/06\/Capturar3.jpg\" alt=\"\" class=\"wp-image-3176\" width=\"340\" height=\"421\" srcset=\"https:\/\/larevuedespectateurs.artecom.studio\/20201\/wp-content\/uploads\/sites\/3\/2021\/06\/Capturar3.jpg 680w, https:\/\/larevuedespectateurs.artecom.studio\/20201\/wp-content\/uploads\/sites\/3\/2021\/06\/Capturar3-243x300.jpg 243w\" sizes=\"auto, (max-width: 340px) 100vw, 340px\" \/><\/figure><\/div>\n\n\n\n<p>L\u2019\u00e9quipe scientifique et p\u00e9dagogique de La Fabulerie d\u00e9veloppe des programmes et cr\u00e9ations num\u00e9riques d\u00e9di\u00e9s \u00e0 la valorisation de collections patrimoniales dans des mus\u00e9es, th\u00e9\u00e2tres, biblioth\u00e8ques (locales et nationales) sous une perspective ludique et tourn\u00e9e vers l\u2019exp\u00e9rimentation. \u00c0 partir des m\u00e9thodes participatives, elle accompagne les professionnels de la culture\/patrimoine et de l\u2019\u00e9ducation dans la formulation de nouvelles formes de m\u00e9diation cr\u00e9ation de nouveaux modes de m\u00e9diation trouvant leur point d\u2019intersection dans l\u2019esth\u00e9tique, la sensibilit\u00e9, et le num\u00e9rique.<\/p>\n\n\n\n<p>Un exemple de cette action peut \u00eatre trouv\u00e9 dans ce que l\u2019on appelle la <a href=\"https:\/\/lafabulerie.com\/ressourcerie\/\">Ressourcerie<\/a> &#8211; une bo\u00eete \u00e0 outils pour passer de l\u2019id\u00e9e \u00e0 l\u2019action (\u00e0 d\u00e9pendre du mat\u00e9riel, accessible en ligne, sur place ou par livraison). Ces cr\u00e9ations sont pens\u00e9es pour faciliter la r\u00e9alisation de projets de m\u00e9diation num\u00e9rique et culturelle.<\/p>\n\n\n\n<h6 class=\"wp-block-heading\"><strong>Quand les id\u00e9es prennent forme : le Fabuleux Mus\u00e9e&nbsp;<\/strong><\/h6>\n\n\n\n<p> Pour explorer la diversit\u00e9 du patrimoine local \u00e0 partir de fonds culturels qui ne sont pas toujours expos\u00e9s, <a href=\"https:\/\/lefabuleuxmusee.com\/\">Le Fabuleux Mus\u00e9e<\/a>  proposera chaque ann\u00e9e une visite num\u00e9rique et immersive sur une th\u00e9matique diff\u00e9rente. L\u2019ouverture pr\u00e9vue pour le 12 avril, le mus\u00e9e de La Fabulerie invite le public \u00e0 apprendre sur la biodiversit\u00e9 et le changement climatique avec l\u2019exposition&nbsp; \u00ab L\u2019amulette du climat \u00bb : un escape game se passant \u00e0 la Belle \u00c9poque. On a mis en place avec l\u2019artiste Cl\u00e9o Duplan, des <a href=\"https:\/\/lefabuleuxmusee.com\/les-ludobox\">Ludobox<\/a>  pour d\u00e9couvrir les Archives Municipales de Marseille avec une proposition ludique et artistique diff\u00e9rente \u00e0 chaque semaine. <\/p>\n\n\n\n<p>Sachant que la nature de ses actions est participative et collaborative, La Fabulerie et son mus\u00e9e contribuent d\u2019un c\u00f4t\u00e9 \u00e0 la d\u00e9couverte du territoire et au partage des archives de la ville par les nouvelles g\u00e9n\u00e9rations et, de l\u2019autre, ouvrent de nouveaux moyens d\u2019exprimer et d\u2019observer la r\u00e9alit\u00e9 sous le r\u00e9gime du num\u00e9rique. <\/p>\n\n\n\n<p><\/p>\n","protected":false},"excerpt":{"rendered":"<p>La fabrique num\u00e9rique de Marseille La Fabulerie fonctionne depuis 2010 comme une fabrique num\u00e9rique et un tiers-lieu culturel \u00e0 Marseille.<\/p>\n","protected":false},"author":51,"featured_media":3173,"comment_status":"closed","ping_status":"open","sticky":false,"template":"","format":"standard","meta":{"colormag_page_container_layout":"default_layout","colormag_page_sidebar_layout":"default_layout","footnotes":""},"categories":[24,6],"tags":[],"class_list":["post-3172","post","type-post","status-publish","format-standard","has-post-thumbnail","hentry","category-action-culturelle","category-lieu-culturel"],"_links":{"self":[{"href":"https:\/\/larevuedespectateurs.artecom.studio\/20201\/wp-json\/wp\/v2\/posts\/3172","targetHints":{"allow":["GET"]}}],"collection":[{"href":"https:\/\/larevuedespectateurs.artecom.studio\/20201\/wp-json\/wp\/v2\/posts"}],"about":[{"href":"https:\/\/larevuedespectateurs.artecom.studio\/20201\/wp-json\/wp\/v2\/types\/post"}],"author":[{"embeddable":true,"href":"https:\/\/larevuedespectateurs.artecom.studio\/20201\/wp-json\/wp\/v2\/users\/51"}],"replies":[{"embeddable":true,"href":"https:\/\/larevuedespectateurs.artecom.studio\/20201\/wp-json\/wp\/v2\/comments?post=3172"}],"version-history":[{"count":4,"href":"https:\/\/larevuedespectateurs.artecom.studio\/20201\/wp-json\/wp\/v2\/posts\/3172\/revisions"}],"predecessor-version":[{"id":3241,"href":"https:\/\/larevuedespectateurs.artecom.studio\/20201\/wp-json\/wp\/v2\/posts\/3172\/revisions\/3241"}],"wp:featuredmedia":[{"embeddable":true,"href":"https:\/\/larevuedespectateurs.artecom.studio\/20201\/wp-json\/wp\/v2\/media\/3173"}],"wp:attachment":[{"href":"https:\/\/larevuedespectateurs.artecom.studio\/20201\/wp-json\/wp\/v2\/media?parent=3172"}],"wp:term":[{"taxonomy":"category","embeddable":true,"href":"https:\/\/larevuedespectateurs.artecom.studio\/20201\/wp-json\/wp\/v2\/categories?post=3172"},{"taxonomy":"post_tag","embeddable":true,"href":"https:\/\/larevuedespectateurs.artecom.studio\/20201\/wp-json\/wp\/v2\/tags?post=3172"}],"curies":[{"name":"wp","href":"https:\/\/api.w.org\/{rel}","templated":true}]}}