{"id":3106,"date":"2021-06-22T07:57:22","date_gmt":"2021-06-22T05:57:22","guid":{"rendered":"https:\/\/larevuedespectateurs.artecom.studio\/20201\/?p=3106"},"modified":"2021-06-22T07:57:22","modified_gmt":"2021-06-22T05:57:22","slug":"lorchestre-comme-si-on-y-etait","status":"publish","type":"post","link":"https:\/\/larevuedespectateurs.artecom.studio\/20201\/2021\/06\/22\/lorchestre-comme-si-on-y-etait\/","title":{"rendered":"L&rsquo;orchestre comme si on y \u00e9tait !"},"content":{"rendered":"\n<p>Le 1<sup>er<\/sup> f\u00e9vrier 2021, l<strong>\u2019Orchestre Etudiant<\/strong> de la ville de Toulouse a diffus\u00e9 en direct sur YouTube son concert de fin de semestre.<\/p>\n\n\n\n<p>Malgr\u00e9 la situation sanitaire particuli\u00e8re, le concert a tout de m\u00eame pu\navoir lieu \u00e0 distance sur la plateforme. Le direct est disponible ci-dessous&nbsp;:<\/p>\n\n\n\n<figure class=\"wp-block-embed-youtube wp-block-embed is-type-video is-provider-youtube wp-embed-aspect-16-9 wp-has-aspect-ratio\"><div class=\"wp-block-embed__wrapper\">\n<iframe loading=\"lazy\" title=\"CONCERT FILM\u00c9 - Concert de fin de semestre - 1er f\u00e9vrier 2021\" width=\"800\" height=\"450\" src=\"https:\/\/www.youtube.com\/embed\/qP3WEV7KMxE?feature=oembed\" frameborder=\"0\" allow=\"accelerometer; autoplay; clipboard-write; encrypted-media; gyroscope; picture-in-picture\" allowfullscreen><\/iframe>\n<\/div><\/figure>\n\n\n\n<p>Pour des raisons sanitaires, trois orchestres se sont succ\u00e9d\u00e9s&nbsp;; tout\nd\u2019abord deux orchestres de cordes puis un orchestre d\u2019harmonie. <\/p>\n\n\n\n<p>C\u2019\u00e9tait la premi\u00e8re fois pour moi que je participais \u00e0 un concert organis\u00e9 par un orchestre et d\u2019autant plus \u00e0 distance. Sans les conditions sanitaires actuelles, je n\u2019aurais probablement pas, de moi-m\u00eame, \u00e9cout\u00e9 un concert d\u2019orchestre. &nbsp;Je pense qu\u2019une meilleure acoustique aurait certainement rendu l\u2019exp\u00e9rience encore plus agr\u00e9able. N\u00e9anmoins, le soir, c\u2019\u00e9tait un \u00e9v\u00e9nement calme auquel j\u2019ai pris beaucoup de plaisir \u00e0 participer. <\/p>\n\n\n\n<p>L&rsquo;avantage de ces petits concerts \u00e0 domicile, c&rsquo;est que l&rsquo;on n&rsquo;a pas les regards des autres personnes venues assist\u00e9es \u00e0 un concert. Ainsi, quand, comme moi, on peut ne pas se sentir l\u00e9gitime \u00e0 aller \u00e0 un concert d&rsquo;orchestre, on peut tout de m\u00eame avoir acc\u00e8s \u00e0 cette exp\u00e9rience,  sans pour autant se sentir mal \u00e0 l&rsquo;aise.<\/p>\n\n\n\n<div class=\"wp-block-columns has-2-columns is-layout-flex wp-container-core-columns-is-layout-28f84493 wp-block-columns-is-layout-flex\">\n<div class=\"wp-block-column is-layout-flow wp-block-column-is-layout-flow\">\n<p> Et pour finir cet article, je vous laisse avec une vid\u00e9o r\u00e9alis\u00e9e par l\u2019Orchestre Etudiant de Toulouse durant le premier <strong>confinement.<\/strong> Cette reprise m\u00e9lange \u00e0 merveille le c\u00f4t\u00e9 orchestre et instrumentale avec la musique pop initiale.  <\/p>\n\n\n\n<p>M\u00eame en des temps compliqu\u00e9s, l&rsquo;OET continue de nous faire sourire :).<\/p>\n<\/div>\n\n\n\n<div class=\"wp-block-column is-layout-flow wp-block-column-is-layout-flow\">\n<figure class=\"wp-block-embed-youtube wp-block-embed is-type-video is-provider-youtube wp-embed-aspect-16-9 wp-has-aspect-ratio\"><div class=\"wp-block-embed__wrapper\">\n<iframe loading=\"lazy\" title=\"Toxic - Reprise par les vents de l&#039;OSET\" width=\"800\" height=\"450\" src=\"https:\/\/www.youtube.com\/embed\/BAElJLm2O94?feature=oembed\" frameborder=\"0\" allow=\"accelerometer; autoplay; clipboard-write; encrypted-media; gyroscope; picture-in-picture\" allowfullscreen><\/iframe>\n<\/div><\/figure>\n\n\n\n<p><\/p>\n<\/div>\n<\/div>\n\n\n\n<p>Pour en savoir plus sur l&rsquo;OET, n&rsquo;h\u00e9sitez pas \u00e0 aller faire un tour sur<a href=\"https:\/\/orchestre.ut-capitole.fr\/?fbclid=IwAR0_eLdRK5beQAYl_rxd85yvv153_sKvgsZJjEz4diyThZa4ZeYSxg3Y-mE\"> leur site <\/a>et<a href=\"https:\/\/www.facebook.com\/orchestre.etudiant.tlse\/\"> leurs r\u00e9seaux sociaux !<\/a><\/p>\n","protected":false},"excerpt":{"rendered":"<p>Le 1er f\u00e9vrier 2021, l\u2019Orchestre Etudiant de la ville de Toulouse a diffus\u00e9 en direct sur YouTube son concert de<\/p>\n","protected":false},"author":48,"featured_media":3110,"comment_status":"closed","ping_status":"open","sticky":false,"template":"","format":"standard","meta":{"colormag_page_container_layout":"default_layout","colormag_page_sidebar_layout":"default_layout","footnotes":""},"categories":[9],"tags":[],"class_list":["post-3106","post","type-post","status-publish","format-standard","has-post-thumbnail","hentry","category-concert"],"_links":{"self":[{"href":"https:\/\/larevuedespectateurs.artecom.studio\/20201\/wp-json\/wp\/v2\/posts\/3106","targetHints":{"allow":["GET"]}}],"collection":[{"href":"https:\/\/larevuedespectateurs.artecom.studio\/20201\/wp-json\/wp\/v2\/posts"}],"about":[{"href":"https:\/\/larevuedespectateurs.artecom.studio\/20201\/wp-json\/wp\/v2\/types\/post"}],"author":[{"embeddable":true,"href":"https:\/\/larevuedespectateurs.artecom.studio\/20201\/wp-json\/wp\/v2\/users\/48"}],"replies":[{"embeddable":true,"href":"https:\/\/larevuedespectateurs.artecom.studio\/20201\/wp-json\/wp\/v2\/comments?post=3106"}],"version-history":[{"count":7,"href":"https:\/\/larevuedespectateurs.artecom.studio\/20201\/wp-json\/wp\/v2\/posts\/3106\/revisions"}],"predecessor-version":[{"id":3235,"href":"https:\/\/larevuedespectateurs.artecom.studio\/20201\/wp-json\/wp\/v2\/posts\/3106\/revisions\/3235"}],"wp:featuredmedia":[{"embeddable":true,"href":"https:\/\/larevuedespectateurs.artecom.studio\/20201\/wp-json\/wp\/v2\/media\/3110"}],"wp:attachment":[{"href":"https:\/\/larevuedespectateurs.artecom.studio\/20201\/wp-json\/wp\/v2\/media?parent=3106"}],"wp:term":[{"taxonomy":"category","embeddable":true,"href":"https:\/\/larevuedespectateurs.artecom.studio\/20201\/wp-json\/wp\/v2\/categories?post=3106"},{"taxonomy":"post_tag","embeddable":true,"href":"https:\/\/larevuedespectateurs.artecom.studio\/20201\/wp-json\/wp\/v2\/tags?post=3106"}],"curies":[{"name":"wp","href":"https:\/\/api.w.org\/{rel}","templated":true}]}}