{"id":3095,"date":"2021-06-22T08:11:37","date_gmt":"2021-06-22T06:11:37","guid":{"rendered":"https:\/\/larevuedespectateurs.artecom.studio\/20201\/?p=3095"},"modified":"2021-06-22T08:11:38","modified_gmt":"2021-06-22T06:11:38","slug":"twenty-five-la-gaite-lyrique-sassocie-avec-jam","status":"publish","type":"post","link":"https:\/\/larevuedespectateurs.artecom.studio\/20201\/2021\/06\/22\/twenty-five-la-gaite-lyrique-sassocie-avec-jam\/","title":{"rendered":"Twenty Five &#8211; La Ga\u00eet\u00e9 Lyrique s&rsquo;associe avec Jam"},"content":{"rendered":"\n<figure class=\"wp-block-image\"><img decoding=\"async\" src=\"https:\/\/larevuedespectateurs.artecom.studio\/2019\/wp-content\/uploads\/sites\/2\/2021\/03\/25-1024x576.jpg\" alt=\"\" \/><\/figure>\n\n\n\n<h4 class=\"wp-block-heading\">  Pendant toute une soir\u00e9e, la g\u00e9n\u00e9ration des moins de 25 ans prend la parole dans la Grande salle de la Ga\u00eet\u00e9 Lyrique.   <\/h4>\n\n\n\n<p> C\u2019\u00e9tait le 4 mars en direct de la Ga\u00eet\u00e9 Lyrique, \u00e9tablissement culturel parisien dirig\u00e9 par Marc Dondey depuis 2016. Une \u00e9mission co-produite par Jam. Twenty Five est un regard sur les 25 prochaines ann\u00e9es par les moins de 25 ans. C\u2019est une voix donn\u00e9e \u00e0 la jeunesse qui p\u00e2tit de plus en plus aujourd\u2019hui. Plusieurs personnalit\u00e9s m\u00e9diatiques et culturelles vont ainsi partager leur vision du monde, l\u2019avenir qu\u2019il.elle.s voudraient, le r\u00f4le qu\u2019il.elles.s jouent et quelles sont leurs responsabilit\u00e9s en tant que personnalit\u00e9 publique. <\/p>\n\n\n\n<p>C\u2019est \u00e0 travers un \u00e9v\u00e9nement multi-plateformes, autant physique que digital, qui \u00e9tait retransmis en live sur Facebook et le site gaite-lyrique.net. Chaque intervenant\u00b7e transmettra sa vision \u00e0 travers des exp\u00e9riences de son choix\u2009: initiation au voguing, design fiction, chanson, sketch\u2026.&nbsp;<br><\/p>\n\n\n\n<figure class=\"wp-block-embed-youtube wp-block-embed is-type-video is-provider-youtube wp-embed-aspect-16-9 wp-has-aspect-ratio\"><div class=\"wp-block-embed__wrapper\">\n<iframe loading=\"lazy\" title=\"Twenty Five - les 25 prochaines ann\u00e9es vues par les moins de 25 ans\" width=\"800\" height=\"450\" src=\"https:\/\/www.youtube.com\/embed\/754bYUXaNps?start=1&#038;feature=oembed\" frameborder=\"0\" allow=\"accelerometer; autoplay; clipboard-write; encrypted-media; gyroscope; picture-in-picture\" allowfullscreen><\/iframe>\n<\/div><\/figure>\n\n\n\n<p>\n\nParmi elleux, Ana\u00efde Rozam (com\u00e9dienne) ,Charlotte Abramow (photographe et r\u00e9alisatrice), Fatima Daas (\u00e9crivaine), Hugo D\u00e9crypte (Youtubeur), , Camille Etienne (activiste), Bilal Hassani (chanteur),&nbsp; Le cul nu (cr\u00e9atrice de contenu),Shigo Ladur\u00e9e (drag queen), Abdelilah Laloui (\u00e9crivain),Elise&amp;Julia (entrepreneuses), Solal Moisan (r\u00e9alisateur) et Vinii Revlon (danseur de voguing).\n\n<\/p>\n\n\n\n<p>Mon exp\u00e9rience en tant que t\u00e9l\u00e9spectatrice fut mitig\u00e9e. Bien que l\u2019id\u00e9e soit originale et int\u00e9ressante, j\u2019ai trouv\u00e9 qu\u2019il y avait quelques probl\u00e8mes de montage qui donnaient une impression d&rsquo;enchainements mal accord\u00e9s. De plus, chaque invit\u00e9 \u00e9tant tr\u00e8s int\u00e9ressant, j&rsquo;ai trouv\u00e9 dommage que leur temps de parole soit si court. Un format plus long ou moins d\u2019invit\u00e9s par \u00e9mission pourrait rendre le show plus captivant en d\u00e9veloppant chaque opinion plus en profondeur.  <\/p>\n","protected":false},"excerpt":{"rendered":"<p>Pendant toute une soir\u00e9e, la g\u00e9n\u00e9ration des moins de 25 ans prend la parole dans la Grande salle de la<\/p>\n","protected":false},"author":16,"featured_media":0,"comment_status":"closed","ping_status":"open","sticky":false,"template":"","format":"standard","meta":{"colormag_page_container_layout":"no_sidebar_content_centered","colormag_page_sidebar_layout":"no_sidebar","footnotes":""},"categories":[24,7],"tags":[],"class_list":["post-3095","post","type-post","status-publish","format-standard","hentry","category-action-culturelle","category-site-web-culturel"],"_links":{"self":[{"href":"https:\/\/larevuedespectateurs.artecom.studio\/20201\/wp-json\/wp\/v2\/posts\/3095","targetHints":{"allow":["GET"]}}],"collection":[{"href":"https:\/\/larevuedespectateurs.artecom.studio\/20201\/wp-json\/wp\/v2\/posts"}],"about":[{"href":"https:\/\/larevuedespectateurs.artecom.studio\/20201\/wp-json\/wp\/v2\/types\/post"}],"author":[{"embeddable":true,"href":"https:\/\/larevuedespectateurs.artecom.studio\/20201\/wp-json\/wp\/v2\/users\/16"}],"replies":[{"embeddable":true,"href":"https:\/\/larevuedespectateurs.artecom.studio\/20201\/wp-json\/wp\/v2\/comments?post=3095"}],"version-history":[{"count":5,"href":"https:\/\/larevuedespectateurs.artecom.studio\/20201\/wp-json\/wp\/v2\/posts\/3095\/revisions"}],"predecessor-version":[{"id":3240,"href":"https:\/\/larevuedespectateurs.artecom.studio\/20201\/wp-json\/wp\/v2\/posts\/3095\/revisions\/3240"}],"wp:attachment":[{"href":"https:\/\/larevuedespectateurs.artecom.studio\/20201\/wp-json\/wp\/v2\/media?parent=3095"}],"wp:term":[{"taxonomy":"category","embeddable":true,"href":"https:\/\/larevuedespectateurs.artecom.studio\/20201\/wp-json\/wp\/v2\/categories?post=3095"},{"taxonomy":"post_tag","embeddable":true,"href":"https:\/\/larevuedespectateurs.artecom.studio\/20201\/wp-json\/wp\/v2\/tags?post=3095"}],"curies":[{"name":"wp","href":"https:\/\/api.w.org\/{rel}","templated":true}]}}