{"id":3091,"date":"2021-06-21T19:01:53","date_gmt":"2021-06-21T17:01:53","guid":{"rendered":"https:\/\/larevuedespectateurs.artecom.studio\/20201\/?p=3091"},"modified":"2021-06-21T19:01:54","modified_gmt":"2021-06-21T17:01:54","slug":"la-fete-du-court-metrage-en-ligne","status":"publish","type":"post","link":"https:\/\/larevuedespectateurs.artecom.studio\/20201\/2021\/06\/21\/la-fete-du-court-metrage-en-ligne\/","title":{"rendered":"La f\u00eate du Court-m\u00e9trage, en ligne"},"content":{"rendered":"\n<p style=\"text-align:left\">Pour une fois, une f\u00eate en ligne est r\u00e9ussie. Cette ann\u00e9e la f\u00eate du court m\u00e9trage se fera encore une fois sur internet. Si normalement les courts m\u00e9trages sont \u00e0 l\u2019honneur dans les cin\u00e9mas et m\u00e9diath\u00e8ques au mois de mars, ils le sont \u00e9galement cette ann\u00e9e sur nos petits \u00e9crans.\u00a0 <\/p>\n\n\n\n<figure class=\"wp-block-image alignfull\"><img loading=\"lazy\" decoding=\"async\" width=\"1024\" height=\"412\" src=\"https:\/\/larevuedespectateurs.artecom.studio\/20201\/wp-content\/uploads\/sites\/3\/2021\/03\/Capture-d\u2019\u00e9cran-2021-03-26-\u00e0-17.24.04-1024x412.jpg\" alt=\"\" class=\"wp-image-3092\" srcset=\"https:\/\/larevuedespectateurs.artecom.studio\/20201\/wp-content\/uploads\/sites\/3\/2021\/03\/Capture-d\u2019\u00e9cran-2021-03-26-\u00e0-17.24.04-1024x412.jpg 1024w, https:\/\/larevuedespectateurs.artecom.studio\/20201\/wp-content\/uploads\/sites\/3\/2021\/03\/Capture-d\u2019\u00e9cran-2021-03-26-\u00e0-17.24.04-300x121.jpg 300w, https:\/\/larevuedespectateurs.artecom.studio\/20201\/wp-content\/uploads\/sites\/3\/2021\/03\/Capture-d\u2019\u00e9cran-2021-03-26-\u00e0-17.24.04-768x309.jpg 768w\" sizes=\"auto, (max-width: 1024px) 100vw, 1024px\" \/><\/figure>\n\n\n\n<p><br>La f\u00eate du court m\u00e9trage propose plusieurs dispositifs : la \u00ab galaxie du cours \u00bb, des \u00e9v\u00e9nements nationaux et des \u00e9v\u00e9nements locaux. Je vous propose de plonger dans la galaxie ! (le d\u00e9collage est gratuit)<\/p>\n\n\n\n<h4 class=\"wp-block-heading\">Des courts de qualit\u00e9s  <\/h4>\n\n\n\n<p>\u00a0La f\u00eate du court m\u00e9trage nous propose de nous familiariser avec un format cin\u00e9matographique peu reconnu.\u00a0 Elle nous invite \u00e0 c\u00e9l\u00e9brer l\u2019art du film dans un petit format. Le spectateur parcourt la f\u00eate avec une grande libert\u00e9 de choix, et une grande diversit\u00e9 de propositions. La f\u00eate est r\u00e9ussie, la s\u00e9lection est d\u2019une grande qualit\u00e9. Quelques minutes peuvent nous \u00e9mouvoir, nous faire rire, frissonner ou sursauter&#8230;\u00a0 Toute\u00a0 la beaut\u00e9 cin\u00e9matographique est concentr\u00e9e et r\u00e9v\u00e9l\u00e9e <\/p>\n\n\n\n<h4 class=\"wp-block-heading\">Explorer en fonction de sa disponibilit\u00e9 <\/h4>\n\n\n\n<p>Tu disposes de cinq minutes, dix minutes, plus d\u2019une heure ? \u00c0 toi de choisir ton court-m\u00e9trage en fonction de ton temps. Il est \u00e9vident que cette proposition apporte une meilleure accessibilit\u00e9.\u00a0 Pour la pause d\u00e9jeuner, ou entre\u00a0deux visioconf\u00e9rences, rien n\u2019 emp\u00eache de regarder un court m\u00e9trage ! Allumer son ordinateur ou t\u00e9l\u00e9phone est moins engageant,\u00a0moins chronophage, qu&rsquo;un d\u00e9placement dans\u00a0un lieu culturel.<\/p>\n\n\n\n<p>Si,\u00a0 cette ann\u00e9e, on ne peut pas pousser la porte d\u2019un cin\u00e9ma, d\u2019une m\u00e9diath\u00e8ques ou d\u2019un bar culturel, on peut\u00a0 aller \u00e0 la d\u00e9couverte de nombreux courts sur nos \u00e9crans. Comme dans un festival, on erre, en cliquant au hasard sur des vignettes. On se laisse porter par les propositions.\u00a0 S&rsquo;il est normalement agr\u00e9able de s&rsquo;abandonner sans compter les minutes,\u00a0 si rien n\u2019\u00e9gale l\u2019\u00e9merveillement du visionnage\u00a0en salle,\u00a0 nous ne pouvons nier la r\u00e9ussite de la f\u00eate par\u00a0 l\u2019accessibilit\u00e9 au court m\u00e9trage ! <\/p>\n\n\n\n<figure class=\"wp-block-image\"><img loading=\"lazy\" decoding=\"async\" width=\"1024\" height=\"324\" src=\"https:\/\/larevuedespectateurs.artecom.studio\/20201\/wp-content\/uploads\/sites\/3\/2021\/03\/Capture-d\u2019\u00e9cran-2021-03-28-\u00e0-20.49.27-1024x324.jpg\" alt=\"\" class=\"wp-image-3102\" srcset=\"https:\/\/larevuedespectateurs.artecom.studio\/20201\/wp-content\/uploads\/sites\/3\/2021\/03\/Capture-d\u2019\u00e9cran-2021-03-28-\u00e0-20.49.27-1024x324.jpg 1024w, https:\/\/larevuedespectateurs.artecom.studio\/20201\/wp-content\/uploads\/sites\/3\/2021\/03\/Capture-d\u2019\u00e9cran-2021-03-28-\u00e0-20.49.27-300x95.jpg 300w, https:\/\/larevuedespectateurs.artecom.studio\/20201\/wp-content\/uploads\/sites\/3\/2021\/03\/Capture-d\u2019\u00e9cran-2021-03-28-\u00e0-20.49.27-768x243.jpg 768w\" sizes=\"auto, (max-width: 1024px) 100vw, 1024px\" \/><\/figure>\n\n\n\n<h4 class=\"wp-block-heading\">Visionner par Th\u00e9matique <\/h4>\n\n\n\n<p>Si on choisit\u00a0 se plonger dans une atmosph\u00e8re particuli\u00e8re pour prolonger l\u2019immersion cin\u00e9matographique, plusieurs s\u00e9lections sont faites : <em>Incontournables<\/em> , <em>jeune public<\/em> <em>, unitaire,<\/em> <em>g\u00e9n\u00e9rations<\/em>&#8230; \u00a0Transport\u00e9 dans une th\u00e9matique, l\u2019immersion et la r\u00e9flexion sont\u00a0 accentu\u00e9es. Les films de la s\u00e9lection peuvent \u00eatre regard\u00e9s sans interruption, telle une vraie s\u00e9ance de cin\u00e9ma, ou \u00e0 la carte.\u00a0 <\/p>\n\n\n\n<p>Les\u00a0 4 s\u00e9lections <em>G\u00e9n\u00e9rations<\/em>  sont particuli\u00e8rement remarquables.\u00a0 Elle nous invite \u00e0 confronter les points de vue. Elles nous embarquent\u00a0sous le choc des g\u00e9n\u00e9rations, dans des questionnements de passages de vie. Les films\u00a0sont magnifi\u00e9s par l\u2019unit\u00e9 qu\u2019ils forment, magnifi\u00e9s par ces rencontres de m\u00eame probl\u00e9matiques. C\u2019est certain,\u00a0 c&rsquo;est ici que l\u2019on voit la qualit\u00e9 du travail des programmateurs. C\u2019est ici que le travail de m\u00e9diation se fait : les \u0153uvres sont associ\u00e9es avec justesse pour cr\u00e9er une r\u00e9flexion,\u00a0 un \u00e9merveillement, et un d\u00e9bat.\u00a0 De plus, en quelques minutes, la beaut\u00e9 de l&rsquo;alt\u00e9rit\u00e9, est abord\u00e9e avec r\u00e9ussite.\u00a0Ces films sont remplis d&rsquo;humanisme. <\/p>\n\n\n\n<p>Nous ne pouvons pas\u00a0passer \u00e0 c\u00f4t\u00e9\u00a0de la s\u00e9lection <em>Unitaires,<\/em> non plus :\u00a0 des courts m\u00e9trages tr\u00e8s courts (environs deux minutes) abordent des sujets soci\u00e9taux, avec l\u00e9g\u00e8ret\u00e9 et\u00a0 simplicit\u00e9. Souvent agr\u00e9ment\u00e9s d\u2019humour, ces petits chefs d\u2019\u0153uvre cin\u00e9matographiques, nous r\u00e9unissent autours de sujets globaux, dans lesquels tout le monde peut se reconna\u00eetre. <\/p>\n\n\n\n<figure class=\"wp-block-image alignwide\"><img loading=\"lazy\" decoding=\"async\" width=\"1024\" height=\"506\" src=\"https:\/\/larevuedespectateurs.artecom.studio\/20201\/wp-content\/uploads\/sites\/3\/2021\/03\/Capture-d\u2019\u00e9cran-2021-03-26-\u00e0-17.34.40-1024x506.jpg\" alt=\"\" class=\"wp-image-3093\" srcset=\"https:\/\/larevuedespectateurs.artecom.studio\/20201\/wp-content\/uploads\/sites\/3\/2021\/03\/Capture-d\u2019\u00e9cran-2021-03-26-\u00e0-17.34.40-1024x506.jpg 1024w, https:\/\/larevuedespectateurs.artecom.studio\/20201\/wp-content\/uploads\/sites\/3\/2021\/03\/Capture-d\u2019\u00e9cran-2021-03-26-\u00e0-17.34.40-300x148.jpg 300w, https:\/\/larevuedespectateurs.artecom.studio\/20201\/wp-content\/uploads\/sites\/3\/2021\/03\/Capture-d\u2019\u00e9cran-2021-03-26-\u00e0-17.34.40-768x379.jpg 768w\" sizes=\"auto, (max-width: 1024px) 100vw, 1024px\" \/><figcaption>Capture d&rsquo;\u00e9cran <\/figcaption><\/figure>\n\n\n\n<h4 class=\"wp-block-heading\">Une f\u00eate inclusive pour un public \u00e9clectique? <\/h4>\n\n\n\n<p>Une dimension inclusive est en effet de mise dans la f\u00eate du court m\u00e9trage. Pour que le court m\u00e9trage soit accessible \u00e0 tous, deux programmes sont propos\u00e9s avec une version audiod\u00e9crite pour les publics aveugles ou malvoyants et sous-titr\u00e9e pour les publics sourds et malentendants.\u00a0 Ces deux programmes ( \u00ab grands classiques \u00bb , et \u00ab souvenir crayonn\u00e9s \u00bb) offrent donc deux heures cin\u00e9matographiques \u00e0 des publics emp\u00each\u00e9s. Si l\u2019effort d\u2019accessibilit\u00e9 est remarquable, on peut constater que seulement onze\u00a0 films sur environ cent-cinquante sont rendus disponibles en audio-description et\u00a0en version sous-titr\u00e9e.\u00a0 Si on ne peut pas nier une attention inclusive, on aimerait qu\u2019elle soit plus importante.\u00a0<\/p>\n\n\n\n<p>Une attention\u00a0 particuli\u00e8re est par ailleurs faite\u00a0 au jeune public. C\u2019est certainement \u00e0 destination de ce public, que les productions privil\u00e9gient le format court.\u00a0 Il est adapt\u00e9 \u00e0 la demande et \u00e0 l\u2019attention des enfants. 5 s\u00e9lections\u00a0 jeune public sont propos\u00e9es, chacune pour une tranche d\u2019\u00e2ge conseill\u00e9e, ( 3 \u00e0 5 ans , 5 \u00e0 7 ans, 7 \u00e0 10 ans, 10 \u00e0 13 ans, 13 \u00e0 17 ans). Il y en a pour tous le monde, et dans un souci d\u2019\u00e9lu nation \u00e0 l\u2019image des fiches p\u00e9dagogiques sont disponibles.\u00a0Les \u00e9coles et professeurs ont aussi la possibilit\u00e9 de s\u2019inscrire pour diffuser et travailler en classes les s\u00e9lections de films.\u00a0 La f\u00eate du court m\u00e9trage ne pouvait pas se faire sans un volet de m\u00e9diation\u00a0\u00e0 l\u2019image<\/p>\n\n\n\n<h4 class=\"wp-block-heading\">Un \u00e9v\u00e8nement ancr\u00e9 dans des dispositifs de production et de diffusion <\/h4>\n\n\n\n<p>Les jeunes talents sont mis en avant. Nous pouvons d\u00e9couvrir ces jeunes cin\u00e9astes et plonger dans leur univers.\u00a0 S&rsquo;ils sont pour nous inconnus,\u00a0 la diffusion de leur \u0153uvre durant cette f\u00eate du court m\u00e9trage et leur mise en avant, est certainement un grand tremplin. La vision du court m\u00e9trage comme passage obligatoire des\u00a0 r\u00e9alisateurs en devenir est alors perceptible.\u00a0\u00a0<br><\/p>\n\n\n\n<p>La f\u00eate offre les coup de coeurs et les cartes blanches de m\u00e9dias et des\u00a0 partenaires ( tels Allocin\u00e9 ou T\u00e9l\u00e9rama).\u00a0 Si c&rsquo;est  cadeau pour les spectateurs, il l&rsquo;est aussi pour la f\u00eate du court. Il est \u00e9vident que ces m\u00e9dias offrent une meilleure visibilit\u00e9. C\u2019est le coup de pub ! Ces s\u00e9lections\u00a0 sont aussi la signature\u00a0 des critiques qui par un certain\u00a0 pouvoir r\u00e9gissent la production et la consommation cin\u00e9matographique.\u00a0 Quant aux\u00a0cartes blanches\u00a0des\u00a0 \u00ab cinq cha\u00eenes TV structurant la fili\u00e8re du cin\u00e9ma court \u00bb,  elles permettent d\u2019\u00e9largir la programmation . <\/p>\n\n\n\n<h4 class=\"wp-block-heading\">Mission r\u00e9ussie pour l&rsquo;exp\u00e9dition dans la galaxie du court m\u00e9trage <\/h4>\n\n\n\n<p>Si la f\u00eate\u00a0du court m\u00e9trage\u00a0 propose \u00e9galement des \u00e9v\u00e9nements locaux et nationaux, soutenant des\u00a0structures affaiblies par la crise, il est \u00e9vident que <em>La Galaxie du cour<\/em>t  est la\u00a0 proposition la plus accessible.\u00a0 Les \u00e9v\u00e9nements port\u00e9s par les structures sont n\u00e9cessaires puisqu\u2019ils viennent en aide \u00e0 des structures\u00a0 aujourd\u2019hui atteintes et \u00e9teintes\u00a0 par la pand\u00e9mie et les d\u00e9cisions gouvernementales. Il est remarquable de voir que des \u00e9v\u00e8nements, telles des rencontres avec des r\u00e9alisateurs sont organis\u00e9es dans 21 villes de France. Cependant ils sont\u00a0 accessibles\u00a0 pour des initi\u00e9s, pour les habitu\u00e9s. La galaxie s&rsquo;apparente,\u00a0 elle, \u00e0 une\u00a0 plate-forme de streaming simple d\u2019utilisation.\u00a0 Son accessibilit\u00e9 est certainement sa force.\u00a0 Sa multitude\u00a0 de propositions n\u2019encourage pas non plus \u00e0 aller vers d\u2019autres \u00e9v\u00e8nements.\u00a0 Alors\u00a0 la f\u00eate est r\u00e9ussie,\u00a0elle rend\u00a0la spontan\u00e9it\u00e9 au court m\u00e9trage! <\/p>\n\n\n\n<p><\/p>\n\n\n\n<figure class=\"wp-block-embed-youtube alignfull wp-block-embed is-type-video is-provider-youtube wp-embed-aspect-16-9 wp-has-aspect-ratio\"><div class=\"wp-block-embed__wrapper\">\n<iframe loading=\"lazy\" title=\"F\u00eate du court m\u00e9trage du 24 au 30 mars - 150 films en acc\u00e8s libre et gratuit\" width=\"800\" height=\"450\" src=\"https:\/\/www.youtube.com\/embed\/iJ95iaDcM18?feature=oembed\" frameborder=\"0\" allow=\"accelerometer; autoplay; clipboard-write; encrypted-media; gyroscope; picture-in-picture\" allowfullscreen><\/iframe>\n<\/div><\/figure>\n","protected":false},"excerpt":{"rendered":"<p>Pour une fois, une f\u00eate en ligne est r\u00e9ussie. Cette ann\u00e9e la f\u00eate du court m\u00e9trage se fera encore une<\/p>\n","protected":false},"author":46,"featured_media":3092,"comment_status":"closed","ping_status":"open","sticky":false,"template":"","format":"standard","meta":{"colormag_page_container_layout":"default_layout","colormag_page_sidebar_layout":"default_layout","footnotes":""},"categories":[8,1],"tags":[],"class_list":["post-3091","post","type-post","status-publish","format-standard","has-post-thumbnail","hentry","category-cinema","category-non-classe"],"_links":{"self":[{"href":"https:\/\/larevuedespectateurs.artecom.studio\/20201\/wp-json\/wp\/v2\/posts\/3091","targetHints":{"allow":["GET"]}}],"collection":[{"href":"https:\/\/larevuedespectateurs.artecom.studio\/20201\/wp-json\/wp\/v2\/posts"}],"about":[{"href":"https:\/\/larevuedespectateurs.artecom.studio\/20201\/wp-json\/wp\/v2\/types\/post"}],"author":[{"embeddable":true,"href":"https:\/\/larevuedespectateurs.artecom.studio\/20201\/wp-json\/wp\/v2\/users\/46"}],"replies":[{"embeddable":true,"href":"https:\/\/larevuedespectateurs.artecom.studio\/20201\/wp-json\/wp\/v2\/comments?post=3091"}],"version-history":[{"count":2,"href":"https:\/\/larevuedespectateurs.artecom.studio\/20201\/wp-json\/wp\/v2\/posts\/3091\/revisions"}],"predecessor-version":[{"id":3232,"href":"https:\/\/larevuedespectateurs.artecom.studio\/20201\/wp-json\/wp\/v2\/posts\/3091\/revisions\/3232"}],"wp:featuredmedia":[{"embeddable":true,"href":"https:\/\/larevuedespectateurs.artecom.studio\/20201\/wp-json\/wp\/v2\/media\/3092"}],"wp:attachment":[{"href":"https:\/\/larevuedespectateurs.artecom.studio\/20201\/wp-json\/wp\/v2\/media?parent=3091"}],"wp:term":[{"taxonomy":"category","embeddable":true,"href":"https:\/\/larevuedespectateurs.artecom.studio\/20201\/wp-json\/wp\/v2\/categories?post=3091"},{"taxonomy":"post_tag","embeddable":true,"href":"https:\/\/larevuedespectateurs.artecom.studio\/20201\/wp-json\/wp\/v2\/tags?post=3091"}],"curies":[{"name":"wp","href":"https:\/\/api.w.org\/{rel}","templated":true}]}}