{"id":2955,"date":"2021-03-15T15:37:40","date_gmt":"2021-03-15T14:37:40","guid":{"rendered":"https:\/\/larevuedespectateurs.artecom.studio\/20201\/?p=2955"},"modified":"2021-03-20T08:50:39","modified_gmt":"2021-03-20T07:50:39","slug":"regards-dartistes-une-mini-web-serie-du-grand-palais","status":"publish","type":"post","link":"https:\/\/larevuedespectateurs.artecom.studio\/20201\/2021\/03\/15\/regards-dartistes-une-mini-web-serie-du-grand-palais\/","title":{"rendered":"Regards d&rsquo;artistes une mini web-s\u00e9rie du Grand Palais"},"content":{"rendered":"\n<p class=\"has-medium-font-size\">D\u00e9couvrir l&rsquo;exposition <em>Noir &amp;Blanc &#8211; Une esth\u00e9tique de la photographie <\/em>par le biais de \u00ab\u00a0regards d&rsquo;artistes\u00a0\u00bb, tel est l&rsquo;objectif de la mini web-s\u00e9rie cr\u00e9\u00e9e par le Grand Palais.<\/p>\n\n\n\n<p>\u00c0 la recherche de nouvelles mani\u00e8res de d\u00e9couvrir des expositions tout  en \u00e9tant contraint de s&rsquo;installer dans son canap\u00e9 on d\u00e9couvre sur le  site internet du Grand Palais ce qui est appel\u00e9 la s\u00e9rie \u00ab\u00a0Regards d&rsquo;artistes\u00a0\u00bb.  <\/p>\n\n\n\n<p style=\"background-color:#ff9d26;text-align:center\" class=\"has-background has-normal-font-size\"><strong>Une autre mani\u00e8re de d\u00e9couvrir une exposition en avant-premi\u00e8re<\/strong><\/p>\n\n\n\n<p>Comme toutes les autres structures culturelles, le Grand Palais a d\u00fb mettre en place de nouveaux dispositifs de m\u00e9diation. C\u2019est dans l\u2019objectif de rendre la culture accessible \u00e0 tous m\u00eame en p\u00e9riode de confinement qu\u2019est n\u00e9 ce projet. L\u2019exposition <em>Noir &amp; Blanc \u2013<\/em> <em>Une esth\u00e9tique de la photographie<\/em> devait se tenir initialement du 8 avril au 6 juillet 2020 puis, apr\u00e8s avoir \u00e9t\u00e9 report\u00e9e deux fois, le mus\u00e9e a \u00e9t\u00e9 contraint d&rsquo;annuler son ouverture. Cependant, au courant du mois de f\u00e9vrier, des animations en ligne ont \u00e9t\u00e9 organis\u00e9es pour permettre au public de d\u00e9couvrir, tout de m\u00eame, cette exposition. <\/p>\n\n\n\n<p style=\"color:#e59029;text-align:center\" class=\"has-text-color\"><strong>Elle rend compte de l\u2019importance du Noir et Blanc dans la photographie, non pas comme une nostalgie, mais plut\u00f4t comme un choix de composition photographique \u00e0 part enti\u00e8re. <\/strong><\/p>\n\n\n\n<p>La\nmini web-s\u00e9rie \u00ab&nbsp;Regards d\u2019artistes&nbsp;\u00bb a \u00e9t\u00e9 r\u00e9alis\u00e9e durant\nl\u2019installation de l\u2019exposition au Grand Palais avec l\u2019objectif de faire\nd\u00e9couvrir l\u2019exposition par le biais du regard d\u2019un artiste. Les trois artistes\nn\u2019ont pas \u00e9t\u00e9 choisis au hasard&nbsp;: Yvan Attal (r\u00e9alisateur), P\u00e9n\u00e9lope\nBagieu (illustratrice, autrice et dessinatrice) et Woodkid\n(auteur\/compositeur). Trois artistes pour trois vid\u00e9os.&nbsp; Chacun performant dans un art diff\u00e9rent de\ncelui de la photographie. <\/p>\n\n\n\n<p>Yvan\nAttal est l\u2019invit\u00e9 de la premi\u00e8re vid\u00e9o. Il vient d\u00e9couvrir les photos et nous\ndonne ses cl\u00e9s de lecture et d\u2019interpr\u00e9tation. De la m\u00eame mani\u00e8re, dans la deuxi\u00e8me\nvid\u00e9o, c\u2019est au tour de P\u00e9n\u00e9lope Bagieu de nous faire part de ses ressentis. Enfin,\nl\u2019auteur-compositeur Woodkid vient clore cette s\u00e9rie en liant photographie et\nmusique.<\/p>\n\n\n\n<p>Les\nvid\u00e9os sont construites de la m\u00eame fa\u00e7on pour les trois artistes. Il y a des\nmoments de face cam\u00e9ra durant lesquels ils font part de leurs ressentis et\nexp\u00e9riences. On les \u00e9coute devant des \u0153uvres dont ils choisissent de nous\nparler. Puis, par moment, on d\u00e9couvre les artistes qui d\u00e9ambulent dans\nl\u2019exposition et admirent les \u0153uvres expos\u00e9es.<\/p>\n\n\n\n<figure class=\"wp-block-embed-youtube alignleft wp-block-embed is-type-video is-provider-youtube wp-embed-aspect-16-9 wp-has-aspect-ratio\"><div class=\"wp-block-embed__wrapper\">\n<iframe loading=\"lazy\" title=\"Regards d&#039;artistes : Woodkid dans l&#039;expo Noir&amp;Blanc\" width=\"800\" height=\"450\" src=\"https:\/\/www.youtube.com\/embed\/zMHqVfGZJl4?feature=oembed\" frameborder=\"0\" allow=\"accelerometer; autoplay; clipboard-write; encrypted-media; gyroscope; picture-in-picture\" allowfullscreen><\/iframe>\n<\/div><\/figure>\n\n\n\n<figure class=\"wp-block-embed-youtube alignright wp-block-embed is-type-video is-provider-youtube wp-embed-aspect-16-9 wp-has-aspect-ratio\"><div class=\"wp-block-embed__wrapper\">\n<iframe loading=\"lazy\" title=\"Regards d&#039;artistes : Yvan Attal dans l&#039;expo Noir&amp;Blanc\" width=\"800\" height=\"450\" src=\"https:\/\/www.youtube.com\/embed\/M4-C3MXbriQ?feature=oembed\" frameborder=\"0\" allow=\"accelerometer; autoplay; clipboard-write; encrypted-media; gyroscope; picture-in-picture\" allowfullscreen><\/iframe>\n<\/div><\/figure>\n\n\n\n<p>     <\/p>\n\n\n\n<p style=\"color:#ffffff\" class=\"has-text-color\">&#8230;<\/p>\n\n\n\n<p style=\"color:#ffffff\" class=\"has-text-color\">&#8230;<\/p>\n\n\n\n<p style=\"color:#ffffff\" class=\"has-text-color\">&#8230;.<\/p>\n\n\n\n<p style=\"color:#ffffff\" class=\"has-text-color\">&#8230;<\/p>\n\n\n\n<p style=\"color:#ffffff\" class=\"has-text-color\">&#8230;<\/p>\n\n\n\n<p style=\"color:#ffffff\" class=\"has-text-color\">&#8230;<\/p>\n\n\n\n<p style=\"color:#ffffff\" class=\"has-text-color\">&#8230;.<\/p>\n\n\n\n<p style=\"background-color:#fed583;text-align:center\" class=\"has-background has-normal-font-size\"><strong>Une nouvelle vision de la m\u00e9diation<\/strong><\/p>\n\n\n\n<p>L\u2019exp\u00e9rience\nque nous propose le Grand Palais est tout \u00e0 fait int\u00e9ressante. Contrairement\naux expositions virtuelles qui nous privent de m\u00e9diateur, ici on d\u00e9couvre, en\nquelque sorte, un glissement de ce r\u00f4le. En effet, l\u2019artiste prend la place du\nm\u00e9diateur puisqu\u2019il est ce lien entre nous (le public) et l\u2019\u0153uvre. Les artistes\npartagent avec nous leurs lectures et contemplations de ces photographies en\nnoir et blanc. <\/p>\n\n\n\n<p>Un\nautre aspect int\u00e9ressant de ce dispositif est le fait d\u2019avoir fait appel \u00e0 des\nartistes qui n\u2019\u00e9voluent pas (directement) dans le domaine de la photographie.\nLorsque Yvan Attal nous parle de ce qu\u2019il ressent face \u00e0 ces images, il se sent\nanim\u00e9 par le besoin de les faire vivre. Sa lecture m\u00eame de l\u2019image est\nconstruite par sa passion du film. P\u00e9n\u00e9lope Bagieu, quant \u00e0 elle, nous explique\nces lignes et ces courbes qu\u2019elle travaille elle-m\u00eame dans ses dessins. Elle\nnous parle de cette libert\u00e9 qu\u2019a la photographie \u00e0 pouvoir s\u2019\u00e9loigner du r\u00e9el\nquand elle, dessinatrice, doit tout faire pour s\u2019en rapprocher. Quand Woodkid\nd\u00e9couvre une photographie sur une page double, sa composition lui \u00e9voque la\nmusique. Pour lui, chaque photographie a une musicalit\u00e9 et il est inspir\u00e9 par\ncette m\u00e9lodie. <\/p>\n\n\n\n<p>Selon\nmoi, c\u2019est un pari r\u00e9ussi que le Grand Palais a su mettre en place. Nous\nd\u00e9couvrons cette exposition et apr\u00e8s visionnage de ces vid\u00e9os notre seule\nesp\u00e9rance est que les mus\u00e9es r\u00e9ouvrent vite pour aller d\u00e9couvrir cette\nexposition\u2026<\/p>\n","protected":false},"excerpt":{"rendered":"<p>D\u00e9couvrir l&rsquo;exposition Noir &amp;Blanc &#8211; Une esth\u00e9tique de la photographie par le biais de \u00ab\u00a0regards d&rsquo;artistes\u00a0\u00bb, tel est l&rsquo;objectif de<\/p>\n","protected":false},"author":27,"featured_media":3026,"comment_status":"closed","ping_status":"open","sticky":false,"template":"","format":"standard","meta":{"colormag_page_container_layout":"default_layout","colormag_page_sidebar_layout":"default_layout","footnotes":""},"categories":[24,5],"tags":[],"class_list":["post-2955","post","type-post","status-publish","format-standard","has-post-thumbnail","hentry","category-action-culturelle","category-exposition"],"_links":{"self":[{"href":"https:\/\/larevuedespectateurs.artecom.studio\/20201\/wp-json\/wp\/v2\/posts\/2955","targetHints":{"allow":["GET"]}}],"collection":[{"href":"https:\/\/larevuedespectateurs.artecom.studio\/20201\/wp-json\/wp\/v2\/posts"}],"about":[{"href":"https:\/\/larevuedespectateurs.artecom.studio\/20201\/wp-json\/wp\/v2\/types\/post"}],"author":[{"embeddable":true,"href":"https:\/\/larevuedespectateurs.artecom.studio\/20201\/wp-json\/wp\/v2\/users\/27"}],"replies":[{"embeddable":true,"href":"https:\/\/larevuedespectateurs.artecom.studio\/20201\/wp-json\/wp\/v2\/comments?post=2955"}],"version-history":[{"count":7,"href":"https:\/\/larevuedespectateurs.artecom.studio\/20201\/wp-json\/wp\/v2\/posts\/2955\/revisions"}],"predecessor-version":[{"id":3051,"href":"https:\/\/larevuedespectateurs.artecom.studio\/20201\/wp-json\/wp\/v2\/posts\/2955\/revisions\/3051"}],"wp:featuredmedia":[{"embeddable":true,"href":"https:\/\/larevuedespectateurs.artecom.studio\/20201\/wp-json\/wp\/v2\/media\/3026"}],"wp:attachment":[{"href":"https:\/\/larevuedespectateurs.artecom.studio\/20201\/wp-json\/wp\/v2\/media?parent=2955"}],"wp:term":[{"taxonomy":"category","embeddable":true,"href":"https:\/\/larevuedespectateurs.artecom.studio\/20201\/wp-json\/wp\/v2\/categories?post=2955"},{"taxonomy":"post_tag","embeddable":true,"href":"https:\/\/larevuedespectateurs.artecom.studio\/20201\/wp-json\/wp\/v2\/tags?post=2955"}],"curies":[{"name":"wp","href":"https:\/\/api.w.org\/{rel}","templated":true}]}}