{"id":2939,"date":"2021-03-20T08:14:11","date_gmt":"2021-03-20T07:14:11","guid":{"rendered":"https:\/\/larevuedespectateurs.artecom.studio\/20201\/?p=2939"},"modified":"2021-03-20T08:14:11","modified_gmt":"2021-03-20T07:14:11","slug":"lectures-poetiques-a-la-mediatheque-de-bourges","status":"publish","type":"post","link":"https:\/\/larevuedespectateurs.artecom.studio\/20201\/2021\/03\/20\/lectures-poetiques-a-la-mediatheque-de-bourges\/","title":{"rendered":"Lectures po\u00e9tiques \u00e0 la m\u00e9diath\u00e8que de Bourges"},"content":{"rendered":"\n<p class=\"has-medium-font-size\"><strong>A l&rsquo;occasion du Printemps des po\u00e8tes, la m\u00e9diath\u00e8que de la ville de Bourges propose des lectures diffus\u00e9es sur son site et sur la page Facebook de la ville de Bourges. D&rsquo;habitude, la manifestation a lieu face \u00e0 un public mais, cette ann\u00e9e et \u00e0 cause des restrictions sanitaires, j&rsquo;ai pu la d\u00e9couvrir en ligne. <\/strong><\/p>\n\n\n\n<h2 class=\"wp-block-heading\">Le Printemps des po\u00e8tes pour c\u00e9l\u00e9brer la po\u00e9sie<\/h2>\n\n\n\n<p class=\"has-drop-cap\">La premi\u00e8re \u00e9dition du Printemps des po\u00e8tes a eu lieu en 1999. Depuis, tous les ans et sur tout le territoire (principalement fran\u00e7ais et qu\u00e9b\u00e9cois), la po\u00e9sie est c\u00e9l\u00e9br\u00e9e autour de diff\u00e9rents th\u00e8mes. Cette ann\u00e9e, le Printemps des po\u00e8tes a lieu du 13 au 29 mars 2021 et a pour sujet \u00ab\u00a0Le D\u00e9sir\u00a0\u00bb. <\/p>\n\n\n\n<div class=\"wp-block-image\"><figure class=\"aligncenter is-resized\"><img loading=\"lazy\" decoding=\"async\" src=\"https:\/\/www.printempsdespoetes.com\/IMG\/rubon1141.jpg?1609860269\" alt=\"\" width=\"328\" height=\"491\" \/><figcaption>Affiche du 23\u00e8me Printemps des po\u00e8tes,<br> \u00a9 Sarah Moon et le Printemps des po\u00e8tes<\/figcaption><\/figure><\/div>\n\n\n\n<p>A la m\u00e9diath\u00e8que de Bourges, plusieurs biblioth\u00e9caires participent \u00e0 la manifestation culturelle chaque ann\u00e9e depuis une dizaine d&rsquo;ann\u00e9es. D&rsquo;habitude, les lectures peuvent se faire face au public, dans diff\u00e9rents endroits. Il y a notamment eu une ann\u00e9e avec une brigade d&rsquo;intervention po\u00e9tique dans les bureaux de la m\u00e9diath\u00e8que o\u00f9 des enfants venaient lire des po\u00e8mes au personnel, une ann\u00e9e o\u00f9 des personnes \u00e2g\u00e9es \u00e9changeaient des po\u00e8mes avec des enfants et plusieurs ann\u00e9es o\u00f9 des flash mobs \u00e9taient organis\u00e9s dans les diff\u00e9rentes sections de la m\u00e9diath\u00e8que, avec des lectures de po\u00e9sie. Une autre ann\u00e9e, deux biblioth\u00e9caires sont intervenues dans les bus de la ville pendant une apr\u00e8s-midi et ont lu des ha\u00efkus aux arr\u00eats. <\/p>\n\n\n\n<p>Cette ann\u00e9e, avec les r\u00e8gles sanitaires \u00e0 respecter, il \u00e9tait impossible de conserver la manifestation culturelle dans ses anciennes formes, une version film\u00e9e a donc vu le jour. Nous pouvons y retrouver cinq biblioth\u00e9caires qui, \u00e0 tout de r\u00f4le, lisent des po\u00e8mes. Ils et elles sont visibles \u00e0 diff\u00e9rents endroits de la m\u00e9diath\u00e8que, ce qui permet par la m\u00eame occasion de mettre le b\u00e2timent en valeur. Plusieurs espaces sont repr\u00e9sent\u00e9s puisque deux femmes viennent de l&rsquo;espace jeunesse, la troisi\u00e8me vient de l&rsquo;espace musique et les deux hommes de l&rsquo;espace num\u00e9rique. Le projet regroupe donc les \u00e9quipes, m\u00eame s&rsquo;il manque notamment l&rsquo;\u00e9quipe adulte qui ne participe pas au projet cette ann\u00e9e. <\/p>\n\n\n\n<div class=\"wp-block-image\"><figure class=\"aligncenter is-resized\"><img loading=\"lazy\" decoding=\"async\" src=\"http:\/\/www.inatheque.fr\/medias\/inatheque_fr\/centres_de_consultation\/mediatheque_bourges.JPG\" alt=\"\" width=\"577\" height=\"433\" \/><figcaption>M\u00e9diath\u00e8que de Bourges,<br>  \u00a9 INA<\/figcaption><\/figure><\/div>\n\n\n\n<h2 class=\"wp-block-heading\">Quel impact sur la m\u00e9diation pour cette premi\u00e8re \u00e9dition film\u00e9e et en ligne ? <\/h2>\n\n\n\n<p>Cette version film\u00e9e ne permet malheureusement pas le contact avec le public qui existait avant et se fait sans la participation des scolaires qui \u00e9taient tr\u00e8s investis dans les pr\u00e9c\u00e9dents \u00e9v\u00e9nements.<\/p>\n\n\n\n<p>Esp\u00e9rons donc que cette situation ne soit que temporaire et que la m\u00e9diath\u00e8que pourra accueillir des publics dans de bonnes conditions rapidement pour produire de nouvelles m\u00e9diations participatives. <\/p>\n\n\n\n<figure class=\"wp-block-image\"><img loading=\"lazy\" decoding=\"async\" width=\"848\" height=\"414\" src=\"https:\/\/larevuedespectateurs.artecom.studio\/20201\/wp-content\/uploads\/sites\/3\/2021\/03\/Printemps-des-po\u00e8tes.png\" alt=\"\" class=\"wp-image-2940\" srcset=\"https:\/\/larevuedespectateurs.artecom.studio\/20201\/wp-content\/uploads\/sites\/3\/2021\/03\/Printemps-des-po\u00e8tes.png 848w, https:\/\/larevuedespectateurs.artecom.studio\/20201\/wp-content\/uploads\/sites\/3\/2021\/03\/Printemps-des-po\u00e8tes-300x146.png 300w, https:\/\/larevuedespectateurs.artecom.studio\/20201\/wp-content\/uploads\/sites\/3\/2021\/03\/Printemps-des-po\u00e8tes-768x375.png 768w\" sizes=\"auto, (max-width: 848px) 100vw, 848px\" \/><figcaption>Capture d&rsquo;\u00e9cran de la vid\u00e9o du Printemps des po\u00e8tes 2021 \u00e0 la m\u00e9diath\u00e8que de Bourges,<br>H\u00e9l\u00e8ne Touzel-Paillard lisant un extrait de <em>L&rsquo;Au-del\u00e0 de nos \u00e2ges<\/em> d&rsquo;Albane Gell\u00e9,<br> \u00a9 M\u00e9diath\u00e8que de Bourges<\/figcaption><\/figure>\n\n\n\n<p>Malgr\u00e9 tout, cette premi\u00e8re \u00e9dition film\u00e9e semble \u00eatre une r\u00e9ussite puisque, apr\u00e8s avoir discut\u00e9 avec H\u00e9l\u00e8ne Touzel-Paillard, biblioth\u00e9caire jeunesse, j&rsquo;apprends que les \u00e9quipes ont \u00e9t\u00e9 agr\u00e9ablement surprises du succ\u00e8s de l&rsquo;\u00e9v\u00e9nement. En effet, le format film\u00e9 et diffus\u00e9 sur le site de la m\u00e9diath\u00e8que et sur le site Facebook de la ville de Bourges se pr\u00eate tr\u00e8s bien aux partages. Elle m&rsquo;explique que la vid\u00e9o a ainsi \u00e9t\u00e9 partag\u00e9e dans toute la France et m\u00eame \u00e0 l&rsquo;international, entre autres en Roumanie, en Moldavie et en Equateur. C&rsquo;est un avantage consid\u00e9rable par rapport aux versions qui avaient lieu sur place face au public et qui ne concernait donc que les usagers de la m\u00e9diath\u00e8que pr\u00e9sents. L\u00e0, c&rsquo;est l&rsquo;occasion de faire d\u00e9couvrir la po\u00e9sie et la m\u00e9diath\u00e8que \u00e0 des publics non familiers, notamment aux habitants de Bourges qui consultent le Facebook de la ville mais ne vont pas forc\u00e9ment \u00e0 la m\u00e9diath\u00e8que. Cela m&rsquo;a \u00e9galement permis d&rsquo;assister au Printemps des po\u00e8tes de la m\u00e9diath\u00e8que de Bourges pour la premi\u00e8re fois et ce depuis Toulouse. <\/p>\n\n\n\n<p>Enfin, les titres des po\u00e8mes, les noms des recueils et des auteurs sont pr\u00e9cis\u00e9s sur la vid\u00e9o en bas \u00e0 droite de chaque lecture, ce qui invite \u00e0 consulter les \u0153uvres qui nous plaisent et nous permet de d\u00e9couvrir de nouveaux ouvrages. La s\u00e9lection de po\u00e8mes est vari\u00e9e, cinq sont \u00e9crits par des femmes et cinq par des hommes. Les auteurs et autrices sont tous d&rsquo;\u00e9poques vari\u00e9es, du XVIII\u00e8me si\u00e8cle \u00e0 nos jours. <\/p>\n\n\n\n<p><strong>Pour voir la vid\u00e9o du Printemps des po\u00e8tes \u00e0 la m\u00e9diath\u00e8que de Bourges, il suffit de cliquer sur ce lien : <\/strong><a href=\"https:\/\/fb.watch\/4dVoEC9Rab\/\"><strong>https:\/\/fb.watch\/4dVoEC9Rab\/<\/strong><\/a><\/p>\n\n\n\n<p style=\"text-align:right\"><em>Marianne Paillard<\/em><\/p>\n\n\n\n<p class=\"has-background has-small-font-size has-very-light-gray-background-color\">Liens :<br>Page Facebook de la m\u00e9diath\u00e8que de Bourges : <a href=\"https:\/\/www.facebook.com\/mediathequebourges\/\">https:\/\/www.facebook.com\/mediathequebourges\/<\/a><br>Page Facebook de la Ville de Bourges : <a href=\"https:\/\/www.facebook.com\/mairie.bourges\">https:\/\/www.facebook.com\/mairie.bourges<\/a><br>Site des biblioth\u00e8ques de Bourges : <a href=\"https:\/\/mediatheque.ville-bourges.fr\/\">https:\/\/mediatheque.ville-bourges.fr\/<\/a><\/p>\n","protected":false},"excerpt":{"rendered":"<p>A l&rsquo;occasion du Printemps des po\u00e8tes, la m\u00e9diath\u00e8que de la ville de Bourges propose des lectures diffus\u00e9es sur son site<\/p>\n","protected":false},"author":34,"featured_media":2940,"comment_status":"closed","ping_status":"open","sticky":false,"template":"","format":"standard","meta":{"colormag_page_container_layout":"default_layout","colormag_page_sidebar_layout":"default_layout","footnotes":""},"categories":[2],"tags":[],"class_list":["post-2939","post","type-post","status-publish","format-standard","has-post-thumbnail","hentry","category-bibliotheque"],"_links":{"self":[{"href":"https:\/\/larevuedespectateurs.artecom.studio\/20201\/wp-json\/wp\/v2\/posts\/2939","targetHints":{"allow":["GET"]}}],"collection":[{"href":"https:\/\/larevuedespectateurs.artecom.studio\/20201\/wp-json\/wp\/v2\/posts"}],"about":[{"href":"https:\/\/larevuedespectateurs.artecom.studio\/20201\/wp-json\/wp\/v2\/types\/post"}],"author":[{"embeddable":true,"href":"https:\/\/larevuedespectateurs.artecom.studio\/20201\/wp-json\/wp\/v2\/users\/34"}],"replies":[{"embeddable":true,"href":"https:\/\/larevuedespectateurs.artecom.studio\/20201\/wp-json\/wp\/v2\/comments?post=2939"}],"version-history":[{"count":3,"href":"https:\/\/larevuedespectateurs.artecom.studio\/20201\/wp-json\/wp\/v2\/posts\/2939\/revisions"}],"predecessor-version":[{"id":2944,"href":"https:\/\/larevuedespectateurs.artecom.studio\/20201\/wp-json\/wp\/v2\/posts\/2939\/revisions\/2944"}],"wp:featuredmedia":[{"embeddable":true,"href":"https:\/\/larevuedespectateurs.artecom.studio\/20201\/wp-json\/wp\/v2\/media\/2940"}],"wp:attachment":[{"href":"https:\/\/larevuedespectateurs.artecom.studio\/20201\/wp-json\/wp\/v2\/media?parent=2939"}],"wp:term":[{"taxonomy":"category","embeddable":true,"href":"https:\/\/larevuedespectateurs.artecom.studio\/20201\/wp-json\/wp\/v2\/categories?post=2939"},{"taxonomy":"post_tag","embeddable":true,"href":"https:\/\/larevuedespectateurs.artecom.studio\/20201\/wp-json\/wp\/v2\/tags?post=2939"}],"curies":[{"name":"wp","href":"https:\/\/api.w.org\/{rel}","templated":true}]}}