{"id":2924,"date":"2021-03-20T08:06:31","date_gmt":"2021-03-20T07:06:31","guid":{"rendered":"https:\/\/larevuedespectateurs.artecom.studio\/20201\/?p=2924"},"modified":"2021-03-20T08:06:31","modified_gmt":"2021-03-20T07:06:31","slug":"parler-comme-jamais-une-serie-de-podcasts-scientifiques-et-ludiques-sur-la-langue-francaise","status":"publish","type":"post","link":"https:\/\/larevuedespectateurs.artecom.studio\/20201\/2021\/03\/20\/parler-comme-jamais-une-serie-de-podcasts-scientifiques-et-ludiques-sur-la-langue-francaise\/","title":{"rendered":"\u00ab Parler comme jamais \u00bb : une s\u00e9rie de podcasts scientifiques et ludiques sur la langue fran\u00e7aise."},"content":{"rendered":"\n<p><em>\u00ab&nbsp;Dis-moi quelle langue tu parles, je te dirais qui tu es&nbsp;\u00bb, telle est la promesse qu\u2019avance La\u00e9lia V\u00e9ron dans sa s\u00e9rie de podcasts sur la langue fran\u00e7aise. \u00c0 travers une s\u00e9lection d\u2019\u00e9pisodes d\u2019une trentaine de minutes, elle passe en revue des clich\u00e9s associ\u00e9s \u00e0 notre repr\u00e9sentation de la langue, pour mieux les interroger et les d\u00e9cortiquer, tout en&nbsp; y insufflant un peu de l\u00e9g\u00e8ret\u00e9&nbsp;!<\/em><\/p>\n\n\n\n<p><strong>Mais d\u2019abord, c\u2019est quoi, \u00ab&nbsp;Parler comme jamais&nbsp;\u00bb&nbsp;?<\/strong> <\/p>\n\n\n\n<p>\u00ab&nbsp;Parler comme jamais&nbsp;\u00bb est un audio libre (podcast) anim\u00e9 par La\u00e9lia V\u00e9ron, produit par Binge Audio [le contenu est disponible \u00e0 l\u2019adresse suivante&nbsp;:  <a href=\"https:\/\/www.binge.audio\/podcast\/parler-comme-jamais\">https:\/\/www.binge.audio\/podcast\/parler-comme-jamais<\/a>], et soutenu par la d\u00e9l\u00e9gation g\u00e9n\u00e9rale \u00e0 la langue fran\u00e7aise et aux langues de France (DGLFLF), un service directement rattach\u00e9 au minist\u00e8re de la Culture. Avec une quinzaine d\u2019\u00e9pisodes \u00e0 son actif, la s\u00e9rie de  podcasts propose d\u2019appr\u00e9hender des faits de langue en lien direct avec la soci\u00e9t\u00e9. En effet, lorsqu\u2019on parle de langue, on parle souvent d\u2019autre chose&nbsp;: d\u2019interactions sociales, de ressentis affectifs, de choix et d\u2019oppositions politiques&#8230; Autant de sujets passionnants que La\u00e9lia V\u00e9ron nous propose de d\u00e9couvrir avec elle.<\/p>\n\n\n\n<figure class=\"wp-block-image\"><img loading=\"lazy\" decoding=\"async\" width=\"926\" height=\"382\" src=\"https:\/\/larevuedespectateurs.artecom.studio\/20201\/wp-content\/uploads\/sites\/3\/2021\/03\/Capture.jpg\" alt=\"\" class=\"wp-image-2926\" srcset=\"https:\/\/larevuedespectateurs.artecom.studio\/20201\/wp-content\/uploads\/sites\/3\/2021\/03\/Capture.jpg 926w, https:\/\/larevuedespectateurs.artecom.studio\/20201\/wp-content\/uploads\/sites\/3\/2021\/03\/Capture-300x124.jpg 300w, https:\/\/larevuedespectateurs.artecom.studio\/20201\/wp-content\/uploads\/sites\/3\/2021\/03\/Capture-768x317.jpg 768w\" sizes=\"auto, (max-width: 926px) 100vw, 926px\" \/><figcaption> \u00a9 Binge Audio <\/figcaption><\/figure>\n\n\n\n<p>Le premier \u00e9pisode est diffus\u00e9 le 25 septembre 2019 et le quinzi\u00e8me \u00e9pisode le 21 f\u00e9vrier 2021, p\u00e9riode \u00f4 combien chamboul\u00e9e par la pand\u00e9mie que nous ne connaissons que trop bien. Cet impr\u00e9vu laissera d\u2019ailleurs des traces audibles dans les podcasts. En effet, certains \u00e9pisodes ont un son un peu d\u00e9grad\u00e9 car, \u00e0 l\u2019aveu de la pr\u00e9sentatrice, elle enregistre son texte dans des conditions \u00ab\u00a0100% confinement\u00a0\u00bb sous sa couette, pour \u00e9viter les effets de r\u00e9sonance dans son micro. De plus, \u00e0 la liste des \u00e9pisodes initialement pr\u00e9vus et programm\u00e9s, La\u00e9lia V\u00e9ron a rajout\u00e9 un \u00e9pisode suppl\u00e9mentaire \u00ab\u00a0Les mots du Covid\u00a0\u00bb afin de s\u2019adapter et de rester au plus proche de l\u2019actualit\u00e9.<\/p>\n\n\n\n<p><strong>La\u00e9lia V\u00e9ron&nbsp;: une vulgarisation de la\nlinguistique tout en l\u00e9g\u00e8ret\u00e9 et humour<\/strong><\/p>\n\n\n\n<p> Ma\u00eetresse de conf\u00e9rences en stylistique, La\u00e9lia V\u00e9ron est docteure en litt\u00e9rature et langues fran\u00e7aises, agr\u00e9g\u00e9e de Lettres Modernes et dipl\u00f4m\u00e9e de l&rsquo;ENS de Lyon. Forte de ces titres prestigieux, La\u00e9lia V\u00e9ron n&rsquo;en est pas moins tr\u00e8s p\u00e9dagogue et curieuse de nous transmettre son savoir.  <\/p>\n\n\n\n<p> La force du podcast r\u00e9side en grande partie, selon moi, dans les diff\u00e9rentes  entr\u00e9es en mati\u00e8re humoristiques, le th\u00e8me propos\u00e9, le ton des  \u00e9changes entre les intervenants, le choix de certains exemples donn\u00e9s pour illustrer un propos, mais aussi et surtout, dans la personnalit\u00e9  enjou\u00e9e et communicative de La\u00e9lia V\u00e9ron. Je ne la connaissais jusqu\u2019\u00e0  pr\u00e9sent qu\u2019\u00e0 travers la publication de l\u2019ouvrage <em>Le fran\u00e7ais est \u00e0 nous\u00a0! Petit manuel d\u2019\u00e9mancipation linguistique<\/em>,  co-\u00e9crit avec Maria Candea en 2019, et je fus ravie de voir qu\u2019elle  avait adapt\u00e9 son \u00e9crit dans un format audio original. Entendre sa voix,  l\u2019\u00e9couter partager ses r\u00e9flexions sur le ton banal et chaleureux d\u2019une  conversation entre amis, sans acad\u00e9mismes, mais avec ce qu\u2019il faut de  r\u00e9f\u00e9rences scientifiques et de lexique sp\u00e9cifique, est au bout du compte  tr\u00e8s rafra\u00eechissant. <\/p>\n\n\n\n<p>M\u00eame les titres sont dr\u00f4les\u00a0ou intrigants\u00a0: ils jouent avec les mots, d\u00e9tournent certaines expressions, o\u00f9 soul\u00e8vent des questionnements br\u00fblants et donnent furieusement envie de cliquer dessus. Parmi la liste, ceux qui ont particuli\u00e8rement retenu mon attention sont les suivants\u00a0:<\/p>\n\n\n\n<p>\u25cb\n<em>Mange tes mo(r)ts&nbsp;! A quoi servent\nles insultes&nbsp;?<\/em> (\u00e9pisode 8)<\/p>\n\n\n\n<p>\u25cb\n<em>Ecriture inclusive, pourquoi tant de\nhaine&nbsp;?<\/em> (\u00e9pisode 14)<\/p>\n\n\n\n<p>\u25cb\n<em>Votre dictionnaire est-il de droite&nbsp;?<\/em>\n(\u00e9pisode 6)<\/p>\n\n\n\n<p>\u25cb\n<em>Les accents ont toujours tort<\/em>\n(\u00e9pisode 4)<\/p>\n\n\n\n<p><strong>Alors, pourquoi ne pas se laisser tenter par le dispositif ?<\/strong><\/p>\n\n\n\n<p>Tout d&rsquo;abord, le format de chaque \u00e9pisode est court et dure entre 20 et 35 minutes.  C&rsquo;est particuli\u00e8rement adapt\u00e9 pour tuer le temps notamment dans les transports en commun. Par ailleurs, ces d\u00e9bats d&rsquo;id\u00e9es offrent \u00e9galement  des arguments solides et scientifiques \u00e0 apporter lors d&rsquo;une conversation sur l&rsquo;\u00e9criture inclusive ou sur la pr\u00e9tendue \u00ab\u00a0d\u00e9t\u00e9rioration\u00a0\u00bb de la langue par les  jeunes&#8230; Vous aurez ainsi de quoi en impressionner plus d&rsquo;un sur le sujet !<\/p>\n\n\n\n<p>Il est \u00e0 noter \u00e9galement que ces \u00e9missions sont militantes. Elles pr\u00eachent pour la tol\u00e9rance envers autrui et la reconnaissance des mutations de la soci\u00e9t\u00e9 actuelle (mouvement f\u00e9ministe, immigration, rapport de force entre classes sociales&#8230;) par l&rsquo;\u00e9tude des ph\u00e9nom\u00e8nes et mutations linguistiques observables. D\u00e8s lors,non seulement elles instruisent l&rsquo;auditeur sur des sujets originaux, mais elles l&rsquo;invitent aussi \u00e0 poser un regard diff\u00e9rent sur le monde qui l&rsquo;entoure et sur ses propres pr\u00e9jug\u00e9s.<\/p>\n\n\n\n<p>Je vous recommande donc de vous jeter sur cette petite p\u00e9pite, et je vous laisse avec un exemple d&rsquo;\u00e9pisode, de quoi vous donner envie d&rsquo;\u00e9couter la suite.<\/p>\n\n\n\n<figure class=\"wp-block-embed-youtube wp-block-embed is-type-video is-provider-youtube wp-embed-aspect-16-9 wp-has-aspect-ratio\"><div class=\"wp-block-embed__wrapper\">\n<iframe loading=\"lazy\" title=\"Les autres, ces mauvaises langues\" width=\"800\" height=\"450\" src=\"https:\/\/www.youtube.com\/embed\/RtJ_-C6lf-g?list=PLyCRmK8pIHdYtKC0JEIfZV92OhMoM_GTW\" frameborder=\"0\" allow=\"accelerometer; autoplay; clipboard-write; encrypted-media; gyroscope; picture-in-picture\" allowfullscreen><\/iframe>\n<\/div><figcaption><br> \u00a9 Binge Audio &#8211; Youtube<\/figcaption><\/figure>\n","protected":false},"excerpt":{"rendered":"<p>\u00ab&nbsp;Dis-moi quelle langue tu parles, je te dirais qui tu es&nbsp;\u00bb, telle est la promesse qu\u2019avance La\u00e9lia V\u00e9ron dans sa<\/p>\n","protected":false},"author":26,"featured_media":2925,"comment_status":"closed","ping_status":"open","sticky":false,"template":"","format":"standard","meta":{"colormag_page_container_layout":"default_layout","colormag_page_sidebar_layout":"default_layout","footnotes":""},"categories":[7],"tags":[],"class_list":["post-2924","post","type-post","status-publish","format-standard","has-post-thumbnail","hentry","category-site-web-culturel"],"_links":{"self":[{"href":"https:\/\/larevuedespectateurs.artecom.studio\/20201\/wp-json\/wp\/v2\/posts\/2924","targetHints":{"allow":["GET"]}}],"collection":[{"href":"https:\/\/larevuedespectateurs.artecom.studio\/20201\/wp-json\/wp\/v2\/posts"}],"about":[{"href":"https:\/\/larevuedespectateurs.artecom.studio\/20201\/wp-json\/wp\/v2\/types\/post"}],"author":[{"embeddable":true,"href":"https:\/\/larevuedespectateurs.artecom.studio\/20201\/wp-json\/wp\/v2\/users\/26"}],"replies":[{"embeddable":true,"href":"https:\/\/larevuedespectateurs.artecom.studio\/20201\/wp-json\/wp\/v2\/comments?post=2924"}],"version-history":[{"count":4,"href":"https:\/\/larevuedespectateurs.artecom.studio\/20201\/wp-json\/wp\/v2\/posts\/2924\/revisions"}],"predecessor-version":[{"id":3044,"href":"https:\/\/larevuedespectateurs.artecom.studio\/20201\/wp-json\/wp\/v2\/posts\/2924\/revisions\/3044"}],"wp:featuredmedia":[{"embeddable":true,"href":"https:\/\/larevuedespectateurs.artecom.studio\/20201\/wp-json\/wp\/v2\/media\/2925"}],"wp:attachment":[{"href":"https:\/\/larevuedespectateurs.artecom.studio\/20201\/wp-json\/wp\/v2\/media?parent=2924"}],"wp:term":[{"taxonomy":"category","embeddable":true,"href":"https:\/\/larevuedespectateurs.artecom.studio\/20201\/wp-json\/wp\/v2\/categories?post=2924"},{"taxonomy":"post_tag","embeddable":true,"href":"https:\/\/larevuedespectateurs.artecom.studio\/20201\/wp-json\/wp\/v2\/tags?post=2924"}],"curies":[{"name":"wp","href":"https:\/\/api.w.org\/{rel}","templated":true}]}}