{"id":2878,"date":"2021-03-20T07:51:52","date_gmt":"2021-03-20T06:51:52","guid":{"rendered":"https:\/\/larevuedespectateurs.artecom.studio\/20201\/?p=2878"},"modified":"2021-03-20T07:51:52","modified_gmt":"2021-03-20T06:51:52","slug":"ex-africa-vernissage-2-0","status":"publish","type":"post","link":"https:\/\/larevuedespectateurs.artecom.studio\/20201\/2021\/03\/20\/ex-africa-vernissage-2-0\/","title":{"rendered":"EX-AFRICA Vernissage 2.0"},"content":{"rendered":"\n<p> Il y a quelques mois, nous avons dit au revoir pour un temps encore ind\u00e9termin\u00e9 aux sorties culturelles, aux sorties gastronomiques, aux sorties qui ravissent l\u2019\u00e2me. Aujourd\u2019hui c\u2019est avec des alternatives comme celle du Mus\u00e9e Quai Branly-Jacques Chirac que nous avons pu retrouver un semblant de voyage. <\/p>\n\n\n\n<h5 class=\"wp-block-heading\"> Entre permanent et r\u00e9cent  <\/h5>\n\n\n\n<figure class=\"wp-block-image\"><img loading=\"lazy\" decoding=\"async\" width=\"682\" height=\"1024\" src=\"https:\/\/larevuedespectateurs.artecom.studio\/20201\/wp-content\/uploads\/sites\/3\/2021\/03\/ex-africa-682x1024.jpg\" alt=\"\" class=\"wp-image-2882\" srcset=\"https:\/\/larevuedespectateurs.artecom.studio\/20201\/wp-content\/uploads\/sites\/3\/2021\/03\/ex-africa-682x1024.jpg 682w, https:\/\/larevuedespectateurs.artecom.studio\/20201\/wp-content\/uploads\/sites\/3\/2021\/03\/ex-africa-200x300.jpg 200w, https:\/\/larevuedespectateurs.artecom.studio\/20201\/wp-content\/uploads\/sites\/3\/2021\/03\/ex-africa.jpg 719w\" sizes=\"auto, (max-width: 682px) 100vw, 682px\" \/><figcaption>Capture d&rsquo;\u00e9cran du Vernissage en ligne de l&rsquo;exposition Ex-Africa<\/figcaption><\/figure>\n\n\n\n<p>Suite \u00e0 la situation sanitaire et aux restrictions gouvernementales appelant les institutions culturelles \u00e0 fermer leur porte, France T\u00e9l\u00e9vision a lanc\u00e9 au mois de F\u00e9vrier 2021, une cha\u00eene \u00e9ph\u00e9m\u00e8re, Culturebox. D\u00e9di\u00e9e \u00e0 tous les arts, cette cha\u00eene sur le canal 19 de la TNT offre un contenu culturel vari\u00e9. Allant de la pi\u00e8ce de th\u00e9\u00e2tre, au concert en passant par des documentaires et des ballets, cette plateforme donne acc\u00e8s \u00e0 la magie de ce qui est essentiel pour la culture.<\/p>\n\n\n\n<p> Le 21 F\u00e9vrier 2021 s\u2019est d\u00e9roul\u00e9 \u00e0 21h sur Culturebox et France Tv, un vernissage loin d&rsquo;une \u201cvie d\u2019avant\u201d. En direct du Mus\u00e9e Quai Branly-Jacques Chirac, No\u00e9mie Roussel nous invite au c\u0153ur d\u2019une visite priv\u00e9e dans la nouvelle exposition en place, Ex-Africa.  Sur une id\u00e9e du commissaire de l\u2019exposition, historien et critique d\u2019art Philippe Dagen, l\u2019exposition lie la sc\u00e8ne contemporaine et les arts africains. Avec pr\u00eat de 150 \u0153uvres, Ex-Africa fait dialoguer les artistes de diff\u00e9rentes \u00e9poques et de diff\u00e9rentes origines et rassemble autour de la question de l\u2019unicit\u00e9 des arts africains anciens et des arts contemporains. Au fil de ce vernissage nous rencontrons les artistes pr\u00e9sents sur place tels que Orlan, Curtis Franck, Annette Messager, Emo de Medeiros ou encore Myriam Mihindou et pouvons voir des \u0153uvres de Jean-Michel Basquiat ou Ch\u00e9ri Samba. Ici, les artistes contemporains se r\u00e9approprient les arts africains et leur redonne un sens nouveau. L\u2019Exposition Ex-Africa, au sens de ce qui vient d&rsquo;Afrique, est une mani\u00e8re de c\u00e9l\u00e9brer ce que nous devons \u00e0 l\u2019Afrique, son art, ses r\u00e9f\u00e9rences, ce qui fait partie aujourd\u2019hui d\u2019une consommation visuelle mondialis\u00e9e. Le Mus\u00e9e Quai Branly-Jacques Chirac nous invite \u00e0 un voyage o\u00f9 toutes les formes de m\u00e9dium communiquent, en passant par les sculptures de Frank Curtis, aux photographies d\u2019Orlan, aux peintures de Jean-Michel Basquiat, des vid\u00e9os, des installations in situ, des dessins, ils sont entour\u00e9s de l\u2019exposition permanente. Ce d\u00e9tail voulu par le mus\u00e9e montre la relation dynamique et riche du dialogue f\u00e9cond entre patrimoine et cr\u00e9ations contemporaines. <br> <\/p>\n\n\n\n<figure class=\"wp-block-image is-resized\"><img loading=\"lazy\" decoding=\"async\" src=\"https:\/\/larevuedespectateurs.artecom.studio\/20201\/wp-content\/uploads\/sites\/3\/2021\/03\/Samba.jpg\" alt=\"\" class=\"wp-image-2883\" width=\"765\" height=\"426\" srcset=\"https:\/\/larevuedespectateurs.artecom.studio\/20201\/wp-content\/uploads\/sites\/3\/2021\/03\/Samba.jpg 896w, https:\/\/larevuedespectateurs.artecom.studio\/20201\/wp-content\/uploads\/sites\/3\/2021\/03\/Samba-300x167.jpg 300w, https:\/\/larevuedespectateurs.artecom.studio\/20201\/wp-content\/uploads\/sites\/3\/2021\/03\/Samba-768x428.jpg 768w, https:\/\/larevuedespectateurs.artecom.studio\/20201\/wp-content\/uploads\/sites\/3\/2021\/03\/Samba-800x445.jpg 800w\" sizes=\"auto, (max-width: 765px) 100vw, 765px\" \/><figcaption>Capture d&rsquo;\u00e9cran du Vernissage en ligne de l&rsquo;exposition Ex-Africa<\/figcaption><\/figure>\n\n\n\n<h5 class=\"wp-block-heading\"> Entre physique et num\u00e9rique <\/h5>\n\n\n\n<p>Les conditions sanitaires n\u2019\u00e9tant pas tr\u00e8s coop\u00e9ratives, d\u2019une exposition qui devait ouvrir ses portes le 9 F\u00e9vrier, le Mus\u00e9e Quai Branly-Jacques Chirac a d\u00e9cid\u00e9 d\u2019en faire une \u00e9mission vernissage\/ visite priv\u00e9e de 30 minutes. Cette action est la bienvenue pour les amoureux de l\u2019art contemporain et les f\u00e9rus de culture. En effet, en attendant la fin des restrictions sanitaires, du couvre feu, l\u2019interdiction des rassemblements, cette reconnexion avec le monde de l\u2019art et ses artistes est une bonne fa\u00e7on de garder un lien entre la culture et ses spectateurs.  L\u2019Exposition Ex-Africa en plus de permettre un dialogue entre les cultures, les continents et les g\u00e9n\u00e9rations permet aussi par un vernissage en num\u00e9rique, un \u00e9change ouvert sur le monde que vous vous trouviez \u00e0 Paris o\u00f9 ailleurs.\u00a0<\/p>\n\n\n\n<p>Cependant et m\u00eame si cette initiative reste b\u00e9n\u00e9fique pour un grand nombre de choses, il nous manque ce qu\u2019il se passe lors de vernissage ou de visite d\u2019expositions. Le contact humain, l&rsquo;atmosph\u00e8re du lieu que l\u2019on ressent sur place, la d\u00e9couverte des \u0153uvres, la d\u00e9ambulation contemplative, tous ces \u00e9l\u00e9ments absents lors de notre visionnage accentuent une sorte de frustration. De plus, les mouvements de cam\u00e9ra semblables \u00e0 ceux que l\u2019on voit sur Google Map paraissent m\u00e9caniques, les cadrages sont fait \u00e0 la va vite et sont parfois incompr\u00e9hensibles (par exemple lorsque Monsieur Dagen parle, le cadrage est fait sur la pr\u00e9sentatrice, laissant Philippe Dagen coup\u00e9 sur la gauche de l\u2019image). Les plans trop rapproch\u00e9s des personnes lorsqu&rsquo;elles parlent ainsi que ces petits d\u00e9tails que l\u2019on distingue nous d\u00e9tournent du sujet principal qu\u2019est l\u2019exposition et la pr\u00e9sentation qu\u2019en fait le commissaire.&nbsp;<\/p>\n\n\n\n<p>&nbsp;L\u2019avantage que nous pouvons trouver dans cette version num\u00e9rique du vernissage sont les passages qui balayent l&rsquo;\u0153uvre en plans rapproch\u00e9s et tr\u00e8s lents durant lesquels, le commissaire d\u2019exposition Philippe Dagen nous raconte et nous parle de chacune d\u2019entre elles. A la fin de ces trente minutes (tr\u00e8s rapides) de pr\u00e9sentation de l\u2019exposition, notre seule envie reste n\u00e9anmoins de retrouver le silence des mus\u00e9es, la cacophonie des salles de spectacles et la d\u00e9couverte de nouvelles cr\u00e9ations afin de vivre l\u2019\u00e9merveillement des yeux, des oreilles et du c\u0153ur.&nbsp; &nbsp; <br><\/p>\n\n\n\n<figure class=\"wp-block-image\"><img loading=\"lazy\" decoding=\"async\" width=\"1024\" height=\"576\" src=\"https:\/\/larevuedespectateurs.artecom.studio\/20201\/wp-content\/uploads\/sites\/3\/2021\/03\/JBasquiat-1024x576.jpg\" alt=\"\" class=\"wp-image-2884\" srcset=\"https:\/\/larevuedespectateurs.artecom.studio\/20201\/wp-content\/uploads\/sites\/3\/2021\/03\/JBasquiat-1024x576.jpg 1024w, https:\/\/larevuedespectateurs.artecom.studio\/20201\/wp-content\/uploads\/sites\/3\/2021\/03\/JBasquiat-300x169.jpg 300w, https:\/\/larevuedespectateurs.artecom.studio\/20201\/wp-content\/uploads\/sites\/3\/2021\/03\/JBasquiat-768x432.jpg 768w, https:\/\/larevuedespectateurs.artecom.studio\/20201\/wp-content\/uploads\/sites\/3\/2021\/03\/JBasquiat.jpg 1920w\" sizes=\"auto, (max-width: 1024px) 100vw, 1024px\" \/><figcaption>Capture d&rsquo;\u00e9cran du Vernissage en ligne de l&rsquo;exposition Ex-Africa<\/figcaption><\/figure>\n\n\n\n<p><br><\/p>\n","protected":false},"excerpt":{"rendered":"<p>Il y a quelques mois, nous avons dit au revoir pour un temps encore ind\u00e9termin\u00e9 aux sorties culturelles, aux sorties<\/p>\n","protected":false},"author":52,"featured_media":2880,"comment_status":"closed","ping_status":"open","sticky":false,"template":"","format":"standard","meta":{"colormag_page_container_layout":"no_sidebar_content_centered","colormag_page_sidebar_layout":"no_sidebar","footnotes":""},"categories":[5,3],"tags":[],"class_list":["post-2878","post","type-post","status-publish","format-standard","has-post-thumbnail","hentry","category-exposition","category-musee"],"_links":{"self":[{"href":"https:\/\/larevuedespectateurs.artecom.studio\/20201\/wp-json\/wp\/v2\/posts\/2878","targetHints":{"allow":["GET"]}}],"collection":[{"href":"https:\/\/larevuedespectateurs.artecom.studio\/20201\/wp-json\/wp\/v2\/posts"}],"about":[{"href":"https:\/\/larevuedespectateurs.artecom.studio\/20201\/wp-json\/wp\/v2\/types\/post"}],"author":[{"embeddable":true,"href":"https:\/\/larevuedespectateurs.artecom.studio\/20201\/wp-json\/wp\/v2\/users\/52"}],"replies":[{"embeddable":true,"href":"https:\/\/larevuedespectateurs.artecom.studio\/20201\/wp-json\/wp\/v2\/comments?post=2878"}],"version-history":[{"count":4,"href":"https:\/\/larevuedespectateurs.artecom.studio\/20201\/wp-json\/wp\/v2\/posts\/2878\/revisions"}],"predecessor-version":[{"id":3040,"href":"https:\/\/larevuedespectateurs.artecom.studio\/20201\/wp-json\/wp\/v2\/posts\/2878\/revisions\/3040"}],"wp:featuredmedia":[{"embeddable":true,"href":"https:\/\/larevuedespectateurs.artecom.studio\/20201\/wp-json\/wp\/v2\/media\/2880"}],"wp:attachment":[{"href":"https:\/\/larevuedespectateurs.artecom.studio\/20201\/wp-json\/wp\/v2\/media?parent=2878"}],"wp:term":[{"taxonomy":"category","embeddable":true,"href":"https:\/\/larevuedespectateurs.artecom.studio\/20201\/wp-json\/wp\/v2\/categories?post=2878"},{"taxonomy":"post_tag","embeddable":true,"href":"https:\/\/larevuedespectateurs.artecom.studio\/20201\/wp-json\/wp\/v2\/tags?post=2878"}],"curies":[{"name":"wp","href":"https:\/\/api.w.org\/{rel}","templated":true}]}}