{"id":2763,"date":"2021-03-11T15:56:22","date_gmt":"2021-03-11T14:56:22","guid":{"rendered":"https:\/\/larevuedespectateurs.artecom.studio\/20201\/?p=2763"},"modified":"2021-03-11T15:56:22","modified_gmt":"2021-03-11T14:56:22","slug":"une-saison-au-musee-des-arts-decoratifs-une-approche-poetique-et-sensible-des-oeuvres","status":"publish","type":"post","link":"https:\/\/larevuedespectateurs.artecom.studio\/20201\/2021\/03\/11\/une-saison-au-musee-des-arts-decoratifs-une-approche-poetique-et-sensible-des-oeuvres\/","title":{"rendered":"Une saison au Mus\u00e9e des Arts D\u00e9coratifs, une approche po\u00e9tique et sensible des oeuvres"},"content":{"rendered":"\n<p class=\"has-medium-font-size\">Le fruit de la r\u00e9sidence de Alexandre Humbert au MAD&nbsp;: 6 courts films exp\u00e9rimentaux tourn\u00e9s dans les mus\u00e9es d\u00e9sert\u00e9s par les visiteurs, entre t\u00e9moignage, m\u00e9diation et cr\u00e9ation.<\/p>\n\n\n\n<p>Vous vous demandez ce que deviennent toutes les \u0153uvres d\u2019art depuis un an, esseul\u00e9es dans les mus\u00e9es, attendant notre retour pour \u00eatre \u00e0 nouveau admir\u00e9es, rencontr\u00e9es, entendues\u2026&nbsp;? Vous n\u2019\u00eates pas les seuls&nbsp;! Les mus\u00e9es ferm\u00e9s pendant un confinement, voil\u00e0 qui a \u00e9veill\u00e9 la curiosit\u00e9 du designer-r\u00e9alisateur Alexandre Humbert. <\/p>\n\n\n\n<h4 class=\"wp-block-heading\">IMMORTALISER UNE P\u00c9RIODE IN\u00c9DITE<\/h4>\n\n\n\n<p class=\"has-drop-cap\">Pendant sa r\u00e9sidence d\u2019un an au Mus\u00e9e des Arts D\u00e9coratifs (MAD), commenc\u00e9e en mai 2020, Alexandre Humbert rencontre les objets, les espaces et les occupants de ce lieu. Les membres de l\u2019\u00e9quipe du MAD film\u00e9s dans <em>Les Impatients<\/em> racontent leur quotidien dans un mus\u00e9e priv\u00e9 de public. <em>Le soir, sur le toit<\/em> \u00e9voque po\u00e9tiquement l\u2019attente interminable des institutions culturelles qui n\u2019existent plus qu\u2019\u00e0 moiti\u00e9 sans leur raison d\u2019\u00eatre que sont les visiteurs. La cam\u00e9ra devient ainsi t\u00e9moin d\u2019une p\u00e9riode in\u00e9dite (malheureusement r\u00e9\u00e9dit\u00e9e\u2026).<\/p>\n\n\n\n<h4 class=\"wp-block-heading\">FILMER L&rsquo;INACCESSIBLE, MONTRER L&rsquo;INVISIBLE<\/h4>\n\n\n\n<p class=\"has-drop-cap\">Ces cr\u00e9ations permettent de garder un lien avec le public du mus\u00e9e, de lui montrer les expositions et les activit\u00e9s en cours malgr\u00e9 l\u2019inaccessibilit\u00e9 du lieu<em>. Automne<\/em> et <em>Hiver<\/em>, les deux premiers films d\u2019une s\u00e9rie de quatre, sont la balade du vid\u00e9aste dans la programmation du MAD de chaque saison. La cam\u00e9ra nous montre ainsi les expositions invisibles en ce moment, mais \u00e9galement ce qui est toujours invisible au public d\u2019un mus\u00e9e&nbsp;: le d\u00e9tail d\u2019un diad\u00e8me, le dessous d\u2019un si\u00e8ge, les gestes professionnels des restaurateurs, la mise en place d\u2019une robe sur son mannequin d\u2019exposition, l\u2019emballage d\u2019une tapisserie\u2026 Un avant-go\u00fbt bien particulier des collections expos\u00e9es, tout en subjectivit\u00e9 et en po\u00e9sie.<\/p>\n\n\n\n<figure class=\"wp-block-image\"><img loading=\"lazy\" decoding=\"async\" width=\"1024\" height=\"548\" src=\"https:\/\/larevuedespectateurs.artecom.studio\/20201\/wp-content\/uploads\/sites\/3\/2021\/03\/Statue-1024x548.jpg\" alt=\"\" class=\"wp-image-2817\" srcset=\"https:\/\/larevuedespectateurs.artecom.studio\/20201\/wp-content\/uploads\/sites\/3\/2021\/03\/Statue-1024x548.jpg 1024w, https:\/\/larevuedespectateurs.artecom.studio\/20201\/wp-content\/uploads\/sites\/3\/2021\/03\/Statue-300x161.jpg 300w, https:\/\/larevuedespectateurs.artecom.studio\/20201\/wp-content\/uploads\/sites\/3\/2021\/03\/Statue-768x411.jpg 768w, https:\/\/larevuedespectateurs.artecom.studio\/20201\/wp-content\/uploads\/sites\/3\/2021\/03\/Statue.jpg 1140w\" sizes=\"auto, (max-width: 1024px) 100vw, 1024px\" \/><figcaption>D\u00e9tail et restauration d&rsquo;une statue r\u00e9v\u00e9l\u00e9s \u00e0 notre regard dans <em>Hiver<\/em><\/figcaption><\/figure>\n\n\n\n<h4 class=\"wp-block-heading\">RENOUVELER LE REGARD SUR LES \u0152UVRES <\/h4>\n\n\n\n<p class=\"has-drop-cap\">L\u2019approche de l\u2019artiste est en effet originale&nbsp;: sensuelle, narrative, \u00e9vocatrice, elle invite le spectateur \u00e0 laisser libre court \u00e0 son imagination, \u00e0 ses \u00e9motions, \u00e0 ses sens. Le regard que l\u2019on pose sur l\u2019objet est modifi\u00e9&nbsp;: le triple fauteuil de <em>L\u2019Indiscret<\/em> n\u2019est plus un t\u00e9moignage des modes et des usages de 1870 ou des talents des tapissiers, menuisiers et dessinateurs du XIXe si\u00e8cle. Il devient presque un personnage sous la cam\u00e9ra de Alexandre Humbert, t\u00e9moin d\u2019une rencontre, gardien d\u2019un secret. Et m\u00eame si l\u2019histoire du fauteuil fran\u00e7ais n\u2019int\u00e9resse pas forc\u00e9ment tout le monde, l\u2019artiste propose un lien diff\u00e9rent \u00e0 cet objet, et fait na\u00eetre un int\u00e9r\u00eat nouveau, \u00e9loign\u00e9 de la traditionnelle contextualisation historique et scientifique. Et puis, quand tout se passe sur un \u00e9cran, un moment de culture o\u00f9 l\u2019on n\u2019a rien \u00e0 lire ou \u00e0 comprendre est bienvenu. On lance la vid\u00e9o et on se laisse porter pendant quelques minutes par la douceur de la musique, des images, de la voix et des mots, dans un ensemble onirique. <\/p>\n\n\n\n<figure class=\"wp-block-embed-youtube wp-block-embed is-type-video is-provider-youtube wp-embed-aspect-4-3 wp-has-aspect-ratio\"><div class=\"wp-block-embed__wrapper\">\n<iframe loading=\"lazy\" title=\"L&#039;indiscret - Les V\u0153ux 2021 des Arts d\u00e9coratifs\" width=\"800\" height=\"600\" src=\"https:\/\/www.youtube.com\/embed\/bFXK-Iy3FZ0?feature=oembed\" frameborder=\"0\" allow=\"accelerometer; autoplay; clipboard-write; encrypted-media; gyroscope; picture-in-picture\" allowfullscreen><\/iframe>\n<\/div><\/figure>\n\n\n\n<h4 class=\"wp-block-heading\">CR\u00c9ER DANS UN MUS\u00c9E FERM\u00c9<\/h4>\n\n\n\n<p class=\"has-drop-cap\">Enfin ces vid\u00e9os ne sont pas que m\u00e9diation, elles sont \u0153uvres, fruit d\u2019une collaboration artistique entre un vid\u00e9aste, un musicien (Arnaud Pujol), des \u00e9crivain.e.s et des lectrices. L\u2019objet devient le point de d\u00e9part et non le r\u00e9sultat d\u2019une cr\u00e9ation. Clo\u00e9 Pitiot, conservatrice design moderne et contemporain le souligne&nbsp;: \u00ab&nbsp;(l\u2019objet) n\u2019est plus le r\u00e9sultat d\u2019un processus cr\u00e9atif mais le point de d\u00e9part d\u2019une narration, le h\u00e9ros d\u2019un film, lui-m\u00eame nouvel objet de design&nbsp;\u00bb. <\/p>\n\n\n\n<p>Et pourtant&#8230; L&rsquo;id\u00e9e est bonne mais manque d&rsquo;harmonie. L\u2019ensemble est tr\u00e8s h\u00e9t\u00e9roclite : un film recueille des propos, deux pr\u00e9sentent les expositions en cours, deux encore se concentrent sur un seul objet&#8230; On ne sait plus \u00e0 quoi s&rsquo;attendre en lan\u00e7ant chaque vid\u00e9o. La coh\u00e9rence de <em>L\u2019Indiscret <\/em>et<em> La Lumi\u00e8re verte<\/em> qui nous plongent dans l\u2019intimit\u00e9 d\u2019un objet manquent aux autres films et on aurait voulu une s\u00e9rie sur ce mod\u00e8le. On recherche la coordination dans la diffusion du partenariat \u00e9galement. Les vid\u00e9os sont toutes relay\u00e9es sur les r\u00e9seaux sociaux du mus\u00e9e, mais l\u2019h\u00e9bergement est partag\u00e9 entre YouTube et Vim\u00e9o ce qui emp\u00eache de suivre la cha\u00eene via une de ces plateformes. L\u2019audience s\u2019en voit d\u2019ailleurs modifi\u00e9e, <em>L\u2019Indiscret<\/em> compte 437&nbsp;000 vues sur la cha\u00eene YouTube du MAD alors que <em>La Lumi\u00e8re Verte<\/em> n\u2019en a que 190 sur le compte Vim\u00e9o de l\u2019artiste. Difficile de voir la coh\u00e9rence de l&rsquo;ensemble&#8230; Soulignons enfin le caract\u00e8re exp\u00e9rimental des productions qui ne parlera pas au plus grand nombre&#8230; mais ce n&rsquo;est sans doute pas l&rsquo;objectif ! <\/p>\n\n\n\n<p><strong>Par ses cr\u00e9ations, Alexandre Humbert qui propose donc non seulement au spectateur de voir les \u0153uvres quand le mus\u00e9e est ferm\u00e9, mais de se laisser envo\u00fbter dans une narration po\u00e9tique, en musique, pour d\u00e9couvrir les objets sous un nouvel angle. Le MAD a ainsi fait le choix d\u2019une r\u00e9sidence artistique dont les fruits pourront \u00eatre montr\u00e9s au public m\u00eame en temps de fermeture\u2026 !<\/strong><\/p>\n\n\n\n<p>Une derni\u00e8re petite minute ? D\u00e9couvrez les appartements de Jeanne Lanvin de 1925 reconstitu\u00e9s au MAD sous l&rsquo;oeil de l&rsquo;artiste.<\/p>\n\n\n\n<figure class=\"wp-block-embed-vimeo wp-block-embed is-type-video is-provider-vimeo wp-embed-aspect-16-9 wp-has-aspect-ratio\"><div class=\"wp-block-embed__wrapper\">\n<iframe loading=\"lazy\" title=\"La Lumi&amp;egrave;re Verte\" src=\"https:\/\/player.vimeo.com\/video\/508344154?dnt=1&amp;app_id=122963\" width=\"800\" height=\"422\" frameborder=\"0\" allow=\"autoplay; fullscreen; picture-in-picture\" allowfullscreen><\/iframe>\n<\/div><\/figure>\n\n\n\n<p>D\u00e9couvrez toutes les vid\u00e9os <a href=\"https:\/\/madparis.fr\/francais\/nous\/autres-actualites\/une-saison-au-musee-des-arts-decoratifs\/\">en cliquant ici<\/a><\/p>\n","protected":false},"excerpt":{"rendered":"<p>Le fruit de la r\u00e9sidence de Alexandre Humbert au MAD&nbsp;: 6 courts films exp\u00e9rimentaux tourn\u00e9s dans les mus\u00e9es d\u00e9sert\u00e9s par<\/p>\n","protected":false},"author":43,"featured_media":2819,"comment_status":"closed","ping_status":"open","sticky":false,"template":"","format":"standard","meta":{"colormag_page_container_layout":"default_layout","colormag_page_sidebar_layout":"default_layout","footnotes":""},"categories":[3,1],"tags":[],"class_list":["post-2763","post","type-post","status-publish","format-standard","has-post-thumbnail","hentry","category-musee","category-non-classe"],"_links":{"self":[{"href":"https:\/\/larevuedespectateurs.artecom.studio\/20201\/wp-json\/wp\/v2\/posts\/2763","targetHints":{"allow":["GET"]}}],"collection":[{"href":"https:\/\/larevuedespectateurs.artecom.studio\/20201\/wp-json\/wp\/v2\/posts"}],"about":[{"href":"https:\/\/larevuedespectateurs.artecom.studio\/20201\/wp-json\/wp\/v2\/types\/post"}],"author":[{"embeddable":true,"href":"https:\/\/larevuedespectateurs.artecom.studio\/20201\/wp-json\/wp\/v2\/users\/43"}],"replies":[{"embeddable":true,"href":"https:\/\/larevuedespectateurs.artecom.studio\/20201\/wp-json\/wp\/v2\/comments?post=2763"}],"version-history":[{"count":4,"href":"https:\/\/larevuedespectateurs.artecom.studio\/20201\/wp-json\/wp\/v2\/posts\/2763\/revisions"}],"predecessor-version":[{"id":2920,"href":"https:\/\/larevuedespectateurs.artecom.studio\/20201\/wp-json\/wp\/v2\/posts\/2763\/revisions\/2920"}],"wp:featuredmedia":[{"embeddable":true,"href":"https:\/\/larevuedespectateurs.artecom.studio\/20201\/wp-json\/wp\/v2\/media\/2819"}],"wp:attachment":[{"href":"https:\/\/larevuedespectateurs.artecom.studio\/20201\/wp-json\/wp\/v2\/media?parent=2763"}],"wp:term":[{"taxonomy":"category","embeddable":true,"href":"https:\/\/larevuedespectateurs.artecom.studio\/20201\/wp-json\/wp\/v2\/categories?post=2763"},{"taxonomy":"post_tag","embeddable":true,"href":"https:\/\/larevuedespectateurs.artecom.studio\/20201\/wp-json\/wp\/v2\/tags?post=2763"}],"curies":[{"name":"wp","href":"https:\/\/api.w.org\/{rel}","templated":true}]}}