{"id":2682,"date":"2021-03-01T11:05:11","date_gmt":"2021-03-01T10:05:11","guid":{"rendered":"https:\/\/larevuedespectateurs.artecom.studio\/20201\/?p=2682"},"modified":"2021-03-11T09:30:41","modified_gmt":"2021-03-11T08:30:41","slug":"le-cine-debat-en-ligne-ou-le-renouvellement-de-lexperience-de-spectateur","status":"publish","type":"post","link":"https:\/\/larevuedespectateurs.artecom.studio\/20201\/2021\/03\/01\/le-cine-debat-en-ligne-ou-le-renouvellement-de-lexperience-de-spectateur\/","title":{"rendered":"Le cin\u00e9-d\u00e9bat en ligne, ou le renouvellement de l\u2019exp\u00e9rience de spectateur"},"content":{"rendered":"\n<p style=\"background-color:#034612\" class=\"has-text-color has-background has-very-light-gray-color\"> Jeudi 28 octobre 2020 a eu lieu un cin\u00e9-d\u00e9bat d\u2019une forme nouvelle &#8211; quoique, nous commen\u00e7ons \u00e0 nous y accoutumer. Je me suis inscrite il y a quelques semaines \u00e0 la projection dans mon salon du documentaire \u00ab&nbsp;Kiss the Ground&nbsp;\u00bb, produit par Pamela Green et Darius Fisher en 2020, connus pour leurs films aux sujets environnementalistes. Je ne suis pas une habitu\u00e9e de ce genre de format num\u00e9rique, et de prime abord je me suis dit que j\u2019aurai pr\u00e9f\u00e9r\u00e9 pouvoir me rendre dans un caf\u00e9 culturel ou un cin\u00e9ma d\u2019art et essai pour vivre cette exp\u00e9rience sociale et politique, mais \u00e0 la fin de la soir\u00e9e mes pr\u00e9jug\u00e9s et craintes s\u2019\u00e9taient envol\u00e9s. J\u2019ai finalement beaucoup appr\u00e9ci\u00e9 cette exp\u00e9rience nouvelle de web-spectatrice. Cet article vous livre les ingr\u00e9dients du succ\u00e8s&nbsp;!  <\/p>\n\n\n\n<hr class=\"wp-block-separator\" \/>\n\n\n\n<div class=\"wp-block-cover aligncenter has-background-dim-30 has-background-dim\" style=\"background-image:url(https:\/\/larevuedespectateurs.artecom.studio\/20201\/wp-content\/uploads\/sites\/3\/2021\/03\/tractor-3.jpg)\"><div class=\"wp-block-cover__inner-container is-layout-flow wp-block-cover-is-layout-flow\">\n<p style=\"text-align:center\" class=\"has-large-font-size\">Sensibiliser un public non-expert aux enjeux de l&rsquo;agro-\u00e9cologie<\/p>\n<\/div><\/div>\n\n\n\n<hr class=\"wp-block-separator\" \/>\n\n\n\n<h3 class=\"wp-block-heading\">L&rsquo;association Fermes d&rsquo;Avenir en quelques mots&#8230; <\/h3>\n\n\n\n<p class=\"has-drop-cap\">Cette soir\u00e9e \u00e9tait organis\u00e9e par l\u2019association \u00ab&nbsp;Fermes d\u2019Avenir&nbsp;\u00bb, une association qui \u0153uvre pour la promotion et l\u2019accompagnement au d\u00e9veloppement de l\u2019agro\u00e9cologie aupr\u00e8s de professionnels du monde paysan. Ses actions sont&nbsp;<strong>la mise en r\u00e9seau et l\u2019accompagnement des fermes et porteurs.ses de projets agro\u00e9cologiques<\/strong>. L\u2019association propose \u00e9galement des <strong>formations<\/strong>, et une <strong>aide au financement<\/strong>. En se promenant sur le site internet de l\u2019association on peut d\u00e9couvrir un sch\u00e9ma qui r\u00e9sume assez bien ces enjeux&nbsp;: il s\u2019agit de la \u00ab&nbsp;Fleur de l\u2019agro\u00e9cologie&nbsp;\u00bb. Ce n\u2019est pas un mod\u00e8le fixe et \u00ab&nbsp;dogmatique&nbsp;\u00bb mais plut\u00f4t un outil que l\u2019association met \u00e0 disposition de chaque acteur afin d\u2019adapter ses objectifs, en fonction des contraintes et avantages de son territoire et de son contexte socio-\u00e9conomique. <\/p>\n\n\n\n<figure class=\"wp-block-image\"><img loading=\"lazy\" decoding=\"async\" width=\"700\" height=\"664\" src=\"https:\/\/larevuedespectateurs.artecom.studio\/20201\/wp-content\/uploads\/sites\/3\/2021\/03\/Fleur-de-lagro\u00e9cologie.png\" alt=\"\" class=\"wp-image-2693\" srcset=\"https:\/\/larevuedespectateurs.artecom.studio\/20201\/wp-content\/uploads\/sites\/3\/2021\/03\/Fleur-de-lagro\u00e9cologie.png 700w, https:\/\/larevuedespectateurs.artecom.studio\/20201\/wp-content\/uploads\/sites\/3\/2021\/03\/Fleur-de-lagro\u00e9cologie-300x285.png 300w\" sizes=\"auto, (max-width: 700px) 100vw, 700px\" \/><figcaption>Sch\u00e9ma \u00ab\u00a0Fleur de l&rsquo;Agro-\u00e9cologie\u00a0\u00bb &#8211; cr\u00e9dits Fermes d&rsquo;Avenir<\/figcaption><\/figure>\n\n\n\n<h3 class=\"wp-block-heading\">Le documentaire Kiss the Ground <\/h3>\n\n\n\n<p class=\"has-drop-cap\">Le documentaire \u00ab Kiss the Ground \u00bb est une production am\u00e9ricaine diffus\u00e9e en salle dans de nombreux pays : Etats-Unis, Inde, Chine, France, entre autres. Lors du d\u00e9bat qui a suivi la projection, Darius Fisher le co-producteur a insist\u00e9 sur le choix assum\u00e9 de diffuser le film dans les pays plus grands \u00e9metteurs de CO\u00b2 dans le monde. L\u2019objectif du film est d\u2019\u00e9veiller les consciences non pas sur le r\u00e9chauffement climatique, qui est un fait scientifiquement av\u00e9r\u00e9 depuis des d\u00e9cennies et relativement reconnu par la population aujourd\u2019hui, mais plut\u00f4t sur le pouvoir r\u00e9el et efficace dont nous disposons pour stopper l\u2019effondrement du Vivant : notre mani\u00e8re de travailler le sol.  La narration est port\u00e9e par le c\u00e9l\u00e8bre acteur am\u00e9ricain et militant environnementaliste Woody Harrelson, dont la voix est bien connue du public am\u00e9ricain pour son r\u00f4le dans la s\u00e9rie t\u00e9l\u00e9vis\u00e9e \u00e0 succ\u00e8s Cheers ou encore plus r\u00e9cemment dans la saga Hunger Games. Ce choix n\u2019est pas anodin et r\u00e9v\u00e8le la volont\u00e9 des producteurs de toucher un large public, pas forc\u00e9ment familier de ces questions environnementales. <\/p>\n\n\n\n<figure class=\"wp-block-embed-youtube wp-block-embed is-type-video is-provider-youtube wp-embed-aspect-16-9 wp-has-aspect-ratio\"><div class=\"wp-block-embed__wrapper\">\n<iframe loading=\"lazy\" title=\"Kiss the Ground - Official Movie Trailer (2020)\" width=\"800\" height=\"450\" src=\"https:\/\/www.youtube.com\/embed\/3iknWWKZOUs?feature=oembed\" frameborder=\"0\" allow=\"accelerometer; autoplay; clipboard-write; encrypted-media; gyroscope; picture-in-picture\" allowfullscreen><\/iframe>\n<\/div><\/figure>\n\n\n\n<div class=\"wp-block-cover has-background-dim-30 has-background-dim\" style=\"background-image:url(https:\/\/larevuedespectateurs.artecom.studio\/20201\/wp-content\/uploads\/sites\/3\/2021\/03\/large-screenshot1.jpg)\"><div class=\"wp-block-cover__inner-container is-layout-flow wp-block-cover-is-layout-flow\">\n<p style=\"text-align:center\" class=\"has-large-font-size\">Diffuser, diffuser et diffuser encore<\/p>\n<\/div><\/div>\n\n\n\n<p class=\"has-drop-cap\">L\u2019association a choisi deux canaux pour la communication de son \u00e9v\u00e9nement&nbsp;: des mailing listes d\u2019association ou de professionnels int\u00e9ress\u00e9s particuli\u00e8rement par ces questions, et le r\u00e9seau social Facebook pour une communication \u00e0 grande \u00e9chelle aupr\u00e8s du grand public. Le film \u00e9tait diffus\u00e9 sur la plateforme de streaming Vimeo. Apr\u00e8s l\u2019inscription gratuite en ligne, un lien nous \u00e9tait envoy\u00e9 48h avant la projection par mail, avec un mot de passe priv\u00e9, et le visionnage \u00e9tait encore possible 48h apr\u00e8s la soir\u00e9e de l\u2019\u00e9v\u00e9nement. Cette libert\u00e9 donn\u00e9e dans le visionnage, nous incitait en tant que spectateur \u00e0 diffuser ce lien et ce code aupr\u00e8s de nos proches, ce qui est selon moi un atout pour la d\u00e9mocratisation des enjeux pr\u00e9sent\u00e9s dans le film.  <\/p>\n\n\n\n<p>Le film est \u00e9galement disponible sur la plateforme de streaming Netflix ou en location sur le site du film pour 1$ symbolique. Cette accessibilit\u00e9 du documentaire t\u00e9moigne de la volont\u00e9 de diffusion maximale et non de rentabilit\u00e9 de la production pr\u00f4n\u00e9e par le producteur Darius Fisher lui-m\u00eame lors du d\u00e9bat. Pour visionner le film c\u2019est ici&nbsp;: <a href=\"https:\/\/kissthegroundmovie.com\/\">https:\/\/kissthegroundmovie.com\/<\/a><\/p>\n\n\n\n<hr class=\"wp-block-separator\" \/>\n\n\n\n<div class=\"wp-block-cover has-background-dim-30 has-background-dim\" style=\"background-image:url(https:\/\/larevuedespectateurs.artecom.studio\/20201\/wp-content\/uploads\/sites\/3\/2021\/03\/back.jpg)\"><div class=\"wp-block-cover__inner-container is-layout-flow wp-block-cover-is-layout-flow\">\n<p style=\"text-align:center\" class=\"has-large-font-size\">\n\nLe format du web-d\u00e9bat : permettre la rencontre et la discussion\n\n<\/p>\n<\/div><\/div>\n\n\n\n<hr class=\"wp-block-separator\" \/>\n\n\n\n<h3 class=\"wp-block-heading\"> Un bon web-d\u00e9bat est un d\u00e9bat organis\u00e9 <\/h3>\n\n\n\n<p class=\"has-drop-cap\">Le d\u00e9bat s\u2019est ensuite d\u00e9roul\u00e9 en direct sur la plateforme de visio-conf\u00e9rence Zoom et sur la page Facebook de l\u2019association, ce qui \u00e9vitait les bug de connexion li\u00e9 \u00e0 la surcharge de participants. Ce <em>modus operandi<\/em> s\u2019est r\u00e9v\u00e9l\u00e9 tr\u00e8s efficace car plus de 5000 personnes se sont connect\u00e9s lors du d\u00e9bat en direct, ce qui t\u00e9moigne de l\u2019ampleur de l\u2019int\u00e9r\u00eat des questions \u00e9cologiques aupr\u00e8s du public.  <\/p>\n\n\n\n<p>Pour revoir le d\u00e9bat rendez-vous sur la page facebook de Fermes d\u2019Avenir&nbsp;:  <a href=\"https:\/\/www.facebook.com\/FermesdAvenir\/\">https:\/\/www.facebook.com\/FermesdAvenir\/<\/a><\/p>\n\n\n\n<h3 class=\"wp-block-heading\"> Qui sont les acteurs du changements ? <\/h3>\n\n\n\n<p class=\"has-drop-cap\">Le d\u00e9bat se faisait entre Marion Enzer, charg\u00e9e de d\u00e9veloppement des projets au sein de l\u2019association Fermes d\u2019Avenir qui a pris le r\u00f4le de mod\u00e9ratrice, les producteurs am\u00e9ricains du film, Pamela Green et Darius Fisher qui parlaient fran\u00e7ais, et diff\u00e9rents participants, paysans fran\u00e7ais aux pratiques agro\u00e9cologiques diff\u00e9rentes&nbsp;:  <\/p>\n\n\n\n<ul class=\"wp-block-list\"><li>F\u00e9lix Noblia, paysan-chercheur sur la Ferme de la Rousse pratique le patur\u00e2ge tournant dynamique. <br><\/li><li>Beno\u00eet le Baube, fondateur de la ferme de Cagnolle pratique quant lui le maraichage \u00ab&nbsp;sols vivants&nbsp;\u00bb. Leur expertise a permis de recontextualiser les enjeux plan\u00e9taires et le d\u00e9cor am\u00e9ricain du film sur le territoire fran\u00e7ais et ses enjeux politiques et \u00e9conomiques propres.<\/li><\/ul>\n\n\n\n<hr class=\"wp-block-separator\" \/>\n\n\n\n<div class=\"wp-block-cover has-background-dim-30 has-background-dim\" style=\"background-image:url(https:\/\/larevuedespectateurs.artecom.studio\/20201\/wp-content\/uploads\/sites\/3\/2021\/03\/Film_Header-2.jpg)\"><div class=\"wp-block-cover__inner-container is-layout-flow wp-block-cover-is-layout-flow\">\n<p style=\"text-align:center\" class=\"has-large-font-size\">Pour aller plus loin \ud83d\ude42<\/p>\n<\/div><\/div>\n\n\n\n<hr class=\"wp-block-separator\" \/>\n\n\n\n<p>Si vous cherchez des cl\u00e9s de compr\u00e9hension biologique, g\u00e9ologique, historique de la crise \u00e9cologique et surtout des outils pour renverser la balance, l\u2019\u00e9quipe du film vous donne acc\u00e8s \u00e0 8h de cours gratuits en ligne sur les enjeux de l\u2019agro\u00e9cologie&nbsp;: <a href=\"https:\/\/kisstheground.mykajabi.com\/kiss-the-ground-s-soil-advocate-training-90befcf2-102f-4937-a839-6f8bf7d8957c?preview_theme_id=2591978\">https:\/\/kisstheground.mykajabi.com\/kiss-the-ground-s-soil-advocate-training-90befcf2-102f-4937-a839-6f8bf7d8957c?preview_theme_id=2591978<\/a><\/p>\n","protected":false},"excerpt":{"rendered":"<p>Jeudi 28 octobre 2020 a eu lieu un cin\u00e9-d\u00e9bat d\u2019une forme nouvelle &#8211; quoique, nous commen\u00e7ons \u00e0 nous y accoutumer.<\/p>\n","protected":false},"author":8,"featured_media":0,"comment_status":"closed","ping_status":"open","sticky":false,"template":"","format":"standard","meta":{"colormag_page_container_layout":"default_layout","colormag_page_sidebar_layout":"default_layout","footnotes":""},"categories":[29,24,8,1],"tags":[],"class_list":["post-2682","post","type-post","status-publish","format-standard","hentry","category-a-la-une1","category-action-culturelle","category-cinema","category-non-classe"],"_links":{"self":[{"href":"https:\/\/larevuedespectateurs.artecom.studio\/20201\/wp-json\/wp\/v2\/posts\/2682","targetHints":{"allow":["GET"]}}],"collection":[{"href":"https:\/\/larevuedespectateurs.artecom.studio\/20201\/wp-json\/wp\/v2\/posts"}],"about":[{"href":"https:\/\/larevuedespectateurs.artecom.studio\/20201\/wp-json\/wp\/v2\/types\/post"}],"author":[{"embeddable":true,"href":"https:\/\/larevuedespectateurs.artecom.studio\/20201\/wp-json\/wp\/v2\/users\/8"}],"replies":[{"embeddable":true,"href":"https:\/\/larevuedespectateurs.artecom.studio\/20201\/wp-json\/wp\/v2\/comments?post=2682"}],"version-history":[{"count":4,"href":"https:\/\/larevuedespectateurs.artecom.studio\/20201\/wp-json\/wp\/v2\/posts\/2682\/revisions"}],"predecessor-version":[{"id":2910,"href":"https:\/\/larevuedespectateurs.artecom.studio\/20201\/wp-json\/wp\/v2\/posts\/2682\/revisions\/2910"}],"wp:attachment":[{"href":"https:\/\/larevuedespectateurs.artecom.studio\/20201\/wp-json\/wp\/v2\/media?parent=2682"}],"wp:term":[{"taxonomy":"category","embeddable":true,"href":"https:\/\/larevuedespectateurs.artecom.studio\/20201\/wp-json\/wp\/v2\/categories?post=2682"},{"taxonomy":"post_tag","embeddable":true,"href":"https:\/\/larevuedespectateurs.artecom.studio\/20201\/wp-json\/wp\/v2\/tags?post=2682"}],"curies":[{"name":"wp","href":"https:\/\/api.w.org\/{rel}","templated":true}]}}