{"id":2578,"date":"2021-02-23T17:30:35","date_gmt":"2021-02-23T16:30:35","guid":{"rendered":"https:\/\/larevuedespectateurs.artecom.studio\/20201\/?p=2578"},"modified":"2021-03-07T08:47:19","modified_gmt":"2021-03-07T07:47:19","slug":"gate-22-le-musee-darts-et-design-numeriques-en-realite-virtuelle","status":"publish","type":"post","link":"https:\/\/larevuedespectateurs.artecom.studio\/20201\/2021\/02\/23\/gate-22-le-musee-darts-et-design-numeriques-en-realite-virtuelle\/","title":{"rendered":"Gate 22 Le mus\u00e9e d\u2019Arts et Design Num\u00e9riques en r\u00e9alit\u00e9 virtuelle."},"content":{"rendered":"\n<p>Un projet qui a pour but de populariser l\u2019art num\u00e9rique dans le monde.<br><\/p>\n\n\n\n<figure class=\"wp-block-embed-youtube aligncenter wp-block-embed is-type-video is-provider-youtube wp-embed-aspect-16-9 wp-has-aspect-ratio\"><div class=\"wp-block-embed__wrapper\">\n<iframe loading=\"lazy\" title=\"\u00ab Introspexion \u00bb, exp\u00e9rience artistique immersive en VR\" width=\"800\" height=\"450\" src=\"https:\/\/www.youtube.com\/embed\/IioYvfYZmiw?feature=oembed\" frameborder=\"0\" allow=\"accelerometer; autoplay; clipboard-write; encrypted-media; gyroscope; picture-in-picture\" allowfullscreen><\/iframe>\n<\/div><\/figure>\n\n\n\n<div class=\"wp-block-button alignleft\"><a class=\"wp-block-button__link has-background\" href=\"https:\/\/gate22.net\/\" style=\"background-color:#9000ff\">GATE 22<\/a><\/div>\n\n\n\n<div class=\"wp-block-button alignleft\"><a class=\"wp-block-button__link has-background\" href=\"https:\/\/gate22.net\/demo-decouvrir\/\" style=\"background-color:#9000ff\">INTROSPEXION<\/a><\/div>\n\n\n\n<div class=\"wp-block-button alignleft\"><a class=\"wp-block-button__link has-background\" href=\"https:\/\/youtu.be\/xcoYJ6Rd71c\" style=\"background-color:#9000ff\">PRESENTATION <\/a><\/div>\n\n\n\n<div style=\"height:20px\" aria-hidden=\"true\" class=\"wp-block-spacer\"><\/div>\n\n\n\n<p class=\"has-drop-cap\"><br><br><br><br><strong>GATE 22<\/strong> n\u2019est encore qu\u2019\u00e0 l\u2019\u00e9tat de site internet projet, mais ce qui en rend compte pourrait bien constituer <em>une r\u00e9volution dans le monde la culture et du num\u00e9rique<\/em>. s<br><br>Pour ce faire, il est accompagn\u00e9 par <em>\u201cLe starter\u201d<\/em> un programme de pr\u00e9-incubation d\u2019entreprises destin\u00e9 \u00e0 des porteurs de projets innovants. Depuis 2014, ils en ont accompagn\u00e9s plus de 70 dans leur lancement pour un taux de 87% de sortie positive \u00e0 l\u2019issue des 4 mois, s\u2019appuyant sur un cercle de plus de 75 experts et sur des partenaires solides. Situ\u00e9 \u00e0 Toulouse, l\u2019un de ceux-ci n\u2019est autre que la <em>R\u00e9gion d\u2019Occitanie<\/em>, soutenant \u00e9galement le projet GATE 22. Pour finir, le dernier soutien du projet se trouve \u00eatre<em> \u201cla M\u00eal\u00e9e Num\u00e9rique\u201d<\/em>, premier r\u00e9seau d&rsquo;experts du num\u00e9rique en Occitanie. Cr\u00e9\u00e9e en 2000, l\u2019association travaille sur les nouveaux usages du num\u00e9rique et de l\u2019innovation sur toutes les r\u00e9gions. De nombreux acteurs annoncent \u00e0 GATE 22 de beaux jours si celui-ci aboutit.\u00a0<br> <\/p>\n\n\n\n<ul class=\"wp-block-gallery alignright columns-0 is-cropped wp-block-gallery-1 is-layout-flex wp-block-gallery-is-layout-flex\"><li class=\"blocks-gallery-item\"><figure><img loading=\"lazy\" decoding=\"async\" width=\"1024\" height=\"1024\" src=\"https:\/\/larevuedespectateurs.artecom.studio\/20201\/wp-content\/uploads\/sites\/3\/2021\/02\/C3vDcLvXAAA4daQ-1.jpg\" alt=\"\" data-id=\"2596\" data-link=\"https:\/\/larevuedespectateurs.artecom.studio\/20201\/?attachment_id=2596\" class=\"wp-image-2596\" srcset=\"https:\/\/larevuedespectateurs.artecom.studio\/20201\/wp-content\/uploads\/sites\/3\/2021\/02\/C3vDcLvXAAA4daQ-1.jpg 1024w, https:\/\/larevuedespectateurs.artecom.studio\/20201\/wp-content\/uploads\/sites\/3\/2021\/02\/C3vDcLvXAAA4daQ-1-150x150.jpg 150w, https:\/\/larevuedespectateurs.artecom.studio\/20201\/wp-content\/uploads\/sites\/3\/2021\/02\/C3vDcLvXAAA4daQ-1-300x300.jpg 300w, https:\/\/larevuedespectateurs.artecom.studio\/20201\/wp-content\/uploads\/sites\/3\/2021\/02\/C3vDcLvXAAA4daQ-1-768x768.jpg 768w\" sizes=\"auto, (max-width: 1024px) 100vw, 1024px\" \/><\/figure><\/li><li class=\"blocks-gallery-item\"><figure><img loading=\"lazy\" decoding=\"async\" width=\"260\" height=\"194\" src=\"https:\/\/larevuedespectateurs.artecom.studio\/20201\/wp-content\/uploads\/sites\/3\/2021\/02\/t\u00e9l\u00e9chargement-1-1.png\" alt=\"\" data-id=\"2597\" data-link=\"https:\/\/larevuedespectateurs.artecom.studio\/20201\/?attachment_id=2597\" class=\"wp-image-2597\" \/><\/figure><\/li><li class=\"blocks-gallery-item\"><figure><img loading=\"lazy\" decoding=\"async\" width=\"225\" height=\"225\" src=\"https:\/\/larevuedespectateurs.artecom.studio\/20201\/wp-content\/uploads\/sites\/3\/2021\/02\/t\u00e9l\u00e9chargement-2.png\" alt=\"\" data-id=\"2598\" data-link=\"https:\/\/larevuedespectateurs.artecom.studio\/20201\/?attachment_id=2598\" class=\"wp-image-2598\" srcset=\"https:\/\/larevuedespectateurs.artecom.studio\/20201\/wp-content\/uploads\/sites\/3\/2021\/02\/t\u00e9l\u00e9chargement-2.png 225w, https:\/\/larevuedespectateurs.artecom.studio\/20201\/wp-content\/uploads\/sites\/3\/2021\/02\/t\u00e9l\u00e9chargement-2-150x150.png 150w\" sizes=\"auto, (max-width: 225px) 100vw, 225px\" \/><\/figure><\/li><li class=\"blocks-gallery-item\"><figure><img loading=\"lazy\" decoding=\"async\" width=\"500\" height=\"500\" src=\"https:\/\/larevuedespectateurs.artecom.studio\/20201\/wp-content\/uploads\/sites\/3\/2021\/02\/Ulule_logo-1.gif\" alt=\"\" data-id=\"2599\" data-link=\"https:\/\/larevuedespectateurs.artecom.studio\/20201\/?attachment_id=2599\" class=\"wp-image-2599\" \/><\/figure><\/li><\/ul>\n\n\n\n<p>Ils proposeront un espace physique et virtuel o\u00f9 les artistes pourront partager leurs \u0153uvres de VR (virtual reality), permettant au public de d\u00e9couvrir de nouveaux m\u00e9dias. Le but de ce projet \u00e9tant d\u2019offrir une exp\u00e9rience in\u00e9dite au public tout en favorisant la venue de nouveaux artistes et de leur travail (sculpture, peinture, vid\u00e9o, musique, etc.). Ainsi, le site nous annonce qu\u2019il est temps d\u2019explorer l\u2019art autrement, d\u2019une mani\u00e8re plus immersive et innovante en cr\u00e9ant un espace mus\u00e9al in\u00e9dit. Gr\u00e2ce \u00e0 la r\u00e9alit\u00e9 virtuelle, les \u0153uvres num\u00e9riques devraient atteindre leur vrai potentiel, for\u00e7ant le spectateur \u00e0 oublier ses r\u00e9f\u00e9rences, bousculer ses rep\u00e8res et \u00e0 les d\u00e9couvrir sous un nouvel angle. Nous vous laissons d\u00e9couvrir la d\u00e9monstration de leur exposition constitu\u00e9e de 3 \u201cexp\u00e9riences\u201d con\u00e7ues par des artistes pour interroger notre vision de la r\u00e9alit\u00e9 : <em>INTROSPEXION.<\/em><\/p>\n\n\n\n<div style=\"height:65px\" aria-hidden=\"true\" class=\"wp-block-spacer\"><\/div>\n\n\n\n<blockquote class=\"wp-block-quote is-style-large is-layout-flow wp-block-quote-is-layout-flow\"><p><strong>Le monde qui nous entoure est-il une simple illusion, une construction de l\u2019esprit ? <\/strong><\/p><\/blockquote>\n\n\n\n<div style=\"height:61px\" aria-hidden=\"true\" class=\"wp-block-spacer\"><\/div>\n\n\n\n<div class=\"wp-block-media-text\" style=\"grid-template-columns:67% auto\"><figure class=\"wp-block-media-text__media\"><img loading=\"lazy\" decoding=\"async\" width=\"300\" height=\"168\" src=\"https:\/\/larevuedespectateurs.artecom.studio\/20201\/wp-content\/uploads\/sites\/3\/2021\/02\/t\u00e9l\u00e9chargement-1.jpg\" alt=\"\" class=\"wp-image-2602\" \/><\/figure><div class=\"wp-block-media-text__content\">\n<p>Le site nous propose de ne plus simplement \u00eatre des visiteurs, mais des acteurs d\u00e9couvrant l\u2019art sous une toute nouvelle forme immersive, en \u201cvivant\u201d ces \u0153uvres. Pour ce faire, ils proposeront au public de ne jamais voir la m\u00eame exposition. Celle-ci changera \u00e0 chaque nouvelle visite. <br><\/p>\n<\/div><\/div>\n\n\n\n<div style=\"height:20px\" aria-hidden=\"true\" class=\"wp-block-spacer\"><\/div>\n\n\n\n<p>En outre, les mots caract\u00e9risant le projet \u00e9tant la collaboration et la co-r\u00e9alisation, le site cherche des lieux-partenaires pour accueillir en physique les collections propos\u00e9es \u00e0 condition de disposer de supports techniques. Ainsi, ils esp\u00e8rent trouver des lieux conventionnels, mais aussi des entreprises. Dans ceux d\u00e9j\u00e0 trouv\u00e9s, nous retrouvons le <em>DAVIS MUSEUM BARCELONA <\/em>en Espagne, ainsi que le<em> HARDDISK MUSEUM<\/em>, mus\u00e9e d\u2019art num\u00e9rique pr\u00e9sent\u00e9 en Uruguay. <\/p>\n\n\n\n<div style=\"height:100px\" aria-hidden=\"true\" class=\"wp-block-spacer\"><\/div>\n\n\n\n<figure class=\"wp-block-image is-resized\"><img loading=\"lazy\" decoding=\"async\" src=\"https:\/\/larevuedespectateurs.artecom.studio\/20201\/wp-content\/uploads\/sites\/3\/2021\/02\/gate-22-visual-demo-expo-introspexion-museum-digi.S4sBWryC02M9-1.jpg\" alt=\"\" class=\"wp-image-2617\" width=\"1110\" height=\"624\" srcset=\"https:\/\/larevuedespectateurs.artecom.studio\/20201\/wp-content\/uploads\/sites\/3\/2021\/02\/gate-22-visual-demo-expo-introspexion-museum-digi.S4sBWryC02M9-1.jpg 640w, https:\/\/larevuedespectateurs.artecom.studio\/20201\/wp-content\/uploads\/sites\/3\/2021\/02\/gate-22-visual-demo-expo-introspexion-museum-digi.S4sBWryC02M9-1-300x169.jpg 300w\" sizes=\"auto, (max-width: 1110px) 100vw, 1110px\" \/><\/figure>\n\n\n\n<p>La plateforme a pour but d\u2019accueillir des artistes du monde entier. Gr\u00e2ce au num\u00e9rique, les barri\u00e8res sont presque toutes lev\u00e9es ce qui permet une grande diversit\u00e9 dans la proposition artistique. De plus, des artistes de tous types sont convi\u00e9s : designers, architectes, sculpteurs, vid\u00e9astes, plasticiens et musiciens. Permettant ainsi de renforcer les liens \u00e0 l&rsquo;international. Le but \u00e9tait \u00e9galement pour les artistes de stimuler leur cr\u00e9ation artistique gr\u00e2ce \u00e0 ce nouvel outil.\u00a0<br><\/p>\n\n\n\n<p>Enfin, pour guider les publics dans cette exp\u00e9rience d\u00e9routante, des m\u00e9diateurs seront pr\u00e9sents en amont pour pr\u00e9senter l\u2019exp\u00e9rience. Pendant celle-ci, un guide int\u00e9gr\u00e9 au contenu sera pr\u00e9sent. Puis, \u00e0 la fin, un espace pr\u00e9vu pour un \u00ab\u00a0atterrissage en douceur\u201d est con\u00e7u pour que les publics puissent \u00e9changer entre eux.\u00a0<br><\/p>\n\n\n\n<p>D\u2019un point de vue budg\u00e9taire, chaque artiste sera r\u00e9mun\u00e9r\u00e9 pour son travail sur une base des droits d\u2019auteur qui seront comptabilis\u00e9s \u00e0 chaque visionnage de l&rsquo;\u0153uvre ainsi que gr\u00e2ce \u00e0 la vente de produits d\u00e9riv\u00e9s.&nbsp;<br><\/p>\n\n\n\n<div style=\"height:49px\" aria-hidden=\"true\" class=\"wp-block-spacer\"><\/div>\n\n\n\n<hr class=\"wp-block-separator\" \/>\n\n\n\n<h2 class=\"wp-block-heading\" style=\"text-align:right\"><strong>Un avis Critique ?<\/strong><\/h2>\n\n\n\n<p style=\"text-align:right\">L\u2019un des points n\u00e9gatifs est que d\u00fb \u00e0 son statut de \u201cprojet\u201d nous n\u2019avons pas beaucoup de repr\u00e9sentations ni de formes concr\u00e8tes de celui-ci, malgr\u00e9 le fait qu&rsquo;il semble avoir \u00e9t\u00e9 bien pens\u00e9. Du reste, le projet reste accessible aux personnes \u00e2g\u00e9es de 10 ans minimum, il est adapt\u00e9 aux personnes \u00e0 mobilit\u00e9 r\u00e9duite mais d\u00e9conseill\u00e9 aux personnes non-voyantes et \u00e0 celles atteintes d\u2019\u00e9pilepsie.<br><\/p>\n\n\n\n<p style=\"text-align:right\">En revanche, si le projet voit le jour, il s\u2019agira de l\u2019un des premiers mus\u00e9es \u201cverts\u201d. Effectivement, ne n\u00e9cessitant pas de grandes surfaces et occasionnant peu de transport, son installation est facilit\u00e9e et demande moins d\u2019agents pollueurs m\u00eame si l\u2019\u00e9quipement num\u00e9rique et l&rsquo;\u00e9nergie produite pour l&rsquo;alimenter restent cons\u00e9quents. Mais les d\u00e9penses \u00e9nerg\u00e9tiques seront moindres par rapport \u00e0 d\u2019autres expositions.<br><\/p>\n\n\n\n<p style=\"text-align:right\"><strong>ROSE M\u00e9lissande &#8211; M1 MEV<\/strong><\/p>\n\n\n\n<p><\/p>\n","protected":false},"excerpt":{"rendered":"<p>Un projet qui a pour but de populariser l\u2019art num\u00e9rique dans le monde. GATE 22 n\u2019est encore qu\u2019\u00e0 l\u2019\u00e9tat de<\/p>\n","protected":false},"author":33,"featured_media":2602,"comment_status":"closed","ping_status":"open","sticky":true,"template":"","format":"standard","meta":{"colormag_page_container_layout":"no_sidebar_content_centered","colormag_page_sidebar_layout":"no_sidebar","footnotes":""},"categories":[29,3,7],"tags":[],"class_list":["post-2578","post","type-post","status-publish","format-standard","has-post-thumbnail","hentry","category-a-la-une1","category-musee","category-site-web-culturel"],"_links":{"self":[{"href":"https:\/\/larevuedespectateurs.artecom.studio\/20201\/wp-json\/wp\/v2\/posts\/2578","targetHints":{"allow":["GET"]}}],"collection":[{"href":"https:\/\/larevuedespectateurs.artecom.studio\/20201\/wp-json\/wp\/v2\/posts"}],"about":[{"href":"https:\/\/larevuedespectateurs.artecom.studio\/20201\/wp-json\/wp\/v2\/types\/post"}],"author":[{"embeddable":true,"href":"https:\/\/larevuedespectateurs.artecom.studio\/20201\/wp-json\/wp\/v2\/users\/33"}],"replies":[{"embeddable":true,"href":"https:\/\/larevuedespectateurs.artecom.studio\/20201\/wp-json\/wp\/v2\/comments?post=2578"}],"version-history":[{"count":45,"href":"https:\/\/larevuedespectateurs.artecom.studio\/20201\/wp-json\/wp\/v2\/posts\/2578\/revisions"}],"predecessor-version":[{"id":2895,"href":"https:\/\/larevuedespectateurs.artecom.studio\/20201\/wp-json\/wp\/v2\/posts\/2578\/revisions\/2895"}],"wp:featuredmedia":[{"embeddable":true,"href":"https:\/\/larevuedespectateurs.artecom.studio\/20201\/wp-json\/wp\/v2\/media\/2602"}],"wp:attachment":[{"href":"https:\/\/larevuedespectateurs.artecom.studio\/20201\/wp-json\/wp\/v2\/media?parent=2578"}],"wp:term":[{"taxonomy":"category","embeddable":true,"href":"https:\/\/larevuedespectateurs.artecom.studio\/20201\/wp-json\/wp\/v2\/categories?post=2578"},{"taxonomy":"post_tag","embeddable":true,"href":"https:\/\/larevuedespectateurs.artecom.studio\/20201\/wp-json\/wp\/v2\/tags?post=2578"}],"curies":[{"name":"wp","href":"https:\/\/api.w.org\/{rel}","templated":true}]}}