{"id":2312,"date":"2021-02-08T18:01:12","date_gmt":"2021-02-08T17:01:12","guid":{"rendered":"https:\/\/larevuedespectateurs.artecom.studio\/20201\/?p=2312"},"modified":"2021-02-19T18:15:18","modified_gmt":"2021-02-19T17:15:18","slug":"bande-dessinee-du-silence-une-histoire-des-silencieux","status":"publish","type":"post","link":"https:\/\/larevuedespectateurs.artecom.studio\/20201\/2021\/02\/08\/bande-dessinee-du-silence-une-histoire-des-silencieux\/","title":{"rendered":"Bande dessin\u00e9e du silence, une histoire des Silencieux"},"content":{"rendered":"\n<p class=\"has-large-font-size\"><strong>Jean Le Sourd, Les t\u00e9moins silencieux&nbsp;<\/strong><\/p>\n\n\n\n<figure class=\"wp-block-image\"><img loading=\"lazy\" decoding=\"async\" width=\"585\" height=\"321\" src=\"https:\/\/larevuedespectateurs.artecom.studio\/20201\/wp-content\/uploads\/sites\/3\/2021\/02\/partie-jean-le-sourd.png\" alt=\"\" class=\"wp-image-2340\" srcset=\"https:\/\/larevuedespectateurs.artecom.studio\/20201\/wp-content\/uploads\/sites\/3\/2021\/02\/partie-jean-le-sourd.png 585w, https:\/\/larevuedespectateurs.artecom.studio\/20201\/wp-content\/uploads\/sites\/3\/2021\/02\/partie-jean-le-sourd-300x165.png 300w\" sizes=\"auto, (max-width: 585px) 100vw, 585px\" \/><figcaption>\u00a9association art&rsquo;sign<\/figcaption><\/figure>\n\n\n\n<p><strong>Normalement le festival BD \u00e0 Angoul\u00eame devait s\u2019ouvrir ses portes fin janvier comme chaque ann\u00e9e, mais ce festival qui est contraint d&rsquo;\u00eatre report\u00e9 en juin si la situation sanitaire le permet. C\u2019est pourquoi cela m\u2019\u00e9voque une bande dessin\u00e9e que j\u2019aime beaucoup et qui fait beaucoup de bruit au sein de la communaut\u00e9 des Sourds. Ce livre nous raconte l\u2019Histoire des Sourds et la naissance de la langue des signes \u00e0 l\u2019\u00e9poque de l\u2019abb\u00e9 de l\u2019\u00c9p\u00e9e. Cette histoire d\u00e9bute avant la R\u00e9volution Fran\u00e7aise.<\/strong><\/p>\n\n\n\n<h4 class=\"wp-block-heading\"><strong>Que raconte ce livre ?<\/strong><\/h4>\n\n\n\n<p>Cette bande dessin\u00e9e comporte deux tomes, le premier est sorti en 2012 et le second est sorti en 2015. Elle est \u00e9dit\u00e9e aux \u00c9ditions Monica Companys avec l\u2019association Art\u2019Sign. Jean, un personnage fictif dans l\u2019Histoire des Sourds suit le parcours de l\u2019\u00e9ducation en langue de Signes au d\u00e9but de la R\u00e9volution Fran\u00e7aise. C\u2019est pourquoi le titre \u00ab\u00a0t\u00e9moins silencieux\u00a0\u00bb montre bien qu&rsquo;il y a des Sourds \u00e9duqu\u00e9s et intelligents dans la soci\u00e9t\u00e9. Les tomes ciblent une p\u00e9riode d\u00e9finie de l&rsquo;Histoire (pour le second tome, les 10 ann\u00e9es de la R\u00e9volution fran\u00e7aise), ce qui demande des connaissances sp\u00e9cifiques et approfondies sur cette p\u00e9riode. Cette lecture am\u00e8ne \u00e0 v\u00e9rifier leurs connaissances, \u00e0 chercher les informations qui leur manquent, et \u00e0 mieux conna\u00eetre les personnages r\u00e9els qui int\u00e8grent leur Histoire.\u00a0Cr\u00e9er un personnage fictif permet aux auteurs d&rsquo;\u00eatre plus souples dans le sc\u00e9nario, o\u00f9 il est important de respecter l&rsquo;aspect historique. Or, l&rsquo;id\u00e9e de faire un personnage non historique, comme un observateur ext\u00e9rieur leur permet justement de montrer le double aspect de la communaut\u00e9 sourde : \u00e9ducation et vie au quotidien. Un personnage r\u00e9ellement historique ne pourrait pas en rendre compte de la m\u00eame fa\u00e7on.<\/p>\n\n\n\n<ul class=\"wp-block-gallery alignleft columns-2 wp-block-gallery-1 is-layout-flex wp-block-gallery-is-layout-flex\"><li class=\"blocks-gallery-item\"><figure><a href=\"https:\/\/larevuedespectateurs.artecom.studio\/20201\/wp-content\/uploads\/sites\/3\/2021\/02\/art-sign2-1-212x300.jpg\"><img loading=\"lazy\" decoding=\"async\" width=\"212\" height=\"300\" src=\"https:\/\/larevuedespectateurs.artecom.studio\/20201\/wp-content\/uploads\/sites\/3\/2021\/02\/art-sign2-1-212x300.jpg\" alt=\"\" data-id=\"2315\" class=\"wp-image-2315\" srcset=\"https:\/\/larevuedespectateurs.artecom.studio\/20201\/wp-content\/uploads\/sites\/3\/2021\/02\/art-sign2-1-212x300.jpg 212w, https:\/\/larevuedespectateurs.artecom.studio\/20201\/wp-content\/uploads\/sites\/3\/2021\/02\/art-sign2-1.jpg 500w\" sizes=\"auto, (max-width: 212px) 100vw, 212px\" \/><\/a><figcaption>\u00a9art&rsquo;sign<\/figcaption><\/figure><\/li><li class=\"blocks-gallery-item\"><figure><a href=\"https:\/\/larevuedespectateurs.artecom.studio\/20201\/wp-content\/uploads\/sites\/3\/2021\/02\/artsign-1.jpg\"><img loading=\"lazy\" decoding=\"async\" width=\"400\" height=\"558\" src=\"https:\/\/larevuedespectateurs.artecom.studio\/20201\/wp-content\/uploads\/sites\/3\/2021\/02\/artsign-1.jpg\" alt=\"\" data-id=\"2347\" data-link=\"https:\/\/larevuedespectateurs.artecom.studio\/20201\/?attachment_id=2347\" class=\"wp-image-2347\" srcset=\"https:\/\/larevuedespectateurs.artecom.studio\/20201\/wp-content\/uploads\/sites\/3\/2021\/02\/artsign-1.jpg 400w, https:\/\/larevuedespectateurs.artecom.studio\/20201\/wp-content\/uploads\/sites\/3\/2021\/02\/artsign-1-215x300.jpg 215w\" sizes=\"auto, (max-width: 400px) 100vw, 400px\" \/><\/a><figcaption>\u00a9art&rsquo;sign<\/figcaption><\/figure><\/li><\/ul>\n\n\n\n<p>Tome\n1&nbsp;: C\u2019est le d\u00e9but de l\u2019histoire de Jean avant la R\u00e9volution Fran\u00e7aise,\nvivant dans la capitale fran\u00e7aise, Paris, o\u00f9 les Sourds vivent dans les\nmeilleures conditions que dans le reste de la France. Une \u00e9cole des Sourds et l&rsquo;instruction de la langue\ndes signes sont rendues possibles gr\u00e2ce \u00e0 l&rsquo;Abb\u00e9 de L&rsquo;\u00c9p\u00e9e et \u00e0 ses rencontres\navec des personnes c\u00e9l\u00e8bres.<\/p>\n\n\n\n<p>Tome 2&nbsp;: La France commence \u00e0 bouger apr\u00e8s la R\u00e9volution, la mort de l\u2019abb\u00e9 de l\u2019\u00c9p\u00e9e tombe mal dans la communaut\u00e9 des Sourds. L\u2019h\u00e9ritage de Jean passe \u00e0 sa jeune fille sourde. Le changement historique s&rsquo;op\u00e8re, la langue des signes va peu \u00e0 peu \u00eatre invisibilis\u00e9e, les Sourds sont de moins en moins instruits et l\u2019\u00e9ducation oraliste s\u2019impose petit \u00e0 petit. <\/p>\n\n\n\n<hr class=\"wp-block-separator\" \/>\n\n\n\n<div style=\"height:100px\" aria-hidden=\"true\" class=\"wp-block-spacer\"><\/div>\n\n\n\n<h4 class=\"wp-block-heading\"><strong>Les auteurs<\/strong><\/h4>\n\n\n\n<div class=\"wp-block-image\"><figure class=\"alignleft is-resized\"><img loading=\"lazy\" decoding=\"async\" src=\"https:\/\/larevuedespectateurs.artecom.studio\/20201\/wp-content\/uploads\/sites\/3\/2021\/02\/art-sign-auteur.jpeg\" alt=\"\" class=\"wp-image-2307\" width=\"365\" height=\"326\" \/><figcaption>Yann C, Celine R et Dano               \u00a9artsign<\/figcaption><\/figure><\/div>\n\n\n\n<p><strong>Yann Cantin,<\/strong> doctorant sourd en Histoire, a donn\u00e9 beaucoup de pr\u00e9cisions sur l\u2019Histoire des Sourds pendant la r\u00e9volution Daniel Lecoq et lui, ils avaient un projet avort\u00e9 d&rsquo;une BD sur un personnage Sourd de l&rsquo;Antiquit\u00e9, et par la suite, la rencontre avec C\u00e9line Rames, de Art&rsquo;Sign, et une r\u00e9flexion les a conduits \u00e0 faire une BD sur les Sourds de Paris. En fait, ce n\u2019est pas une id\u00e9e soudaine, mais qui lui est venue progressivement depuis 2006.<\/p>\n\n\n\n<p><strong>C\u00e9line Rames<\/strong> a plusieurs casquettes&nbsp;: metteure en sc\u00e8ne, charg\u00e9 de missions culturelles et de projets d&rsquo;accessibilit\u00e9 pour l&rsquo;association Art&rsquo;Sign, sc\u00e9nariste. Elle a \u00e9crit pour le 1<sup>er <\/sup>tome. L\u2019\u00e9criture du sc\u00e9nario s&rsquo;est faite \u00e0 \u00ab\u00a0deux mains\u00a0\u00bb avec Yann, ils sont co-sc\u00e9naristes. Ce projet BD sur l&rsquo;Histoire des Sourds est une initiative de l&rsquo;association Art&rsquo;Sign.<\/p>\n\n\n\n<p><strong>Daniel Lecoq, dit \u00ab&nbsp;Dano&nbsp;\u00bb,<\/strong> le dessinateur sourd, a su bien manier les personnages, il fait des propositions de story board \u00e0 partir du sc\u00e9nario que C\u00e9line et Yann lui proposent, mais il arrive aussi qu\u2019ils lui fassent des propositions car ils ont une id\u00e9e bien pr\u00e9cise en t\u00eate&#8230;<\/p>\n\n\n\n<h4 class=\"wp-block-heading\"><strong>Mon coup d&rsquo;oeil<\/strong><\/h4>\n\n\n\n<p style=\"text-align:left\">             C\u2019est bien dommage que le dessinateur ne soit pas reconnu dans le monde de la bande dessin\u00e9e. En effet, nous ne trouvons pas cet ouvrage dans les librairies, les grandes surfaces ou encore \u00e0 la Fnac. Peut-\u00eatre que je me trompe mais je voulais apporter une lumi\u00e8re historique en Bande dessin\u00e9e, cela permet d\u2019ouvrir les yeux sur la d\u00e9couverte de l\u2019Histoire des Sourds. \u00c0 la fin du livre il y a des documentaires bien renseign\u00e9s ainsi qu\u2019une frise chronologique qui permet de situer des rep\u00e8res historiques. <\/p>\n\n\n\n<p>          Le troisi\u00e8me tome est en cours de pr\u00e9paration. Mais nous sommes impatients de conna\u00eetre la suite de l\u2019histoire surtout en ce qui concerne la jeune fille et son p\u00e8re, afin de savoir ce qu&rsquo;ils sont devenus. <\/p>\n\n\n\n<figure class=\"wp-block-embed-wordpress wp-block-embed is-type-wp-embed is-provider-librairie-louie-lire\"><div class=\"wp-block-embed__wrapper\">\n<blockquote class=\"wp-embedded-content\" data-secret=\"GfvulVeiEC\"><a href=\"https:\/\/librairie-louilire.com\/\">Accueil<\/a><\/blockquote><iframe loading=\"lazy\" class=\"wp-embedded-content\" sandbox=\"allow-scripts\" security=\"restricted\" style=\"position: absolute; clip: rect(1px, 1px, 1px, 1px);\" title=\"\u00ab\u00a0Accueil\u00a0\u00bb &#8212; Librairie Louie lire\" src=\"https:\/\/librairie-louilire.com\/embed\/#?secret=GfvulVeiEC\" data-secret=\"GfvulVeiEC\" width=\"600\" height=\"338\" frameborder=\"0\" marginwidth=\"0\" marginheight=\"0\" scrolling=\"no\"><\/iframe>\n<\/div><\/figure>\n\n\n\n<p><a href=\"http:\/\/www.monica-companys.com\/\">http:\/\/www.monica-companys.com\/<\/a><\/p>\n\n\n\n<p><a href=\"http:\/\/bdtemoinssilencieux.blogspot.fr\/\">http:\/\/bdtemoinssilencieux.blogspot.fr\/<\/a><\/p>\n","protected":false},"excerpt":{"rendered":"<p>Jean Le Sourd, Les t\u00e9moins silencieux&nbsp; Normalement le festival BD \u00e0 Angoul\u00eame devait s\u2019ouvrir ses portes fin janvier comme chaque<\/p>\n","protected":false},"author":9,"featured_media":2338,"comment_status":"closed","ping_status":"open","sticky":false,"template":"","format":"standard","meta":{"colormag_page_container_layout":"default_layout","colormag_page_sidebar_layout":"default_layout","footnotes":""},"categories":[28,2],"tags":[],"class_list":["post-2312","post","type-post","status-publish","format-standard","has-post-thumbnail","hentry","category-a-la-une2","category-bibliotheque"],"_links":{"self":[{"href":"https:\/\/larevuedespectateurs.artecom.studio\/20201\/wp-json\/wp\/v2\/posts\/2312","targetHints":{"allow":["GET"]}}],"collection":[{"href":"https:\/\/larevuedespectateurs.artecom.studio\/20201\/wp-json\/wp\/v2\/posts"}],"about":[{"href":"https:\/\/larevuedespectateurs.artecom.studio\/20201\/wp-json\/wp\/v2\/types\/post"}],"author":[{"embeddable":true,"href":"https:\/\/larevuedespectateurs.artecom.studio\/20201\/wp-json\/wp\/v2\/users\/9"}],"replies":[{"embeddable":true,"href":"https:\/\/larevuedespectateurs.artecom.studio\/20201\/wp-json\/wp\/v2\/comments?post=2312"}],"version-history":[{"count":38,"href":"https:\/\/larevuedespectateurs.artecom.studio\/20201\/wp-json\/wp\/v2\/posts\/2312\/revisions"}],"predecessor-version":[{"id":2554,"href":"https:\/\/larevuedespectateurs.artecom.studio\/20201\/wp-json\/wp\/v2\/posts\/2312\/revisions\/2554"}],"wp:featuredmedia":[{"embeddable":true,"href":"https:\/\/larevuedespectateurs.artecom.studio\/20201\/wp-json\/wp\/v2\/media\/2338"}],"wp:attachment":[{"href":"https:\/\/larevuedespectateurs.artecom.studio\/20201\/wp-json\/wp\/v2\/media?parent=2312"}],"wp:term":[{"taxonomy":"category","embeddable":true,"href":"https:\/\/larevuedespectateurs.artecom.studio\/20201\/wp-json\/wp\/v2\/categories?post=2312"},{"taxonomy":"post_tag","embeddable":true,"href":"https:\/\/larevuedespectateurs.artecom.studio\/20201\/wp-json\/wp\/v2\/tags?post=2312"}],"curies":[{"name":"wp","href":"https:\/\/api.w.org\/{rel}","templated":true}]}}