{"id":2273,"date":"2021-02-19T18:07:23","date_gmt":"2021-02-19T17:07:23","guid":{"rendered":"https:\/\/larevuedespectateurs.artecom.studio\/20201\/?p=2273"},"modified":"2021-02-23T20:30:15","modified_gmt":"2021-02-23T19:30:15","slug":"je-suis-le-chien","status":"publish","type":"post","link":"https:\/\/larevuedespectateurs.artecom.studio\/20201\/2021\/02\/19\/je-suis-le-chien\/","title":{"rendered":"Je suis le Chien"},"content":{"rendered":"\n<p>Heidi Guindi <\/p>\n\n\n\n<blockquote style=\"text-align:center\" class=\"wp-block-quote is-style-large is-layout-flow wp-block-quote-is-layout-flow\"><p>\u201cD\u00e9cillement : n. m. fait de se d\u00e9ciller.<br> D\u00e9ciller, dessiller : v. transitif (XIIIe)&nbsp;<br>1. Ancien : d\u00e9coudre les paupi\u00e8res d&rsquo;un faucon, d&rsquo;un oiseau de proie. &#8211; P. ext. : s\u00e9parer les paupi\u00e8res qui \u00e9taient jointes.<br> 2. Au sens figur\u00e9, courant. D\u00e9ciller les yeux de quelqu&rsquo;un : l&rsquo;amener \u00e0 voir, \u00e0 conna\u00eetre ce qu&rsquo;il ignorait ou voulait ignorer. &#8211; Rare : d\u00e9ciller quelqu&rsquo;un.<br>Se d\u00e9ciller (emploi pronominal) : prendre conscience de la r\u00e9alit\u00e9, de la v\u00e9rit\u00e9\u201d&nbsp;<\/p><cite>Patricia Combacal <\/cite><\/blockquote>\n\n\n\n<div class=\"wp-block-image\"><figure class=\"alignright\"><img loading=\"lazy\" decoding=\"async\" width=\"275\" height=\"366\" src=\"https:\/\/larevuedespectateurs.artecom.studio\/20201\/wp-content\/uploads\/sites\/3\/2021\/02\/photo_7422T3.jpg\" alt=\"\" class=\"wp-image-2280\" srcset=\"https:\/\/larevuedespectateurs.artecom.studio\/20201\/wp-content\/uploads\/sites\/3\/2021\/02\/photo_7422T3.jpg 275w, https:\/\/larevuedespectateurs.artecom.studio\/20201\/wp-content\/uploads\/sites\/3\/2021\/02\/photo_7422T3-225x300.jpg 225w\" sizes=\"auto, (max-width: 275px) 100vw, 275px\" \/><\/figure><\/div>\n\n\n\n<p>         L\u2019exposition \u201cJe suis le chien\u201d de Patricia&nbsp;Combacal&nbsp;se tient \u00e0 la Fondation espace \u00e9cureuil, place du Capitole \u00e0 Toulouse.&nbsp;Patricia raconte et met en avant son journal intime \u00e0 travers son exposition par le biais de divers m\u00e9dia dont des dessins, de la photographie et de la vid\u00e9o.<\/p>\n\n\n\n<p>L&rsquo;exposition explore plusieurs sujets de la vie de tous les jours :&nbsp;la m\u00e9moire, l&rsquo;identit\u00e9, et les diff\u00e9rentes formes de d\u00e9pendance&nbsp;(la d\u00e9pendance affective, la d\u00e9pendance \u00e9motionnelle et la d\u00e9pendance sexuelle)<\/p>\n\n\n\n<p>Mais celui qui a attir\u00e9 mon attention est, sans doute, un meuble qu\u2019elle a install\u00e9 dans l\u2019exposition qui nous permettait de faire appel a nos sens, et plus particuli\u00e8rement \u00e0 notre odorat.&nbsp;Sur ce meuble, se trouvait une vari\u00e9t\u00e9 d\u2019objets.<\/p>\n\n\n\n<ul class=\"wp-block-gallery alignleft columns-1 is-cropped wp-block-gallery-1 is-layout-flex wp-block-gallery-is-layout-flex\"><li class=\"blocks-gallery-item\"><figure><img loading=\"lazy\" decoding=\"async\" width=\"885\" height=\"1024\" src=\"https:\/\/larevuedespectateurs.artecom.studio\/20201\/wp-content\/uploads\/sites\/3\/2021\/02\/IMG_0846-885x1024.jpg\" alt=\"\" data-id=\"2283\" data-link=\"https:\/\/larevuedespectateurs.artecom.studio\/20201\/?attachment_id=2283\" class=\"wp-image-2283\" srcset=\"https:\/\/larevuedespectateurs.artecom.studio\/20201\/wp-content\/uploads\/sites\/3\/2021\/02\/IMG_0846-885x1024.jpg 885w, https:\/\/larevuedespectateurs.artecom.studio\/20201\/wp-content\/uploads\/sites\/3\/2021\/02\/IMG_0846-259x300.jpg 259w, https:\/\/larevuedespectateurs.artecom.studio\/20201\/wp-content\/uploads\/sites\/3\/2021\/02\/IMG_0846-768x889.jpg 768w, https:\/\/larevuedespectateurs.artecom.studio\/20201\/wp-content\/uploads\/sites\/3\/2021\/02\/IMG_0846.jpg 1484w\" sizes=\"auto, (max-width: 885px) 100vw, 885px\" \/><\/figure><\/li><\/ul>\n\n\n\n<p>Tout d\u2019abord, un miroir sur lequel il y avait un petit texte \u201cNe m\u2019oublie pas\u201d.&nbsp;Sur le meuble lui-m\u00eame, il y avait plusieurs bougies accompagn\u00e9es chacune d&rsquo;un texte.&nbsp;Chaque texte correspondait \u00e0 un moment de la vie ou un souvenir de Patricia&nbsp;Combacal.<\/p>\n\n\n\n<p>Nous pouvions y trouver par exemple :&nbsp;<\/p>\n\n\n\n<p style=\"text-align:center\"> \u00ab\u00a0Parfum de l&rsquo;adolescence. Une eau de toilette que je n&rsquo;osais pas porter, je ne sais pas toujours pas pourquoi. Flacons recro. Image floue\u00a0\u00bb<\/p>\n\n\n\n<p>Cette petite phrase faisait donc r\u00e9f\u00e9rence \u00e0 la bougie install\u00e9e au dessus. <\/p>\n\n\n\n<p>Cette installation m&rsquo;a particuli\u00e8rement touch\u00e9, car Patricia nous faisait rentrer dans son univers, dans son monde intime au-del\u00e0 d&rsquo;utiliser simplement des textes ou des images.&nbsp;Cette fois-ci, l&rsquo;artiste a fait appel \u00e0 nos sens qui rajoutent une nouvelle dimension et donne l&rsquo;occasion au visiteur de faire part de cette exposition.<\/p>\n\n\n\n<p>L&rsquo;exposition continue \u00e0 \u00eatre construite chaque semaine.&nbsp;En effet, l&rsquo;artiste va tout les jeudis \u00e0 l&rsquo;Espace \u00c9cureuil pour rajouter des \u0153uvres ou changer l&rsquo;ordre dans lequel elles sont expos\u00e9es.<\/p>\n\n\n\n<p class=\"has-small-font-size\">Cr\u00e9dit Photos : photographie propre. <\/p>\n","protected":false},"excerpt":{"rendered":"<p>Heidi Guindi \u201cD\u00e9cillement : n. m. fait de se d\u00e9ciller. D\u00e9ciller, dessiller : v. transitif (XIIIe)&nbsp;1. Ancien : d\u00e9coudre les<\/p>\n","protected":false},"author":54,"featured_media":2287,"comment_status":"closed","ping_status":"open","sticky":false,"template":"","format":"standard","meta":{"colormag_page_container_layout":"no_sidebar_content_centered","colormag_page_sidebar_layout":"no_sidebar","footnotes":""},"categories":[5,6],"tags":[],"class_list":["post-2273","post","type-post","status-publish","format-standard","has-post-thumbnail","hentry","category-exposition","category-lieu-culturel"],"_links":{"self":[{"href":"https:\/\/larevuedespectateurs.artecom.studio\/20201\/wp-json\/wp\/v2\/posts\/2273","targetHints":{"allow":["GET"]}}],"collection":[{"href":"https:\/\/larevuedespectateurs.artecom.studio\/20201\/wp-json\/wp\/v2\/posts"}],"about":[{"href":"https:\/\/larevuedespectateurs.artecom.studio\/20201\/wp-json\/wp\/v2\/types\/post"}],"author":[{"embeddable":true,"href":"https:\/\/larevuedespectateurs.artecom.studio\/20201\/wp-json\/wp\/v2\/users\/54"}],"replies":[{"embeddable":true,"href":"https:\/\/larevuedespectateurs.artecom.studio\/20201\/wp-json\/wp\/v2\/comments?post=2273"}],"version-history":[{"count":15,"href":"https:\/\/larevuedespectateurs.artecom.studio\/20201\/wp-json\/wp\/v2\/posts\/2273\/revisions"}],"predecessor-version":[{"id":2637,"href":"https:\/\/larevuedespectateurs.artecom.studio\/20201\/wp-json\/wp\/v2\/posts\/2273\/revisions\/2637"}],"wp:featuredmedia":[{"embeddable":true,"href":"https:\/\/larevuedespectateurs.artecom.studio\/20201\/wp-json\/wp\/v2\/media\/2287"}],"wp:attachment":[{"href":"https:\/\/larevuedespectateurs.artecom.studio\/20201\/wp-json\/wp\/v2\/media?parent=2273"}],"wp:term":[{"taxonomy":"category","embeddable":true,"href":"https:\/\/larevuedespectateurs.artecom.studio\/20201\/wp-json\/wp\/v2\/categories?post=2273"},{"taxonomy":"post_tag","embeddable":true,"href":"https:\/\/larevuedespectateurs.artecom.studio\/20201\/wp-json\/wp\/v2\/tags?post=2273"}],"curies":[{"name":"wp","href":"https:\/\/api.w.org\/{rel}","templated":true}]}}