{"id":2012,"date":"2021-02-15T16:35:42","date_gmt":"2021-02-15T15:35:42","guid":{"rendered":"https:\/\/larevuedespectateurs.artecom.studio\/20201\/?p=2012"},"modified":"2021-02-15T16:35:42","modified_gmt":"2021-02-15T15:35:42","slug":"une-programmation-only-online-pour-la-43eme-edition-du-festival-du-court-metrage-de-clermont-ferrand","status":"publish","type":"post","link":"https:\/\/larevuedespectateurs.artecom.studio\/20201\/2021\/02\/15\/une-programmation-only-online-pour-la-43eme-edition-du-festival-du-court-metrage-de-clermont-ferrand\/","title":{"rendered":"Une programmation \u00ab\u00a0only online\u00a0\u00bb pour la 43\u00e8me \u00e9dition du Festival du court-m\u00e9trage de Clermont Ferrand"},"content":{"rendered":"\n<p style=\"color:#277393\" class=\"has-text-color has-medium-font-size\"><strong>On ne les compte plus, bien-s\u00fbr, ces festivals qui n\u2019ont pu avoir la joie d\u2019ouvrir leurs portes au public suite aux annonces gouvernementales li\u00e9es \u00e0 la pand\u00e9mie. <\/strong><\/p>\n\n\n\n<p>Parmi ces \u00e9v\u00e9nements, le plus grand festival cin\u00e9matographique d\u00e9di\u00e9 au court-m\u00e9trage de Clermont Ferrand se retrouve, \u00e0 son tour, particuli\u00e8rement impact\u00e9. En effet, cet \u00e9v\u00e9nement embl\u00e9matique du centre de la France qui a vu le jour en 1982 aurait d\u00fb pr\u00e9senter sa 43<sup>\u00e8me<\/sup> \u00e9dition en cette ann\u00e9e 2021.<\/p>\n\n\n\n<p>Malgr\u00e9 quelques espoirs concernant la tenue festival hybride, qui aurait jongl\u00e9 entre des \u00e9v\u00e9nements en distanciel et d\u2019autres en pr\u00e9sentiel, l&rsquo;\u00e9quipe du festival n\u2019a pu aller au bout de cette id\u00e9e. Les organisateurs ont alors d\u00fb redoubler d\u2019efforts et s&rsquo;investir davantage pour rebondir et proposer un festival uniquement en ligne, afin de pouvoir permettre au public de vivre cette exp\u00e9rience unique, malgr\u00e9 le contexte si probl\u00e9matique. <\/p>\n\n\n\n<figure class=\"wp-block-embed-vimeo wp-block-embed is-type-video is-provider-vimeo wp-embed-aspect-16-9 wp-has-aspect-ratio\"><div class=\"wp-block-embed__wrapper\">\n<iframe loading=\"lazy\" title=\"Bande-annonce du festival du court m&amp;eacute;trage de Clermont-Ferrand 2021\" src=\"https:\/\/player.vimeo.com\/video\/500984102?dnt=1&amp;app_id=122963\" width=\"800\" height=\"450\" frameborder=\"0\" allow=\"autoplay; fullscreen; picture-in-picture\" allowfullscreen><\/iframe>\n<\/div><\/figure>\n\n\n\n<p>Le festival a par cons\u00e9quent ouvert ses portes \u2013 virtuellement &#8211; \u00e0 la France et aux DOM TOM ce vendredi 29 janvier sur le site internet de l&rsquo;\u00e9v\u00e9nement ainsi que sur ses r\u00e9seaux et les cl\u00f4turera le samedi 6 f\u00e9vrier.<\/p>\n\n\n\n<p>Pour cette nouvelle \u00e9dition, l\u2019illustratrice Yuko Shimizu s\u2019est jointe au projet pour r\u00e9aliser la magnifique affiche du festival qui semble mettre l\u2019accent sur les couleurs et l\u2019imagination.<\/p>\n\n\n\n<div class=\"wp-block-image\"><figure class=\"aligncenter is-resized\"><img loading=\"lazy\" decoding=\"async\" src=\"https:\/\/larevuedespectateurs.artecom.studio\/20201\/wp-content\/uploads\/sites\/3\/2021\/02\/SQP2021-1080x1920VisuelColonne-576x1024.jpg\" alt=\"\" class=\"wp-image-2067\" width=\"438\" height=\"777\" srcset=\"https:\/\/larevuedespectateurs.artecom.studio\/20201\/wp-content\/uploads\/sites\/3\/2021\/02\/SQP2021-1080x1920VisuelColonne-169x300.jpg 169w, https:\/\/larevuedespectateurs.artecom.studio\/20201\/wp-content\/uploads\/sites\/3\/2021\/02\/SQP2021-1080x1920VisuelColonne-768x1365.jpg 768w\" sizes=\"auto, (max-width: 438px) 100vw, 438px\" \/><\/figure><\/div>\n\n\n\n<h6 class=\"wp-block-heading\"><strong>Une vaste programmation, ouverte \u00e0 une vari\u00e9t\u00e9 d\u2019envies et de publics<\/strong><\/h6>\n\n\n\n<p>Si le festival n\u2019a pas lieu en pr\u00e9sentiel et dans des conditions vivantes et chaleureuses, il n\u2019en demeurera pas moins qualitatif. &nbsp;En effet, la programmation fait place cette ann\u00e9e \u00e0 une s\u00e9lection de 213 films internationaux parmi les 8000 films re\u00e7us. Le festival souhaite mettre en avant, comme chaque ann\u00e9e, une certaine vari\u00e9t\u00e9 au sein de son programme et propose ainsi treize s\u00e9lections de films dont trois comp\u00e9titions (La comp\u00e9tition internationale, la comp\u00e9tition labo et la comp\u00e9tition nationale). <\/p>\n\n\n\n<p>Parmi celles-ci, une importante programmation intitul\u00e9e \u00ab&nbsp;Regards d\u2019Afrique&nbsp;\u00bb est constitu\u00e9e autour de l\u2019Afrique \u00e0 l\u2019occasion des 30 ans du festival Africa, mais \u00e9galement une programmation jeune public qui ouvre notamment sur une s\u00e9lection pour un public scolaire.<\/p>\n\n\n\n<div class=\"wp-block-image\"><figure class=\"aligncenter is-resized\"><img loading=\"lazy\" decoding=\"async\" src=\"https:\/\/larevuedespectateurs.artecom.studio\/20201\/wp-content\/uploads\/sites\/3\/2021\/02\/Nomenclature2OK.png\" alt=\"\" class=\"wp-image-2070\" width=\"306\" height=\"631\" srcset=\"https:\/\/larevuedespectateurs.artecom.studio\/20201\/wp-content\/uploads\/sites\/3\/2021\/02\/Nomenclature2OK.png 396w, https:\/\/larevuedespectateurs.artecom.studio\/20201\/wp-content\/uploads\/sites\/3\/2021\/02\/Nomenclature2OK-145x300.png 145w\" sizes=\"auto, (max-width: 306px) 100vw, 306px\" \/><\/figure><\/div>\n\n\n\n<p>Des rendez-vous ponctuels sont \u00e9galement organis\u00e9s en ligne, comme la soir\u00e9e d\u2019ouverture, des <em>masterclass<\/em>, des d\u00e9bats ou encore des rencontres avec certains artistes de la s\u00e9lection,  pour permettre d&rsquo;\u00e9tablir un lien entre les spectateurs et l&rsquo;\u00e9v\u00e9nement, et le rendre tant bien que mal, vivant. <\/p>\n\n\n\n<h6 class=\"wp-block-heading\"><strong>Un pass au tarif unique pour avoir acc\u00e8s \u00e0 toute la programmation <\/strong><\/h6>\n\n\n\n<p>Cette \u00e9dition exceptionnelle modifie par cons\u00e9quent son tarif et propose de ce fait un pass unique de douze euros qui permet d\u2019avoir acc\u00e8s \u00e0 tous les films de la programmation disponible sur le site. Le public pourra \u00e9galement avoir la chance de voter pour son film coup de c\u0153ur \u00e0 la fin de l\u2019\u00e9v\u00e9nement.<\/p>\n\n\n\n<p>Les court-m\u00e9trages seront disponibles en ligne pendant la p\u00e9riode du festival uniquement, except\u00e9s les films prim\u00e9s qui seront disponibles une semaine de plus, soit jusqu\u2019au 23 f\u00e9vrier. Alors ne tardez pas \u00e0 r\u00e9server votre pass, il y aura de la place pour tout le monde.<\/p>\n\n\n\n<p>Sans oublier que, si le public Clermontois ne dispose pas d&rsquo;un ordinateur pour avoir acc\u00e8s au festival, la biblioth\u00e8que de La Jet\u00e9e a eu la bonne id\u00e9e de mettre \u00e0 disposition des ordinateurs pour la semaine du festival.<\/p>\n\n\n\n<p>Pour suivre et assister au festival : <a href=\"https:\/\/www.clermont-filmfest.org\/\">https:\/\/www.clermont-filmfest.org\/<\/a><\/p>\n","protected":false},"excerpt":{"rendered":"<p>On ne les compte plus, bien-s\u00fbr, ces festivals qui n\u2019ont pu avoir la joie d\u2019ouvrir leurs portes au public suite<\/p>\n","protected":false},"author":53,"featured_media":2073,"comment_status":"closed","ping_status":"open","sticky":false,"template":"","format":"standard","meta":{"colormag_page_container_layout":"default_layout","colormag_page_sidebar_layout":"default_layout","footnotes":""},"categories":[24,8,10,1,7],"tags":[],"class_list":["post-2012","post","type-post","status-publish","format-standard","has-post-thumbnail","hentry","category-action-culturelle","category-cinema","category-festival","category-non-classe","category-site-web-culturel"],"_links":{"self":[{"href":"https:\/\/larevuedespectateurs.artecom.studio\/20201\/wp-json\/wp\/v2\/posts\/2012","targetHints":{"allow":["GET"]}}],"collection":[{"href":"https:\/\/larevuedespectateurs.artecom.studio\/20201\/wp-json\/wp\/v2\/posts"}],"about":[{"href":"https:\/\/larevuedespectateurs.artecom.studio\/20201\/wp-json\/wp\/v2\/types\/post"}],"author":[{"embeddable":true,"href":"https:\/\/larevuedespectateurs.artecom.studio\/20201\/wp-json\/wp\/v2\/users\/53"}],"replies":[{"embeddable":true,"href":"https:\/\/larevuedespectateurs.artecom.studio\/20201\/wp-json\/wp\/v2\/comments?post=2012"}],"version-history":[{"count":14,"href":"https:\/\/larevuedespectateurs.artecom.studio\/20201\/wp-json\/wp\/v2\/posts\/2012\/revisions"}],"predecessor-version":[{"id":2434,"href":"https:\/\/larevuedespectateurs.artecom.studio\/20201\/wp-json\/wp\/v2\/posts\/2012\/revisions\/2434"}],"wp:featuredmedia":[{"embeddable":true,"href":"https:\/\/larevuedespectateurs.artecom.studio\/20201\/wp-json\/wp\/v2\/media\/2073"}],"wp:attachment":[{"href":"https:\/\/larevuedespectateurs.artecom.studio\/20201\/wp-json\/wp\/v2\/media?parent=2012"}],"wp:term":[{"taxonomy":"category","embeddable":true,"href":"https:\/\/larevuedespectateurs.artecom.studio\/20201\/wp-json\/wp\/v2\/categories?post=2012"},{"taxonomy":"post_tag","embeddable":true,"href":"https:\/\/larevuedespectateurs.artecom.studio\/20201\/wp-json\/wp\/v2\/tags?post=2012"}],"curies":[{"name":"wp","href":"https:\/\/api.w.org\/{rel}","templated":true}]}}