{"id":1996,"date":"2021-02-20T07:56:51","date_gmt":"2021-02-20T06:56:51","guid":{"rendered":"https:\/\/larevuedespectateurs.artecom.studio\/20201\/?p=1996"},"modified":"2021-02-20T07:56:52","modified_gmt":"2021-02-20T06:56:52","slug":"transistor-la-webradio-belle-jeune-et-culturelle","status":"publish","type":"post","link":"https:\/\/larevuedespectateurs.artecom.studio\/20201\/2021\/02\/20\/transistor-la-webradio-belle-jeune-et-culturelle\/","title":{"rendered":"Transistor : la webradio \u00ab\u00a0belle, jeune et culturelle !\u00a0\u00bb"},"content":{"rendered":"\n<p>En ce d\u00e9but d\u2019ann\u00e9e 2021, une Webradio culturelle a vu le jour, men\u00e9e par des professionnels b\u00e9n\u00e9voles dans un esprit de rupture avec les m\u00e9dias traditionnels. Elle nous propose donc un contenu nouveau, accessible \u00e0 tous.<\/p>\n\n\n\n<figure class=\"wp-block-embed-youtube wp-block-embed is-type-video is-provider-youtube wp-embed-aspect-16-9 wp-has-aspect-ratio\"><div class=\"wp-block-embed__wrapper\">\n<iframe loading=\"lazy\" title=\"Radio Transistor : une radio jeune, belle, culturelle\" width=\"800\" height=\"450\" src=\"https:\/\/www.youtube.com\/embed\/yllgZ-O_Ig4?list=UUNZAcW-ifyqTfJdJoNadJKw\" frameborder=\"0\" allow=\"accelerometer; autoplay; clipboard-write; encrypted-media; gyroscope; picture-in-picture\" allowfullscreen><\/iframe>\n<\/div><\/figure>\n\n\n\n<p>Transistor, c\u2019est une Webradio culturelle \u00e0 l\u2019initiative de Pierre Huard, professeur de fran\u00e7ais et ancien \u00e9tudiant au conservatoire de musique ancienne. C\u2019est dans un but de d\u00e9mocratisation culturelle, et d\u2019accessibilit\u00e9 \u00e0 tous, que Transistor a \u00e9t\u00e9 cr\u00e9er.\u00a0<\/p>\n\n\n\n<p>4 \u00e9missions sont anim\u00e9es chaque semaine, du mercredi au samedi, par une bande d\u2019amis ayant le d\u00e9sir de croiser leur savoir-faire, pour cr\u00e9er du contenu o\u00f9 chaque auditeur pourra trouver le format qui lui correspond le plus, ou justement, \u00e9couter quelque chose qui pourrait le sortir de ses habitudes. Cela a pour ambition de cibler un public jeune, qui se d\u00e9tache des m\u00e9dias traditionnels.\u00a0<\/p>\n\n\n\n<p>En creusant sur leur site internet, l\u2019\u00e9quipe nous explique en effet que depuis la fin des ann\u00e9es 1990, les jeunes\u00a0 g\u00e9n\u00e9rations se d\u00e9tachent des m\u00e9dias, pour se tourner vers un contenu qu\u2019ils choisissent sur internet, via des plateformes tels que les r\u00e9seaux sociaux ou les blogs. Il s\u2019agit alors, \u00e0 travers cette Webradio, de pouvoir offrir au public le choix de retrouver les \u00e9missions en podcast sur youtube, pour \u00eatre dans un esprit de libert\u00e9, o\u00f9 nous pouvons choisir le moment ou nous \u00e9couterons les \u00e9missions.<br><\/p>\n\n\n\n<p><strong>En effet, cette radio est anim\u00e9e par des professionnels, qui fournissent un travail b\u00e9n\u00e9vole chaque semaine pour alimenter les 4 \u00e9missions qui s\u2019offrent \u00e0 nous&nbsp;<\/strong>:<\/p>\n\n\n\n<p>Le Kiosque, mercredi de 20h \u00e0 21h : c\u2019est une \u00e9mission anim\u00e9e par Quentin Cendre-Malinas, Chef de ch\u0153ur, arrangeur, compositeur et claveciniste, il est aussi auteur de th\u00e9\u00e2tre et conteur. Dans cette \u00e9mission, il s\u2019agit pour Quentin de pr\u00e9senter la musique sous divers plans, \u00e0 la fois par des analyses, des \u00e9coutes ou des entretiens d&rsquo;artistes.\u00a0<\/p>\n\n\n\n<p>\u00d4sons, jeudi de 20h \u00e0 21h : anim\u00e9e par Karima Safri, com\u00e9dienne, et Pierre Huard, cette \u00e9missions souhaite associer le lien entre texte et musique. Karima ose lire de grands textes libres de droits, que Pierre met \u00f4 sons : il l\u2019accompagne en musique pour marier les deux disciplines et permettre une r\u00e9elle osmose entre les langages propos\u00e9s \u00e0 chacun.\u00a0<\/p>\n\n\n\n<p>De quel droit ?, le vendredi de 20h \u00e0 21h : \u00e9mission anim\u00e9e par Quentin Cendre-Malinas et avec la participation de Jean-Pierre Dubois, les deux interlocuteurs \u00e9changent et nous aident \u00e0 comprendre le monde, les lois, la g\u00e9opolitique ou encore le droit.&nbsp;<\/p>\n\n\n\n<p>Spirales, le samedi de 20h \u00e0 21h : Il s\u2019agit d\u2019un feuilleton \u00e9crit par Armelle Dufau-Duchen, autrice, com\u00e9dienne et illustratrice, et r\u00e9alis\u00e9 par Louis Joly. Tous les samedis soirs, Armelle nous donne rendez-vous pour suivre les aventures rocambolesques de ses personnages, \u00e0 la mani\u00e8re des vieilles s\u00e9ries am\u00e9ricaines, accompagn\u00e9es par les effets sonores int\u00e9gr\u00e9s au feuilleton de Pierre.\u00a0<\/p>\n\n\n\n<p>Dans sa vision du monde et ses valeurs, la radio Transistor permet de f\u00e9d\u00e9rer les connaissance des chacun des animateurs et offre un contenu de qualit\u00e9, qui refl\u00e8te un travail de recherche et de cr\u00e9ativit\u00e9. C\u2019est une web radio jeune, qui devrait travailler \u00e0 sa communication pour permettre ensuite, de pouvoir f\u00e9d\u00e9rer le public qu\u2019ils souhaitent atteindre. <br> <\/p>\n\n\n\n<figure class=\"wp-block-embed-youtube wp-block-embed is-type-video is-provider-youtube wp-embed-aspect-16-9 wp-has-aspect-ratio\"><div class=\"wp-block-embed__wrapper\">\n<iframe loading=\"lazy\" title=\"&quot;Ithaque&quot; pour Transistor, la webradio culturelle (Appel aux dons)\" width=\"800\" height=\"450\" src=\"https:\/\/www.youtube.com\/embed\/Qty-WtLRXj8?list=UUNZAcW-ifyqTfJdJoNadJKw\" frameborder=\"0\" allow=\"accelerometer; autoplay; clipboard-write; encrypted-media; gyroscope; picture-in-picture\" allowfullscreen><\/iframe>\n<\/div><\/figure>\n","protected":false},"excerpt":{"rendered":"<p>En ce d\u00e9but d\u2019ann\u00e9e 2021, une Webradio culturelle a vu le jour, men\u00e9e par des professionnels b\u00e9n\u00e9voles dans un esprit<\/p>\n","protected":false},"author":28,"featured_media":0,"comment_status":"closed","ping_status":"open","sticky":false,"template":"","format":"standard","meta":{"colormag_page_container_layout":"default_layout","colormag_page_sidebar_layout":"default_layout","footnotes":""},"categories":[1,7],"tags":[],"class_list":["post-1996","post","type-post","status-publish","format-standard","hentry","category-non-classe","category-site-web-culturel"],"_links":{"self":[{"href":"https:\/\/larevuedespectateurs.artecom.studio\/20201\/wp-json\/wp\/v2\/posts\/1996","targetHints":{"allow":["GET"]}}],"collection":[{"href":"https:\/\/larevuedespectateurs.artecom.studio\/20201\/wp-json\/wp\/v2\/posts"}],"about":[{"href":"https:\/\/larevuedespectateurs.artecom.studio\/20201\/wp-json\/wp\/v2\/types\/post"}],"author":[{"embeddable":true,"href":"https:\/\/larevuedespectateurs.artecom.studio\/20201\/wp-json\/wp\/v2\/users\/28"}],"replies":[{"embeddable":true,"href":"https:\/\/larevuedespectateurs.artecom.studio\/20201\/wp-json\/wp\/v2\/comments?post=1996"}],"version-history":[{"count":3,"href":"https:\/\/larevuedespectateurs.artecom.studio\/20201\/wp-json\/wp\/v2\/posts\/1996\/revisions"}],"predecessor-version":[{"id":2561,"href":"https:\/\/larevuedespectateurs.artecom.studio\/20201\/wp-json\/wp\/v2\/posts\/1996\/revisions\/2561"}],"wp:attachment":[{"href":"https:\/\/larevuedespectateurs.artecom.studio\/20201\/wp-json\/wp\/v2\/media?parent=1996"}],"wp:term":[{"taxonomy":"category","embeddable":true,"href":"https:\/\/larevuedespectateurs.artecom.studio\/20201\/wp-json\/wp\/v2\/categories?post=1996"},{"taxonomy":"post_tag","embeddable":true,"href":"https:\/\/larevuedespectateurs.artecom.studio\/20201\/wp-json\/wp\/v2\/tags?post=1996"}],"curies":[{"name":"wp","href":"https:\/\/api.w.org\/{rel}","templated":true}]}}