{"id":1897,"date":"2021-02-13T07:41:33","date_gmt":"2021-02-13T06:41:33","guid":{"rendered":"https:\/\/larevuedespectateurs.artecom.studio\/20201\/?p=1897"},"modified":"2021-02-13T07:41:33","modified_gmt":"2021-02-13T06:41:33","slug":"la-place-de-la-danse-sur-internet","status":"publish","type":"post","link":"https:\/\/larevuedespectateurs.artecom.studio\/20201\/2021\/02\/13\/la-place-de-la-danse-sur-internet\/","title":{"rendered":"La Place de la Danse sur Internet"},"content":{"rendered":"\n<p class=\"has-drop-cap\"><em>La Place de la Danse<\/em>, centre de d\u00e9veloppement chor\u00e9graphique national \u00e0 Toulouse, r\u00e9siste et nous propose une partie du programme 2020-2021, malgr\u00e9 les probl\u00e9matiques que rencontre le secteur de la culture. Les conf\u00e9rences sur la th\u00e9matique de la danse passent au format num\u00e9rique et sont accessibles \u00e0 tous et toutes. <\/p>\n\n\n\n<h2 class=\"wp-block-heading\">Les initiatives culturelles se retrouvent sur Youtube<\/h2>\n\n\n\n<div class=\"wp-block-image\"><figure class=\"aligncenter is-resized\"><img loading=\"lazy\" decoding=\"async\" src=\"https:\/\/larevuedespectateurs.artecom.studio\/20201\/wp-content\/uploads\/sites\/3\/2021\/01\/crucible-nikolais.jpg\" alt=\"\" class=\"wp-image-1904\" width=\"283\" height=\"378\" \/><figcaption><em>Crucible<\/em> (1985) Alwin Nikola\u00efs<\/figcaption><\/figure><\/div>\n\n\n\n<p>Lundi 11 janvier \u00e0 18h nous avions rendez-vous sur Youtube pour retrouver Rosita Boisseau, journaliste et critique de danse, nous parler du lien entre la danse et les arts plastiques. La conf\u00e9rence, film\u00e9e en direct, a r\u00e9uni presque 150 personnes. Elle nous a replong\u00e9 au coeur de spectacles embl\u00e9matiques, o\u00f9 arts plastiques et danse s&rsquo;entrem\u00ealent. Pina Bausch, Merce Cunningham, Alwin Nikola\u00efs&#8230; De grands noms qui ont marqu\u00e9 l&rsquo;histoire de la danse que l&rsquo;on a red\u00e9couvert gr\u00e2ce \u00e0 l&rsquo;analyse de Rosita Boisseau. Cette conf\u00e9rence, en collaboration avec l&rsquo;Institut Sup\u00e9rieur Des Arts de Toulouse (ISDAT), durait 1h30, suivie d&rsquo;un temps d&rsquo;\u00e9change sur le <em>chat<\/em>. La conf\u00e9renci\u00e8re et le pr\u00e9sentateur \u00e9tait tous les deux tr\u00e8s r\u00e9actifs aux questions des internautes. Malheureusement pour les retardataires, la soir\u00e9e n&rsquo;est pas disponible en replay, il s&rsquo;agissait d&rsquo;un \u00e9v\u00e9nement unique. <\/p>\n\n\n\n<p>Mais heureusement pour celles et ceux dont la curiosit\u00e9 a \u00e9t\u00e9 \u00e9veill\u00e9e, le cycle de conf\u00e9rence 2020-2021 continue au format num\u00e9rique. La prochaine conf\u00e9rence, \u00ab\u00a0<a href=\"https:\/\/laplacedeladanse.com\/agenda\/saison-20-21\/prendre-soin\">Prendre soin<\/a>\u00a0\u00bb de Isabelle Ginot, aura lieu le 15 mars \u00e0 19h, toujours sur Youtube. Sa r\u00e9flexion sera en lien avec des ateliers de danse aupr\u00e8s de personnes vuln\u00e9rables et nous invitera \u00e0 repenser notre rapport aux corps. <\/p>\n\n\n\n<p>On peut \u00e9galement retrouver des conf\u00e9rences, des initiatives et des spectacles autour de la danse sur <a href=\"https:\/\/www.youtube.com\/channel\/UCI-pGBpgE5haGuZRqui515w\">la cha\u00eene Youtube de l&rsquo;ISDAT<\/a>.<\/p>\n\n\n\n<figure class=\"wp-block-embed-youtube wp-block-embed is-type-video is-provider-youtube wp-embed-aspect-16-9 wp-has-aspect-ratio\"><div class=\"wp-block-embed__wrapper\">\n<iframe loading=\"lazy\" title=\"Willi Dorner \u2014 Bodies in urban spaces\" width=\"800\" height=\"450\" src=\"https:\/\/www.youtube.com\/embed\/HHNY2kPLCcA?list=PL2pl43tq1gMYi9ZTywdZqWK5diMDH1MHD\" frameborder=\"0\" allow=\"accelerometer; autoplay; clipboard-write; encrypted-media; gyroscope; picture-in-picture\" allowfullscreen><\/iframe>\n<\/div><figcaption>Concerts, spectacles et \u00e9v\u00e9nements &#8211; Playlist Youtube de l&rsquo;ISDAT <\/figcaption><\/figure>\n\n\n\n<h2 class=\"wp-block-heading\">Une institution qui s&rsquo;adapte<\/h2>\n\n\n\n<div class=\"wp-block-image\"><figure class=\"alignright is-resized\"><img loading=\"lazy\" decoding=\"async\" src=\"https:\/\/larevuedespectateurs.artecom.studio\/20201\/wp-content\/uploads\/sites\/3\/2021\/01\/que-des-bonheurs.png\" alt=\"\" class=\"wp-image-1899\" width=\"320\" height=\"428\" srcset=\"https:\/\/larevuedespectateurs.artecom.studio\/20201\/wp-content\/uploads\/sites\/3\/2021\/01\/que-des-bonheurs.png 701w, https:\/\/larevuedespectateurs.artecom.studio\/20201\/wp-content\/uploads\/sites\/3\/2021\/01\/que-des-bonheurs-224x300.png 224w\" sizes=\"auto, (max-width: 320px) 100vw, 320px\" \/><figcaption>Image de la diffusion en direct du spectacle <em>Que du bonheur (?)<\/em>, captation Le Gros Indien<\/figcaption><\/figure><\/div>\n\n\n\n<p>Ce n&rsquo;est pas tout. Les spectacles arrivent jusqu&rsquo;\u00e0 nous malgr\u00e9 les salles ferm\u00e9es. <em>La Place de la Danse <\/em>continue de nous proposer des projets. Ainsi, on a pu assister \u00e0 la retransmission en direct du spectacle <em>Que du bonheur (?) <\/em>de Tom\u00e9o Verg\u00e8s et Sandrine Maisonneuve, sur la page <a href=\"https:\/\/www.facebook.com\/laplacedeladanse\/?ref=page_internal\">Facebook<\/a> de la structure. La conceptrice et interpr\u00e8te, Sandrine Maisonneuve, a \u00e9galement men\u00e9 un projet de territoires autour du spectacle: <em><a href=\"https:\/\/www.facebook.com\/Que-des-Bonheurs-Sandrine-Maisonneuve-111393454108035\/\">Que des bonheurs<\/a><\/em>, que l&rsquo;on peut suivre sur Facebook et qui donnera suite \u00e0 des restitutions d&rsquo;ateliers. <\/p>\n\n\n\n<p>La culture arrive, tant bien que mal, \u00e0 toucher son public, et certaines initiatives continuent de fleurir. Pouvoir assister \u00e0 des conf\u00e9rences ou \u00e0 des spectacles est toujours aussi important et <em>La Place de la Danse<\/em> prend le pari de nous offrir ces moments d&rsquo;\u00e9vasion. <\/p>\n","protected":false},"excerpt":{"rendered":"<p>La Place de la Danse, centre de d\u00e9veloppement chor\u00e9graphique national \u00e0 Toulouse, r\u00e9siste et nous propose une partie du programme<\/p>\n","protected":false},"author":31,"featured_media":1902,"comment_status":"closed","ping_status":"open","sticky":false,"template":"","format":"standard","meta":{"colormag_page_container_layout":"default_layout","colormag_page_sidebar_layout":"default_layout","footnotes":""},"categories":[24,1,4],"tags":[],"class_list":["post-1897","post","type-post","status-publish","format-standard","has-post-thumbnail","hentry","category-action-culturelle","category-non-classe","category-spectacle-vivant"],"_links":{"self":[{"href":"https:\/\/larevuedespectateurs.artecom.studio\/20201\/wp-json\/wp\/v2\/posts\/1897","targetHints":{"allow":["GET"]}}],"collection":[{"href":"https:\/\/larevuedespectateurs.artecom.studio\/20201\/wp-json\/wp\/v2\/posts"}],"about":[{"href":"https:\/\/larevuedespectateurs.artecom.studio\/20201\/wp-json\/wp\/v2\/types\/post"}],"author":[{"embeddable":true,"href":"https:\/\/larevuedespectateurs.artecom.studio\/20201\/wp-json\/wp\/v2\/users\/31"}],"replies":[{"embeddable":true,"href":"https:\/\/larevuedespectateurs.artecom.studio\/20201\/wp-json\/wp\/v2\/comments?post=1897"}],"version-history":[{"count":12,"href":"https:\/\/larevuedespectateurs.artecom.studio\/20201\/wp-json\/wp\/v2\/posts\/1897\/revisions"}],"predecessor-version":[{"id":1913,"href":"https:\/\/larevuedespectateurs.artecom.studio\/20201\/wp-json\/wp\/v2\/posts\/1897\/revisions\/1913"}],"wp:featuredmedia":[{"embeddable":true,"href":"https:\/\/larevuedespectateurs.artecom.studio\/20201\/wp-json\/wp\/v2\/media\/1902"}],"wp:attachment":[{"href":"https:\/\/larevuedespectateurs.artecom.studio\/20201\/wp-json\/wp\/v2\/media?parent=1897"}],"wp:term":[{"taxonomy":"category","embeddable":true,"href":"https:\/\/larevuedespectateurs.artecom.studio\/20201\/wp-json\/wp\/v2\/categories?post=1897"},{"taxonomy":"post_tag","embeddable":true,"href":"https:\/\/larevuedespectateurs.artecom.studio\/20201\/wp-json\/wp\/v2\/tags?post=1897"}],"curies":[{"name":"wp","href":"https:\/\/api.w.org\/{rel}","templated":true}]}}