{"id":1734,"date":"2021-01-11T13:21:56","date_gmt":"2021-01-11T12:21:56","guid":{"rendered":"https:\/\/larevuedespectateurs.artecom.studio\/20201\/?p=1734"},"modified":"2021-01-11T13:22:58","modified_gmt":"2021-01-11T12:22:58","slug":"quebec-le-musee-national-des-beaux-arts-passe-en-mode-visite-3d","status":"publish","type":"post","link":"https:\/\/larevuedespectateurs.artecom.studio\/20201\/2021\/01\/11\/quebec-le-musee-national-des-beaux-arts-passe-en-mode-visite-3d\/","title":{"rendered":"Quebec : Le mus\u00e9e national des Beaux Arts  passe en mode visite 3D !"},"content":{"rendered":"\n<p><strong><em>A<\/em><\/strong><em>lors que les mus\u00e9es redoublent d\u2019effort pour rendre accessible leurs expositions en temps de confinement, le mus\u00e9e National du Quebec\u00a0 se modernise. Confin\u00e9 et cultiv\u00e9 semble aller de pair gr\u00e2ce \u00e0 la mod\u00e9lisation du Pavillon G\u00e9rard-Morisset. Ainsi, depuis mars 2020, le visiteur a acc\u00e8s aux expositions Croire, Imaginer, Ressentir et Devenir\u00a0 en r\u00e9alit\u00e9 virtuelle.<\/em><\/p>\n\n\n\n<div class=\"wp-block-image\"><figure class=\"aligncenter\"><img loading=\"lazy\" decoding=\"async\" width=\"1024\" height=\"620\" src=\"https:\/\/larevuedespectateurs.artecom.studio\/20201\/wp-content\/uploads\/sites\/3\/2021\/01\/Capture-d\u2019\u00e9cran-2021-01-11-\u00e0-12.14.37-5-1024x620.jpg\" alt=\"\" class=\"wp-image-1746\" srcset=\"https:\/\/larevuedespectateurs.artecom.studio\/20201\/wp-content\/uploads\/sites\/3\/2021\/01\/Capture-d\u2019\u00e9cran-2021-01-11-\u00e0-12.14.37-5-1024x620.jpg 1024w, https:\/\/larevuedespectateurs.artecom.studio\/20201\/wp-content\/uploads\/sites\/3\/2021\/01\/Capture-d\u2019\u00e9cran-2021-01-11-\u00e0-12.14.37-5-300x182.jpg 300w, https:\/\/larevuedespectateurs.artecom.studio\/20201\/wp-content\/uploads\/sites\/3\/2021\/01\/Capture-d\u2019\u00e9cran-2021-01-11-\u00e0-12.14.37-5-768x465.jpg 768w\" sizes=\"auto, (max-width: 1024px) 100vw, 1024px\" \/><figcaption>Mod\u00e9lisation 3D de l&rsquo;exposition Ressentir.<\/figcaption><\/figure><\/div>\n\n\n\n<blockquote class=\"wp-block-quote is-style-default is-layout-flow wp-block-quote-is-layout-flow\"><p>\u00a0\u00bb Ce qui est un peu fou, c\u2019est qu\u2019on avait d\u00e9j\u00e0 une salle qui avait \u00e9t\u00e9 compl\u00e8tement num\u00e9ris\u00e9e pour une visite\u00a03D qui \u00e9tait la salle <em>Croire<\/em>, sur l\u2019art religieux, dans le red\u00e9ploiement du Pavillon G\u00e9rard-Morisset,\u00a0\u00bb<\/p><cite><strong>Marie-H\u00e9l\u00e8ne\u00a0Raymond, coordonnatrice de la strat\u00e9gie num\u00e9rique au Mus\u00e9e national des beaux-arts du Qu\u00e9bec<\/strong><\/cite><\/blockquote>\n\n\n\n<p>Le confinement du mois de mars \u00e0 permis au mus\u00e9e d\u2019\u00e9tendre son offre mus\u00e9ale virtuelle en proposant la num\u00e9risation de tout le pavillon G\u00e9rard-Morisset.<\/p>\n\n\n\n<p>La visite est gratuite et accessible \u00e0 tous sur smartphone, tablette et ordinateur. R\u00e9alis\u00e9e et con\u00e7ue en partenariat avec Matterport une agence sp\u00e9cialis\u00e9e en num\u00e9risation et 3D \u00e0 partir de photographies d\u2019objets et d\u2019espace. L\u2019exposition a \u00e9t\u00e9 imagin\u00e9e pour nous donner la sensation de d\u00e9placement dans l\u2019espace. La technologie utilis\u00e9e ici, jusqu&rsquo;alors r\u00e9serv\u00e9e aux jeux vid\u00e9o de 3D en r\u00e9alit\u00e9 virtuelle, permet un d\u00e9placement totalement libre en 3DoF (Degree of Freedom). Elle permet au public de se d\u00e9placer \u00e0 sa guise, sans \u00eatre contraint par une visite d\u2019exposition num\u00e9rique g\u00e9n\u00e9ralement limit\u00e9e \u00e0 des vues \u00e0 360. En effet, l\u2019espace mus\u00e9al a \u00e9t\u00e9 mod\u00e9lis\u00e9 \u00e0 l\u2019identique du lieu du sol au plafond allant jusqu\u2019a recr\u00e9er le plafond, la porte d\u2019entr\u00e9e, de sortie et les murs pr\u00e9sents dans le mus\u00e9e.<\/p>\n\n\n\n<div class=\"wp-block-image\"><figure class=\"alignleft is-resized\"><img loading=\"lazy\" decoding=\"async\" src=\"https:\/\/larevuedespectateurs.artecom.studio\/20201\/wp-content\/uploads\/sites\/3\/2021\/01\/Capture-d\u2019\u00e9cran-2021-01-11-\u00e0-12.49.23-1024x510.png\" alt=\"\" class=\"wp-image-1748\" width=\"327\" height=\"162\" srcset=\"https:\/\/larevuedespectateurs.artecom.studio\/20201\/wp-content\/uploads\/sites\/3\/2021\/01\/Capture-d\u2019\u00e9cran-2021-01-11-\u00e0-12.49.23-1024x510.png 1024w, https:\/\/larevuedespectateurs.artecom.studio\/20201\/wp-content\/uploads\/sites\/3\/2021\/01\/Capture-d\u2019\u00e9cran-2021-01-11-\u00e0-12.49.23-300x149.png 300w, https:\/\/larevuedespectateurs.artecom.studio\/20201\/wp-content\/uploads\/sites\/3\/2021\/01\/Capture-d\u2019\u00e9cran-2021-01-11-\u00e0-12.49.23-768x382.png 768w, https:\/\/larevuedespectateurs.artecom.studio\/20201\/wp-content\/uploads\/sites\/3\/2021\/01\/Capture-d\u2019\u00e9cran-2021-01-11-\u00e0-12.49.23.png 1274w\" sizes=\"auto, (max-width: 327px) 100vw, 327px\" \/><figcaption>Vu 2D de l&rsquo;exposition Ressentir. Permet de voir le parcours de visite et la sc\u00e9nographie de l&rsquo;espace.<br><\/figcaption><\/figure><\/div>\n\n\n\n<p>La mod\u00e9lisation 3D permet de recr\u00e9er \u00e0 l\u2019identique l\u2019espace d\u2019exposition. Ainsi il y a une r\u00e9elle sc\u00e9nographie pr\u00e9sente. Le visiteur en ligne peut donc avoir acc\u00e8s \u00e0 l\u2019espace sc\u00e9nographi\u00e9 et son parcours de visite comme s\u2019il se d\u00e9pla\u00e7ait dans le lieu. L\u2019espace se retrouve donc divis\u00e9 plusieurs salles comme dans le mus\u00e9e mat\u00e9riel. Le spectateur a donc la sensation d\u2019\u00eatre physiquement pr\u00e9sent et regarde \u00e0 sa guise les informations qui lui plaisent. Libre \u00e0 lui de prendre le temps de d\u00e9ambuler dans la galerie ou au contraire de faire une visite en acc\u00e9l\u00e9rer.\u00a0<\/p>\n\n\n\n<div class=\"wp-block-image\"><figure class=\"alignright is-resized\"><img loading=\"lazy\" decoding=\"async\" src=\"https:\/\/larevuedespectateurs.artecom.studio\/20201\/wp-content\/uploads\/sites\/3\/2021\/01\/Capture-d\u2019\u00e9cran-2021-01-11-\u00e0-12.54.15.png\" alt=\"\" class=\"wp-image-1750\" width=\"246\" height=\"184\" srcset=\"https:\/\/larevuedespectateurs.artecom.studio\/20201\/wp-content\/uploads\/sites\/3\/2021\/01\/Capture-d\u2019\u00e9cran-2021-01-11-\u00e0-12.54.15.png 934w, https:\/\/larevuedespectateurs.artecom.studio\/20201\/wp-content\/uploads\/sites\/3\/2021\/01\/Capture-d\u2019\u00e9cran-2021-01-11-\u00e0-12.54.15-300x225.png 300w, https:\/\/larevuedespectateurs.artecom.studio\/20201\/wp-content\/uploads\/sites\/3\/2021\/01\/Capture-d\u2019\u00e9cran-2021-01-11-\u00e0-12.54.15-768x577.png 768w\" sizes=\"auto, (max-width: 246px) 100vw, 246px\" \/><figcaption>Feuille de salle et cartels de l&rsquo;exposition Ressentir<\/figcaption><\/figure><\/div>\n\n\n\n<p>La visite virtuelle permet une contemplation diff\u00e9rente de celle que l\u2019on aurait pu avoir dans le mus\u00e9e. En effet, la technologie permet le zoom sur l\u2019oeuvre. En plus d\u2019avoir une vue d\u2019ensemble sur les oeuvres expos\u00e9es, il est donc\u00a0 possible d\u2019observer de pr\u00e8s les d\u00e9tails. Ce qui nous serait impossible dans la r\u00e9alit\u00e9 car il est interdit de trop s\u2019approcher des oeuvres. En ce qui concerne les explications, la m\u00e9diation a \u00e9t\u00e9 pens\u00e9e de fa\u00e7on simple et concise avec des cartels explicatifs et des feuilles de salle \u00e0 l\u2019entr\u00e9e de chaque exposition. Ici, rien de bien diff\u00e9rent de la visite mat\u00e9rielle. N\u00e9anmoins, certaines oeuvres disposent de point de couleur permettant d\u2019avoir acc\u00e8s \u00e0 des informations suppl\u00e9mentaires :\u00a0<\/p>\n\n\n\n<ul class=\"wp-block-gallery alignleft columns-3 is-cropped wp-block-gallery-1 is-layout-flex wp-block-gallery-is-layout-flex\"><li class=\"blocks-gallery-item\"><figure><img loading=\"lazy\" decoding=\"async\" width=\"856\" height=\"358\" src=\"https:\/\/larevuedespectateurs.artecom.studio\/20201\/wp-content\/uploads\/sites\/3\/2021\/01\/Capture-d\u2019\u00e9cran-2021-01-11-\u00e0-12.55.17.png\" alt=\"\" data-id=\"1751\" class=\"wp-image-1751\" srcset=\"https:\/\/larevuedespectateurs.artecom.studio\/20201\/wp-content\/uploads\/sites\/3\/2021\/01\/Capture-d\u2019\u00e9cran-2021-01-11-\u00e0-12.55.17.png 856w, https:\/\/larevuedespectateurs.artecom.studio\/20201\/wp-content\/uploads\/sites\/3\/2021\/01\/Capture-d\u2019\u00e9cran-2021-01-11-\u00e0-12.55.17-300x125.png 300w, https:\/\/larevuedespectateurs.artecom.studio\/20201\/wp-content\/uploads\/sites\/3\/2021\/01\/Capture-d\u2019\u00e9cran-2021-01-11-\u00e0-12.55.17-768x321.png 768w\" sizes=\"auto, (max-width: 856px) 100vw, 856px\" \/><\/figure><\/li><li class=\"blocks-gallery-item\"><figure><img loading=\"lazy\" decoding=\"async\" width=\"1024\" height=\"525\" src=\"https:\/\/larevuedespectateurs.artecom.studio\/20201\/wp-content\/uploads\/sites\/3\/2021\/01\/Capture-d\u2019\u00e9cran-2021-01-11-\u00e0-12.59.55-1024x525.png\" alt=\"\" data-id=\"1753\" data-link=\"https:\/\/larevuedespectateurs.artecom.studio\/20201\/?attachment_id=1753\" class=\"wp-image-1753\" srcset=\"https:\/\/larevuedespectateurs.artecom.studio\/20201\/wp-content\/uploads\/sites\/3\/2021\/01\/Capture-d\u2019\u00e9cran-2021-01-11-\u00e0-12.59.55-1024x525.png 1024w, https:\/\/larevuedespectateurs.artecom.studio\/20201\/wp-content\/uploads\/sites\/3\/2021\/01\/Capture-d\u2019\u00e9cran-2021-01-11-\u00e0-12.59.55-300x154.png 300w, https:\/\/larevuedespectateurs.artecom.studio\/20201\/wp-content\/uploads\/sites\/3\/2021\/01\/Capture-d\u2019\u00e9cran-2021-01-11-\u00e0-12.59.55-768x394.png 768w, https:\/\/larevuedespectateurs.artecom.studio\/20201\/wp-content\/uploads\/sites\/3\/2021\/01\/Capture-d\u2019\u00e9cran-2021-01-11-\u00e0-12.59.55.png 1096w\" sizes=\"auto, (max-width: 1024px) 100vw, 1024px\" \/><\/figure><\/li><li class=\"blocks-gallery-item\"><figure><img loading=\"lazy\" decoding=\"async\" width=\"1024\" height=\"445\" src=\"https:\/\/larevuedespectateurs.artecom.studio\/20201\/wp-content\/uploads\/sites\/3\/2021\/01\/Capture-d\u2019\u00e9cran-2021-01-11-\u00e0-13.00.41-1024x445.png\" alt=\"\" data-id=\"1754\" data-link=\"https:\/\/larevuedespectateurs.artecom.studio\/20201\/?attachment_id=1754\" class=\"wp-image-1754\" srcset=\"https:\/\/larevuedespectateurs.artecom.studio\/20201\/wp-content\/uploads\/sites\/3\/2021\/01\/Capture-d\u2019\u00e9cran-2021-01-11-\u00e0-13.00.41-1024x445.png 1024w, https:\/\/larevuedespectateurs.artecom.studio\/20201\/wp-content\/uploads\/sites\/3\/2021\/01\/Capture-d\u2019\u00e9cran-2021-01-11-\u00e0-13.00.41-300x130.png 300w, https:\/\/larevuedespectateurs.artecom.studio\/20201\/wp-content\/uploads\/sites\/3\/2021\/01\/Capture-d\u2019\u00e9cran-2021-01-11-\u00e0-13.00.41-768x334.png 768w, https:\/\/larevuedespectateurs.artecom.studio\/20201\/wp-content\/uploads\/sites\/3\/2021\/01\/Capture-d\u2019\u00e9cran-2021-01-11-\u00e0-13.00.41.png 1354w\" sizes=\"auto, (max-width: 1024px) 100vw, 1024px\" \/><\/figure><\/li><li class=\"blocks-gallery-item\"><figure><img loading=\"lazy\" decoding=\"async\" width=\"1024\" height=\"552\" src=\"https:\/\/larevuedespectateurs.artecom.studio\/20201\/wp-content\/uploads\/sites\/3\/2021\/01\/Capture-d\u2019\u00e9cran-2021-01-11-\u00e0-13.02.19-1024x552.png\" alt=\"\" data-id=\"1755\" data-link=\"https:\/\/larevuedespectateurs.artecom.studio\/20201\/?attachment_id=1755\" class=\"wp-image-1755\" srcset=\"https:\/\/larevuedespectateurs.artecom.studio\/20201\/wp-content\/uploads\/sites\/3\/2021\/01\/Capture-d\u2019\u00e9cran-2021-01-11-\u00e0-13.02.19-1024x552.png 1024w, https:\/\/larevuedespectateurs.artecom.studio\/20201\/wp-content\/uploads\/sites\/3\/2021\/01\/Capture-d\u2019\u00e9cran-2021-01-11-\u00e0-13.02.19-300x162.png 300w, https:\/\/larevuedespectateurs.artecom.studio\/20201\/wp-content\/uploads\/sites\/3\/2021\/01\/Capture-d\u2019\u00e9cran-2021-01-11-\u00e0-13.02.19-768x414.png 768w, https:\/\/larevuedespectateurs.artecom.studio\/20201\/wp-content\/uploads\/sites\/3\/2021\/01\/Capture-d\u2019\u00e9cran-2021-01-11-\u00e0-13.02.19.png 1220w\" sizes=\"auto, (max-width: 1024px) 100vw, 1024px\" \/><\/figure><\/li><\/ul>\n\n\n\n<p>Le point vert donne acc\u00e8s \u00e0 une explication texte d\u00e9taill\u00e9e.\u00a0<br>Le point Bleu clair \u00e0 une explication vid\u00e9o r\u00e9alis\u00e9 par le mus\u00e9e. La vid\u00e9o dure une dizaine de minutes et pr\u00e9sente bri\u00e8vement la vie de l\u2019artiste, ses oeuvres puis entrent dans l\u2019analyse du tableau pr\u00e9sent\u00e9.\u00a0<br>Enfin le point bleu fonc\u00e9 pr\u00e9sente une vid\u00e9o explicative sous la forme d\u2019un \u00e9change entre des personnes amatrices et une m\u00e9diatrice. Ainsi nous avons une analyse de l&rsquo;oeuvre construite par une interaction entre visiteurs et connaisseur. Cette \u00e9change que nous visualisons permet de recr\u00e9er l\u2019exp\u00e9rience collective et vivante d\u2019une visite au mus\u00e9e. Depuis notre salon nous pouvons avoir la sensation de ne pas contempler seul les collections. \u00a0<\/p>\n\n\n\n<p>Pour les d\u00e9butants en informatique pas de panique l\u2019exposition vous est tout aussi simple d\u2019acc\u00e8s. En effet, cela reste tr\u00e8s intuitif. Lorsque l\u2019on pose la souris sur le sol, des petits ronds apparaissent indiquant que l\u2019on va se d\u00e9placer. Ensuite il suffit juste de cliquer et maintenir enfoncer pour d\u00e9placer notre champ de vision dans l\u2019espace.\u00a0Enfin, on clique sur l&rsquo;oeuvre et l&rsquo;on se retrouve pile en face de cette derni\u00e8re. <\/p>\n\n\n\n<p>Il vous faudra certes un petit temps d\u2019adaptation pour r\u00e9ussir \u00e0 manipuler correctement les d\u00e9placements mais ce n\u2019est pas pour autant qu\u2019il faille jeter son ordinateur par la fen\u00eatre car le jeu en vaut la chandelle.\u00a0<br>C\u2019est un pari r\u00e9ussi que nous offre le MNBAQ. Pas besoin de voler jusqu\u2019au Quebec pour voir les oeuvres du pavillon G\u00e9rard-Morisset, un clic suffit ! <br>De plus, pour notre plus grand plaisir, le mus\u00e9e travail d\u00e9j\u00e0 \u00e0 la poursuite des mod\u00e9lisations et autres exp\u00e9riences virtuelles de visite pour le reste de leur collections.<\/p>\n\n\n\n<blockquote style=\"text-align:center\" class=\"wp-block-quote is-layout-flow wp-block-quote-is-layout-flow\"><p>\u00a0\u00bb On aimerait pouvoir en faire plus, mais pour les autres salles on a des soucis au niveau des droits d\u2019auteurs. Le mus\u00e9e r\u00e9fl\u00e9chit \u00e0 la possibilit\u00e9 d\u2019offrir dans l\u2019avenir des visites en direct de certaines autres salles ou des entrevues avec des conservateurs ou historiens de l\u2019art.\u00a0\u00bb<\/p><cite>Marie-H\u00e9l\u00e8ne\u00a0Raymond, coordonnatrice de la strat\u00e9gie num\u00e9rique au Mus\u00e9e national des beaux-arts du Qu\u00e9bec.\u00a0<\/cite><\/blockquote>\n\n\n\n<p>C\u2019est une \u00e9vasion agr\u00e9able pens\u00e9e enti\u00e8rement pour le public. En effet, de la conception num\u00e9rique \u00e0 la conception de l\u2019exposition tout a \u00e9t\u00e9 imagin\u00e9 pour rendre l\u2019exp\u00e9rience du spectateur plus vrai que nature. Alors adepte ou non du mus\u00e9e, il ne vous reste plus qu\u2019\u00e0 vous installez confortablement, sortir votre ordinateur, v\u00e9rifiez votre connexion wifi et tenter l\u2019exp\u00e9rience en cliquant sur ce lien : <a href=\"https:\/\/www.mnbaq.org\/exposition\/ressentir-1274\">https:\/\/www.mnbaq.org\/exposition\/ressentir-1274<\/a><br><br><\/p>\n","protected":false},"excerpt":{"rendered":"<p>Alors que les mus\u00e9es redoublent d\u2019effort pour rendre accessible leurs expositions en temps de confinement, le mus\u00e9e National du Quebec\u00a0<\/p>\n","protected":false},"author":56,"featured_media":0,"comment_status":"closed","ping_status":"open","sticky":false,"template":"","format":"standard","meta":{"colormag_page_container_layout":"default_layout","colormag_page_sidebar_layout":"default_layout","footnotes":""},"categories":[5,3,1],"tags":[],"class_list":["post-1734","post","type-post","status-publish","format-standard","hentry","category-exposition","category-musee","category-non-classe"],"_links":{"self":[{"href":"https:\/\/larevuedespectateurs.artecom.studio\/20201\/wp-json\/wp\/v2\/posts\/1734","targetHints":{"allow":["GET"]}}],"collection":[{"href":"https:\/\/larevuedespectateurs.artecom.studio\/20201\/wp-json\/wp\/v2\/posts"}],"about":[{"href":"https:\/\/larevuedespectateurs.artecom.studio\/20201\/wp-json\/wp\/v2\/types\/post"}],"author":[{"embeddable":true,"href":"https:\/\/larevuedespectateurs.artecom.studio\/20201\/wp-json\/wp\/v2\/users\/56"}],"replies":[{"embeddable":true,"href":"https:\/\/larevuedespectateurs.artecom.studio\/20201\/wp-json\/wp\/v2\/comments?post=1734"}],"version-history":[{"count":8,"href":"https:\/\/larevuedespectateurs.artecom.studio\/20201\/wp-json\/wp\/v2\/posts\/1734\/revisions"}],"predecessor-version":[{"id":1760,"href":"https:\/\/larevuedespectateurs.artecom.studio\/20201\/wp-json\/wp\/v2\/posts\/1734\/revisions\/1760"}],"wp:attachment":[{"href":"https:\/\/larevuedespectateurs.artecom.studio\/20201\/wp-json\/wp\/v2\/media?parent=1734"}],"wp:term":[{"taxonomy":"category","embeddable":true,"href":"https:\/\/larevuedespectateurs.artecom.studio\/20201\/wp-json\/wp\/v2\/categories?post=1734"},{"taxonomy":"post_tag","embeddable":true,"href":"https:\/\/larevuedespectateurs.artecom.studio\/20201\/wp-json\/wp\/v2\/tags?post=1734"}],"curies":[{"name":"wp","href":"https:\/\/api.w.org\/{rel}","templated":true}]}}