{"id":1733,"date":"2021-02-17T18:59:46","date_gmt":"2021-02-17T17:59:46","guid":{"rendered":"https:\/\/larevuedespectateurs.artecom.studio\/20201\/?p=1733"},"modified":"2021-03-07T08:23:25","modified_gmt":"2021-03-07T07:23:25","slug":"diner-spectacle-au-cirque-imagine","status":"publish","type":"post","link":"https:\/\/larevuedespectateurs.artecom.studio\/20201\/2021\/02\/17\/diner-spectacle-au-cirque-imagine\/","title":{"rendered":"Diner-spectacle au Cirque Imagine"},"content":{"rendered":"\n<p>C\u2019est \u00e0 Vaulx en Velin que le cirque Imagine s\u2019est implant\u00e9 pour proposer une nouvelle repr\u00e9sentation; un diner-spectacle. Cet \u00e9v\u00e9nement propose aux publics une hybridation entre l\u2019esth\u00e9tique du cabaret et les arts du cirque le temps d\u2019une soir\u00e9e. Ce spectacle a \u00e9t\u00e9 r\u00e9alis\u00e9e et mis en sc\u00e8ne par la troupe du cirque Imagine.&nbsp;<\/p>\n\n\n\n<p>\u00c0 l\u2019int\u00e9rieur du chapiteau, les publics sont invit\u00e9s \u00e0 p\u00e9n\u00e9trer dans une salle qui s\u2019organisent en trois parties distinctes. Trois cercles, \u00e0 l\u2019int\u00e9rieur desquels sont install\u00e9s les tables des publics, composent la pi\u00e8ce. Ils sont de diff\u00e9rentes hauteurs et sont d\u00e9limit\u00e9s gr\u00e2ce \u00e0 des rambardes. Le centre du cirque est, lui, r\u00e9serv\u00e9 aux artistes pour le spectacle.&nbsp;<\/p>\n\n\n\n<figure class=\"wp-block-image\"><img loading=\"lazy\" decoding=\"async\" width=\"1024\" height=\"731\" src=\"https:\/\/larevuedespectateurs.artecom.studio\/20201\/wp-content\/uploads\/sites\/3\/2021\/01\/IMG4713minjpg_5dc421edcfff6-1024x731.jpg\" alt=\"\" class=\"wp-image-1737\" srcset=\"https:\/\/larevuedespectateurs.artecom.studio\/20201\/wp-content\/uploads\/sites\/3\/2021\/01\/IMG4713minjpg_5dc421edcfff6-1024x731.jpg 1024w, https:\/\/larevuedespectateurs.artecom.studio\/20201\/wp-content\/uploads\/sites\/3\/2021\/01\/IMG4713minjpg_5dc421edcfff6-300x214.jpg 300w, https:\/\/larevuedespectateurs.artecom.studio\/20201\/wp-content\/uploads\/sites\/3\/2021\/01\/IMG4713minjpg_5dc421edcfff6-768x548.jpg 768w, https:\/\/larevuedespectateurs.artecom.studio\/20201\/wp-content\/uploads\/sites\/3\/2021\/01\/IMG4713minjpg_5dc421edcfff6.jpg 1600w\" sizes=\"auto, (max-width: 1024px) 100vw, 1024px\" \/><figcaption>Photographie : Jean-Claud Fourez<\/figcaption><\/figure>\n\n\n\n<p>C\u2019est lors de la repr\u00e9sentation du 10 octobre 2020 que j\u2019ai pu d\u00e9couvrir ce format auquel je n\u2019avais encore jamais particip\u00e9. \u00c0 cette date, les conditions actuelles obligeaient les restaurants \u00e0 fermer leurs portes \u00e0 22h. Le cirque s\u2019est donc adapt\u00e9 en imaginant une soir\u00e9e en deux temps : <br>   \u2022 \u00c0 19h la troupe installe chaque spectateur \u00e0 sa table o\u00f9 ils passeront le temps du repas, accompagn\u00e9 de quelques interpr\u00e9tations musicales. \u00c0 ce moment l\u00e0, la salle est consid\u00e9r\u00e9e comme un restaurant dans lequel s&rsquo;alternent le service et des concerts.<br>   \u2022 \u00c0 22h, lorsque le restaurant est oblig\u00e9 de fermer ses portes, la salle de spectacle prend le relai, chacun est oblig\u00e9 de mettre son masque chirurgical pour vivre l\u2019exp\u00e9rience du cabaret-cirque qui va nous \u00eatre propos\u00e9e. <br>   \u2022 Les organisateurs ont \u00e9t\u00e9 contraints d\u2019annuler la derni\u00e8re partie de la soir\u00e9e durant laquelle la troupe propose aux spectateurs de danser au centre de la salle. <br><br>J\u2019ai aim\u00e9 l\u2019organisation de la soir\u00e9e car cela permet, malgr\u00e9 la situation sanitaire actuelle, de continuer de proposer un programme culturel.<\/p>\n\n\n\n<div style=\"height:100px\" aria-hidden=\"true\" class=\"wp-block-spacer\"><\/div>\n\n\n\n<div class=\"wp-block-button aligncenter\"><a class=\"wp-block-button__link\" href=\"https:\/\/www.cirqueimagine.com\/diner-spectacle-le-spectacle-1.html\">Acc\u00e9dez au site du spectacle<\/a><\/div>\n\n\n\n<div style=\"height:100px\" aria-hidden=\"true\" class=\"wp-block-spacer\"><\/div>\n\n\n\n<h4 class=\"wp-block-heading\">Exp\u00e9rience du spectateur :&nbsp;<\/h4>\n\n\n\n<p>Pour ma part, c\u2019est dans le cadre de l\u2019anniversaire d\u2019un membre de ma famille que nous avons tous \u00e9t\u00e9 invit\u00e9s \u00e0 assister \u00e0 cette repr\u00e9sentation. Nous \u00e9tions une vingtaine et nous avons d\u00fb \u00eatre install\u00e9s \u00e0 plusieurs tables, \u00e0 cause des mesures li\u00e9es au coronavirus. En raison de la pr\u00e9sence de ma famille, j\u2019\u00e9tais dans une ambiance particuli\u00e8re de retrouvailles ce qui a influenc\u00e9 la r\u00e9ception de cette exp\u00e9rience. Cela a cr\u00e9\u00e9 une atmosph\u00e8re familiale et conviviale qui \u00e9tait en d\u00e9calage avec la fa\u00e7on dont j\u2019ai l\u2019habitude de me pr\u00e9parer \u00e0 une exp\u00e9rience culturelle. J\u2019ai profit\u00e9 de la pr\u00e9sence de ma famille tout en appr\u00e9ciant le spectacle qui m\u2019\u00e9tait offert pendant et apr\u00e8s le repas. M\u00eame si l\u2019accumulation de ces facteurs a rendu mon exp\u00e9rience d\u2019autant plus chaleureuse, je ne sais pas si, de moi-m\u00eame j\u2019aurais particip\u00e9 \u00e0 un spectacle comme celui-ci. <\/p>\n\n\n\n<ul class=\"wp-block-gallery columns-3 is-cropped wp-block-gallery-1 is-layout-flex wp-block-gallery-is-layout-flex\"><li class=\"blocks-gallery-item\"><figure><img loading=\"lazy\" decoding=\"async\" width=\"1024\" height=\"682\" src=\"https:\/\/larevuedespectateurs.artecom.studio\/20201\/wp-content\/uploads\/sites\/3\/2021\/01\/IMAGINESpectacleweb14jpg_5f51f4e89ded0-1024x682.jpg\" alt=\"\" data-id=\"1803\" class=\"wp-image-1803\" srcset=\"https:\/\/larevuedespectateurs.artecom.studio\/20201\/wp-content\/uploads\/sites\/3\/2021\/01\/IMAGINESpectacleweb14jpg_5f51f4e89ded0-1024x682.jpg 1024w, https:\/\/larevuedespectateurs.artecom.studio\/20201\/wp-content\/uploads\/sites\/3\/2021\/01\/IMAGINESpectacleweb14jpg_5f51f4e89ded0-300x200.jpg 300w, https:\/\/larevuedespectateurs.artecom.studio\/20201\/wp-content\/uploads\/sites\/3\/2021\/01\/IMAGINESpectacleweb14jpg_5f51f4e89ded0-768x512.jpg 768w, https:\/\/larevuedespectateurs.artecom.studio\/20201\/wp-content\/uploads\/sites\/3\/2021\/01\/IMAGINESpectacleweb14jpg_5f51f4e89ded0.jpg 1600w\" sizes=\"auto, (max-width: 1024px) 100vw, 1024px\" \/><\/figure><\/li><li class=\"blocks-gallery-item\"><figure><img loading=\"lazy\" decoding=\"async\" width=\"1024\" height=\"682\" src=\"https:\/\/larevuedespectateurs.artecom.studio\/20201\/wp-content\/uploads\/sites\/3\/2021\/01\/ImagineRepetitionsweb61minjpg_5dbab70f3500c-1024x682.jpg\" alt=\"\" data-id=\"1804\" data-link=\"https:\/\/larevuedespectateurs.artecom.studio\/20201\/?attachment_id=1804\" class=\"wp-image-1804\" srcset=\"https:\/\/larevuedespectateurs.artecom.studio\/20201\/wp-content\/uploads\/sites\/3\/2021\/01\/ImagineRepetitionsweb61minjpg_5dbab70f3500c-1024x682.jpg 1024w, https:\/\/larevuedespectateurs.artecom.studio\/20201\/wp-content\/uploads\/sites\/3\/2021\/01\/ImagineRepetitionsweb61minjpg_5dbab70f3500c-300x200.jpg 300w, https:\/\/larevuedespectateurs.artecom.studio\/20201\/wp-content\/uploads\/sites\/3\/2021\/01\/ImagineRepetitionsweb61minjpg_5dbab70f3500c-768x512.jpg 768w, https:\/\/larevuedespectateurs.artecom.studio\/20201\/wp-content\/uploads\/sites\/3\/2021\/01\/ImagineRepetitionsweb61minjpg_5dbab70f3500c.jpg 1600w\" sizes=\"auto, (max-width: 1024px) 100vw, 1024px\" \/><figcaption>Photographies : Marion Triverio<\/figcaption><\/figure><\/li><li class=\"blocks-gallery-item\"><figure><img loading=\"lazy\" decoding=\"async\" width=\"1024\" height=\"682\" src=\"https:\/\/larevuedespectateurs.artecom.studio\/20201\/wp-content\/uploads\/sites\/3\/2021\/01\/ImagineRepetitionsweb75minjpg_5dbab709ddb80-1024x682.jpg\" alt=\"\" data-id=\"1806\" data-link=\"https:\/\/larevuedespectateurs.artecom.studio\/20201\/?attachment_id=1806\" class=\"wp-image-1806\" srcset=\"https:\/\/larevuedespectateurs.artecom.studio\/20201\/wp-content\/uploads\/sites\/3\/2021\/01\/ImagineRepetitionsweb75minjpg_5dbab709ddb80-1024x682.jpg 1024w, https:\/\/larevuedespectateurs.artecom.studio\/20201\/wp-content\/uploads\/sites\/3\/2021\/01\/ImagineRepetitionsweb75minjpg_5dbab709ddb80-300x200.jpg 300w, https:\/\/larevuedespectateurs.artecom.studio\/20201\/wp-content\/uploads\/sites\/3\/2021\/01\/ImagineRepetitionsweb75minjpg_5dbab709ddb80-768x512.jpg 768w, https:\/\/larevuedespectateurs.artecom.studio\/20201\/wp-content\/uploads\/sites\/3\/2021\/01\/ImagineRepetitionsweb75minjpg_5dbab709ddb80.jpg 1600w\" sizes=\"auto, (max-width: 1024px) 100vw, 1024px\" \/><\/figure><\/li><\/ul>\n\n\n\n<p>Les num\u00e9ros m\u00e9langent le spectaculaire, la synchronisation et l&rsquo;esth\u00e9tisme accompagn\u00e9 d&rsquo;une multitude de costumes tous autant travaill\u00e9s les uns que les autres. Un univers tr\u00e8s raffin\u00e9 notamment via la mise en sc\u00e8ne du spectacle et de la salle, se d\u00e9gage. En revanche, apr\u00e8s quelques \u00e9changes sur la soir\u00e9e, j&rsquo;ai remarqu\u00e9 que c&rsquo;est un crit\u00e8re qui a mis mal \u00e0 l&rsquo;aise plusieurs personnes. Ils affirment ne pas se sentir \u00e0 l&rsquo;aise dans des milieux tr\u00e8s codifi\u00e9s, tel que celui-ci. Cela soul\u00e8ve un questionnement sur le lien entre les spectateurs et la troupe ainsi que sur la m\u00e9diation : \u00c0 quel point un lieu doit-il \u00eatre accessible \u00e0 tous les publics ? Doit-il l&rsquo;\u00eatre au point de mettre de c\u00f4t\u00e9 certaines caract\u00e9ristiques fortes des disciplines ? <br>M\u00eame si le spectacle semble accessible \u00e0 tous les publics, il y a quand m\u00eame une difficult\u00e9 d\u2019acc\u00e8s. Le prix, assez \u00e9lev\u00e9 (m\u00eame si cela semble \u00eatre justifi\u00e9 : min. 60\u20ac\/personne) ne permet pas \u00e0 tous d\u2019y participer. Il ne semble pas y avoir de dispositif particulier mis en place pour favoriser l&rsquo;acc\u00e8s, aux jeunes et\/ou \u00e9tudiants par exemple. Les spectateurs pr\u00e9sents, \u00e9taient pour la majorit\u00e9, des bin\u00f4mes adultes.<br><br><\/p>\n\n\n\n<p><\/p>\n\n\n\n<figure class=\"wp-block-embed-youtube wp-block-embed is-type-video is-provider-youtube wp-embed-aspect-16-9 wp-has-aspect-ratio\"><div class=\"wp-block-embed__wrapper\">\n<iframe loading=\"lazy\" title=\"Teaser30s 2019 2021HD\" width=\"800\" height=\"450\" src=\"https:\/\/www.youtube.com\/embed\/dU8E94JV-Bw?feature=oembed\" frameborder=\"0\" allow=\"accelerometer; autoplay; clipboard-write; encrypted-media; gyroscope; picture-in-picture\" allowfullscreen><\/iframe>\n<\/div><\/figure>\n","protected":false},"excerpt":{"rendered":"<p>C\u2019est \u00e0 Vaulx en Velin que le cirque Imagine s\u2019est implant\u00e9 pour proposer une nouvelle repr\u00e9sentation; un diner-spectacle. Cet \u00e9v\u00e9nement<\/p>\n","protected":false},"author":6,"featured_media":1735,"comment_status":"closed","ping_status":"open","sticky":false,"template":"","format":"standard","meta":{"colormag_page_container_layout":"no_sidebar_content_centered","colormag_page_sidebar_layout":"no_sidebar","footnotes":""},"categories":[4],"tags":[],"class_list":["post-1733","post","type-post","status-publish","format-standard","has-post-thumbnail","hentry","category-spectacle-vivant"],"_links":{"self":[{"href":"https:\/\/larevuedespectateurs.artecom.studio\/20201\/wp-json\/wp\/v2\/posts\/1733","targetHints":{"allow":["GET"]}}],"collection":[{"href":"https:\/\/larevuedespectateurs.artecom.studio\/20201\/wp-json\/wp\/v2\/posts"}],"about":[{"href":"https:\/\/larevuedespectateurs.artecom.studio\/20201\/wp-json\/wp\/v2\/types\/post"}],"author":[{"embeddable":true,"href":"https:\/\/larevuedespectateurs.artecom.studio\/20201\/wp-json\/wp\/v2\/users\/6"}],"replies":[{"embeddable":true,"href":"https:\/\/larevuedespectateurs.artecom.studio\/20201\/wp-json\/wp\/v2\/comments?post=1733"}],"version-history":[{"count":16,"href":"https:\/\/larevuedespectateurs.artecom.studio\/20201\/wp-json\/wp\/v2\/posts\/1733\/revisions"}],"predecessor-version":[{"id":2891,"href":"https:\/\/larevuedespectateurs.artecom.studio\/20201\/wp-json\/wp\/v2\/posts\/1733\/revisions\/2891"}],"wp:featuredmedia":[{"embeddable":true,"href":"https:\/\/larevuedespectateurs.artecom.studio\/20201\/wp-json\/wp\/v2\/media\/1735"}],"wp:attachment":[{"href":"https:\/\/larevuedespectateurs.artecom.studio\/20201\/wp-json\/wp\/v2\/media?parent=1733"}],"wp:term":[{"taxonomy":"category","embeddable":true,"href":"https:\/\/larevuedespectateurs.artecom.studio\/20201\/wp-json\/wp\/v2\/categories?post=1733"},{"taxonomy":"post_tag","embeddable":true,"href":"https:\/\/larevuedespectateurs.artecom.studio\/20201\/wp-json\/wp\/v2\/tags?post=1733"}],"curies":[{"name":"wp","href":"https:\/\/api.w.org\/{rel}","templated":true}]}}