{"id":1427,"date":"2021-01-06T10:36:54","date_gmt":"2021-01-06T09:36:54","guid":{"rendered":"https:\/\/larevuedespectateurs.artecom.studio\/20201\/?p=1427"},"modified":"2021-01-13T08:58:37","modified_gmt":"2021-01-13T07:58:37","slug":"la-culture-confinee-experience-dexposition-virtuelle","status":"publish","type":"post","link":"https:\/\/larevuedespectateurs.artecom.studio\/20201\/2021\/01\/06\/la-culture-confinee-experience-dexposition-virtuelle\/","title":{"rendered":"La culture confin\u00e9e,  Exp\u00e9rience d\u2019exposition virtuelle"},"content":{"rendered":"\n<p><\/p>\n\n\n\n<p> https:\/\/www.artsteps.com\/view\/5ea1bb148d47b17accb9242a <\/p>\n\n\n\n<p>Au Liban, tous les ans au 5 mai, se tient la Journ\u00e9e Nationale des tortues marines.&nbsp;<\/p>\n\n\n\n<p>Chaque ann\u00e9e, les Green Southerners, une organisation qui lutte pour la conservation de la faune et du patrimoine culturel, organise une exposition mettant en avant des oeuvres r\u00e9alis\u00e9es par des \u00e9tudiants, des coll\u00e9giens, du public, etc. Les oeuvres expos\u00e9es varient, allant de photographies et peintures, \u00e0 des \u0153uvres audiovisuelles \u00e0 travers des vid\u00e9os.&nbsp;<\/p>\n\n\n\n<p>L\u2019objectif de cette exposition est, comme le soulignent Les Green Southerners, de \u201cPrendre conscience de l&rsquo;importance des tortues marines, de leur r\u00f4le vital et des actions de pr\u00e9servation\u201d\u00a0<\/p>\n\n\n\n<ul class=\"wp-block-gallery columns-1 is-cropped wp-block-gallery-1 is-layout-flex wp-block-gallery-is-layout-flex\"><li class=\"blocks-gallery-item\"><figure><img loading=\"lazy\" decoding=\"async\" width=\"973\" height=\"318\" src=\"https:\/\/larevuedespectateurs.artecom.studio\/20201\/wp-content\/uploads\/sites\/3\/2021\/01\/Screenshot-2021-01-06-at-10.40.17.png\" alt=\"\" data-id=\"1428\" data-link=\"https:\/\/larevuedespectateurs.artecom.studio\/20201\/?attachment_id=1428\" class=\"wp-image-1428\" srcset=\"https:\/\/larevuedespectateurs.artecom.studio\/20201\/wp-content\/uploads\/sites\/3\/2021\/01\/Screenshot-2021-01-06-at-10.40.17.png 973w, https:\/\/larevuedespectateurs.artecom.studio\/20201\/wp-content\/uploads\/sites\/3\/2021\/01\/Screenshot-2021-01-06-at-10.40.17-300x98.png 300w, https:\/\/larevuedespectateurs.artecom.studio\/20201\/wp-content\/uploads\/sites\/3\/2021\/01\/Screenshot-2021-01-06-at-10.40.17-768x251.png 768w\" sizes=\"auto, (max-width: 973px) 100vw, 973px\" \/><\/figure><\/li><\/ul>\n\n\n\n<p>En temps de pand\u00e9mie et de confinement, le domaine culturel a du repenser et recr\u00e9er sa mani\u00e8re de partager et diffuser. Dans ces conditions, Les Green Southerners ont d\u00e9cid\u00e9 de cr\u00e9er une exposition virtuelle sur la pateforme ArtSteps.&nbsp;<\/p>\n\n\n\n<p>Assise sur une chaise, chez moi en France, j\u2019ai pu visiter une exposition qui s\u2019est d\u00e9roul\u00e9e au Liban. Cette exp\u00e9rience est compl\u00e8tement in\u00e9dite, car bien que nous soyons habitu\u00e9s aux \u00e9crans et \u00e0 la diffusion num\u00e9rique (notamment les films, s\u00e9ries, et m\u00e9dias mainstream), nous n\u2019avons pas l\u2019habitude de visiter des expositions depuis notre canap\u00e9. Opter pour des expositions en ligne permet aussi au public d\u2019avoir acc\u00e8s \u00e0 des \u00e9v\u00e9nements culturels du monde entier, et rend la culture bien plus accessible pour ceux qui n&rsquo;ont pas les moyens de voyager de par le monde.&nbsp;<\/p>\n\n\n\n<ul class=\"wp-block-gallery columns-1 is-cropped wp-block-gallery-2 is-layout-flex wp-block-gallery-is-layout-flex\"><li class=\"blocks-gallery-item\"><figure><img loading=\"lazy\" decoding=\"async\" width=\"904\" height=\"300\" src=\"https:\/\/larevuedespectateurs.artecom.studio\/20201\/wp-content\/uploads\/sites\/3\/2021\/01\/Screenshot-2021-01-06-at-10.40.36.png\" alt=\"\" data-id=\"1429\" data-link=\"https:\/\/larevuedespectateurs.artecom.studio\/20201\/?attachment_id=1429\" class=\"wp-image-1429\" srcset=\"https:\/\/larevuedespectateurs.artecom.studio\/20201\/wp-content\/uploads\/sites\/3\/2021\/01\/Screenshot-2021-01-06-at-10.40.36.png 904w, https:\/\/larevuedespectateurs.artecom.studio\/20201\/wp-content\/uploads\/sites\/3\/2021\/01\/Screenshot-2021-01-06-at-10.40.36-300x100.png 300w, https:\/\/larevuedespectateurs.artecom.studio\/20201\/wp-content\/uploads\/sites\/3\/2021\/01\/Screenshot-2021-01-06-at-10.40.36-768x255.png 768w\" sizes=\"auto, (max-width: 904px) 100vw, 904px\" \/><\/figure><\/li><\/ul>\n\n\n\n<p>Les organisateurs ont mis en place plusieurs dispositifs pour simplifier la visite virtuelle, dont l\u2019option \u201cvisite guid\u00e9e\u201d, o\u00f9 il suffit simplement d\u2019appuyer sur la touche \u201cplay\u201d et nous sommes guid\u00e9s pendant toute l\u2019exposition. Cette option permet une accessibilit\u00e9 \u00e0 tout genre de public, il ne faut pas s\u2019y connaitre en technologie pour se balader dans l\u2019exposition.&nbsp;<\/p>\n\n\n\n<p>On assiste \u00e0 une nouvelle forme de m\u00e9diation, des descriptions sous chaque oeuvre pour connaitre l\u2019artiste mais aussi de la musique qui nous guide, nous accompagne pendant toute l\u2019exposition et nous permet de nous plonger dans cet univers comme si nous y \u00e9tions physiquement. C&rsquo;est toute une ambiance.\u00a0<\/p>\n\n\n\n<p>Les organisateurs ont aussi mis en place un espace de \u201cchat\u201d gr\u00e2ce auquel nous pouvons, en tant que spectateurs, poser des questions sur l\u2019exposition et approfondir l&rsquo;exp\u00e9rience.<\/p>\n\n\n\n<p>A titre personnel, j\u2019ai trouv\u00e9 cette exposition tr\u00e8s interessante et novatrice, notamment par son sujet li\u00e9 \u00e0 l\u2019environnement, mais aussi vis \u00e0 vis de cette nouvelle mani\u00e8re de s\u2019adapter aux circonstances actuelles et de cr\u00e9er une nouvelle forme de m\u00e9diation, afin de rendre accessible la connaissance, l&rsquo;art et les r\u00e9flexions sur les probl\u00e9matiques actuelles au grand public. Vivre une exp\u00e9rience d&rsquo;exposition artistique en ligne peut nous priver de certaines sensations, mais cr\u00e9\u00e9 un rapport de proximit\u00e9 entre ceux qui nous partagent cette exposition et ceux qui la partagent \u00e0 nos c\u00f4t\u00e9s.<\/p>\n","protected":false},"excerpt":{"rendered":"<p>https:\/\/www.artsteps.com\/view\/5ea1bb148d47b17accb9242a Au Liban, tous les ans au 5 mai, se tient la Journ\u00e9e Nationale des tortues marines.&nbsp; Chaque ann\u00e9e, les<\/p>\n","protected":false},"author":54,"featured_media":1430,"comment_status":"closed","ping_status":"open","sticky":false,"template":"","format":"standard","meta":{"colormag_page_container_layout":"default_layout","colormag_page_sidebar_layout":"default_layout","footnotes":""},"categories":[5,7],"tags":[],"class_list":["post-1427","post","type-post","status-publish","format-standard","has-post-thumbnail","hentry","category-exposition","category-site-web-culturel"],"_links":{"self":[{"href":"https:\/\/larevuedespectateurs.artecom.studio\/20201\/wp-json\/wp\/v2\/posts\/1427","targetHints":{"allow":["GET"]}}],"collection":[{"href":"https:\/\/larevuedespectateurs.artecom.studio\/20201\/wp-json\/wp\/v2\/posts"}],"about":[{"href":"https:\/\/larevuedespectateurs.artecom.studio\/20201\/wp-json\/wp\/v2\/types\/post"}],"author":[{"embeddable":true,"href":"https:\/\/larevuedespectateurs.artecom.studio\/20201\/wp-json\/wp\/v2\/users\/54"}],"replies":[{"embeddable":true,"href":"https:\/\/larevuedespectateurs.artecom.studio\/20201\/wp-json\/wp\/v2\/comments?post=1427"}],"version-history":[{"count":2,"href":"https:\/\/larevuedespectateurs.artecom.studio\/20201\/wp-json\/wp\/v2\/posts\/1427\/revisions"}],"predecessor-version":[{"id":1844,"href":"https:\/\/larevuedespectateurs.artecom.studio\/20201\/wp-json\/wp\/v2\/posts\/1427\/revisions\/1844"}],"wp:featuredmedia":[{"embeddable":true,"href":"https:\/\/larevuedespectateurs.artecom.studio\/20201\/wp-json\/wp\/v2\/media\/1430"}],"wp:attachment":[{"href":"https:\/\/larevuedespectateurs.artecom.studio\/20201\/wp-json\/wp\/v2\/media?parent=1427"}],"wp:term":[{"taxonomy":"category","embeddable":true,"href":"https:\/\/larevuedespectateurs.artecom.studio\/20201\/wp-json\/wp\/v2\/categories?post=1427"},{"taxonomy":"post_tag","embeddable":true,"href":"https:\/\/larevuedespectateurs.artecom.studio\/20201\/wp-json\/wp\/v2\/tags?post=1427"}],"curies":[{"name":"wp","href":"https:\/\/api.w.org\/{rel}","templated":true}]}}