{"id":1240,"date":"2020-12-22T15:40:46","date_gmt":"2020-12-22T14:40:46","guid":{"rendered":"https:\/\/larevuedespectateurs.artecom.studio\/20201\/?p=1240"},"modified":"2022-02-21T11:11:38","modified_gmt":"2022-02-21T10:11:38","slug":"immersion-en-periode-medievale","status":"publish","type":"post","link":"https:\/\/larevuedespectateurs.artecom.studio\/20201\/2020\/12\/22\/immersion-en-periode-medievale\/","title":{"rendered":"Immersion en p\u00e9riode m\u00e9di\u00e9vale"},"content":{"rendered":"\n<p style=\"text-align:center\" class=\"has-medium-font-size\"><em>Gr\u00e2ce \u00e0 la r\u00e9alit\u00e9 virtuelle, le Bureau d\u2019Information Touristique des <strong>Andelys <\/strong>propose une visite originale et nouvelle de la ville jusqu\u2019au <strong>Ch\u00e2teau Gaillard<\/strong>. A vos smartphones&nbsp;!<\/em><\/p>\n\n\n\n<div class=\"wp-block-image\"><figure class=\"aligncenter is-resized\"><img loading=\"lazy\" decoding=\"async\" src=\"https:\/\/larevuedespectateurs.artecom.studio\/20201\/wp-content\/uploads\/sites\/3\/2020\/12\/36395653_840235042841108_6977349048671928320_n.jpg\" alt=\"\" class=\"wp-image-1258\" width=\"720\" height=\"274\" srcset=\"https:\/\/larevuedespectateurs.artecom.studio\/20201\/wp-content\/uploads\/sites\/3\/2020\/12\/36395653_840235042841108_6977349048671928320_n.jpg 820w, https:\/\/larevuedespectateurs.artecom.studio\/20201\/wp-content\/uploads\/sites\/3\/2020\/12\/36395653_840235042841108_6977349048671928320_n-300x114.jpg 300w, https:\/\/larevuedespectateurs.artecom.studio\/20201\/wp-content\/uploads\/sites\/3\/2020\/12\/36395653_840235042841108_6977349048671928320_n-768x292.jpg 768w\" sizes=\"auto, (max-width: 720px) 100vw, 720px\" \/><figcaption><a href=\"https:\/\/www.facebook.com\/RendrFrance\/photos\/a.428782570653026\/840235039507775\/\"><em>Affiche de lancement de la visite virtuelle<\/em><\/a><\/figcaption><\/figure><\/div>\n\n\n\n<p style=\"font-size:24px\"><strong>L\u2019EPOQUE MEDIEVALE PASSE AU NUMERIQUE <\/strong><\/p>\n\n\n\n<p>&nbsp;&nbsp;&nbsp;&nbsp;&nbsp;&nbsp;&nbsp;&nbsp;&nbsp;&nbsp;&nbsp;&nbsp;&nbsp;&nbsp;&nbsp; Cet \u00e9t\u00e9, la ville des <strong>Andelys <\/strong>situ\u00e9e en <strong>Normandie<\/strong>, s\u2019est elle aussi appuy\u00e9e sur le num\u00e9rique afin de proposer une visite in\u00e9dite \u00e0 ses visiteurs. En effet gr\u00e2ce \u00e0 cette immersion, le public a acc\u00e8s \u00e0 une vision plus d\u00e9taill\u00e9e qu&rsquo;une visite normale.<\/p>\n\n\n\n<p>Rien de plus simple&nbsp;pour cela, il suffit de t\u00e9l\u00e9charger l\u2019application <em>VRlib <\/em>sur son t\u00e9l\u00e9phone et de le glisser dans un casque de r\u00e9alit\u00e9 virtuelle en carton appel\u00e9 <strong><em>cardboard<\/em><\/strong>, et c\u2019est parti pour une d\u00e9couverte des <strong>Andelys <\/strong>du 12\u00e8me et 13\u00e8me si\u00e8cle. Pas d\u2019inqui\u00e9tude pour ceux qui ne disposent pas de smartphone, on vous en pr\u00eate sous caution.<\/p>\n\n\n\n<div class=\"wp-block-image\"><figure class=\"aligncenter\"><img loading=\"lazy\" decoding=\"async\" width=\"452\" height=\"338\" src=\"https:\/\/larevuedespectateurs.artecom.studio\/20201\/wp-content\/uploads\/sites\/3\/2020\/12\/cardboard.jpg\" alt=\"\" class=\"wp-image-1247\" srcset=\"https:\/\/larevuedespectateurs.artecom.studio\/20201\/wp-content\/uploads\/sites\/3\/2020\/12\/cardboard.jpg 452w, https:\/\/larevuedespectateurs.artecom.studio\/20201\/wp-content\/uploads\/sites\/3\/2020\/12\/cardboard-300x224.jpg 300w\" sizes=\"auto, (max-width: 452px) 100vw, 452px\" \/><figcaption><em>Un <\/em><strong><a href=\"http:\/\/www.cape-tourisme.fr\/andelys-realite-virtuelle\/\"><em>cardboard <\/em><\/a><\/strong><em><br><\/em><\/figcaption><\/figure><\/div>\n\n\n\n<p style=\"font-size:24px\"><strong>UNE VISITE IMMERSIVE<\/strong><\/p>\n\n\n\n<p>Pendant deux heures, la promenade se poursuit par les bords de Seine \u00e0 travers des \u0153uvres impressionnistes, de <em>Vallotton <\/em>et <em>Lebasque <\/em>notamment. Il faudra passer par quinze \u00e9tapes pour arriver jusqu\u2019au c\u00e9l\u00e8bre <strong>Ch\u00e2teau Gaillard<\/strong>. Mais vous pouvez \u00e9galement faire une visite plus courte en choisissant seulement la d\u00e9couverte de la ville.<\/p>\n\n\n\n<p>Cette reconstitution en trois dimensions est bas\u00e9e sur les historiens et les arch\u00e9ologues. Elle permet une plong\u00e9e m\u00e9di\u00e9vale gr\u00e2ce aux images de synth\u00e8ses r\u00e9alistes qui permettent au spectateur de voir des \u00e9l\u00e9ments de l\u2019\u00e9poque qui ne sont plus pr\u00e9sents, comme les statues, bateaux, habitations \u2026 ou m\u00eame rencontrer des personnages marquants comme <em>Philippe Auguste<\/em> ou<em> Richard C\u0153ur de Lion<\/em>. Tout est fait pour que l\u2019exp\u00e9rience soit la plus r\u00e9elle possible et que le spectateur ait l\u2019impression de vivre ce qu\u2019il observe. Des informations textuelles et iconographiques ainsi qu\u2019une ambiance sonore assurent une sensation d\u2019immersion encore plus r\u00e9ussie.<\/p>\n\n\n\n<div class=\"wp-block-image\"><figure class=\"aligncenter is-resized\"><img loading=\"lazy\" decoding=\"async\" src=\"https:\/\/larevuedespectateurs.artecom.studio\/20201\/wp-content\/uploads\/sites\/3\/2020\/12\/andelys-min-1-1024x576.png\" alt=\"\" class=\"wp-image-1249\" width=\"664\" height=\"373\" srcset=\"https:\/\/larevuedespectateurs.artecom.studio\/20201\/wp-content\/uploads\/sites\/3\/2020\/12\/andelys-min-1-1024x576.png 1024w, https:\/\/larevuedespectateurs.artecom.studio\/20201\/wp-content\/uploads\/sites\/3\/2020\/12\/andelys-min-1-300x169.png 300w, https:\/\/larevuedespectateurs.artecom.studio\/20201\/wp-content\/uploads\/sites\/3\/2020\/12\/andelys-min-1-768x432.png 768w, https:\/\/larevuedespectateurs.artecom.studio\/20201\/wp-content\/uploads\/sites\/3\/2020\/12\/andelys-min-1.png 1366w\" sizes=\"auto, (max-width: 664px) 100vw, 664px\" \/><figcaption><a href=\"https:\/\/www.youtube.com\/watch?v=r4UMOnmWQb0&amp;feature=emb_logo\"><em>Extrait issue du dispositif num\u00e9rique<\/em><\/a><\/figcaption><\/figure><\/div>\n\n\n\n<p>Cette exp\u00e9rience num\u00e9rique a d\u2019autres avantages int\u00e9ressants puisqu\u2019elle propose m\u00eame d\u2019acc\u00e9der \u00e0 des endroits ferm\u00e9s au public, comme par exemple l\u2019h\u00f4pital <em>Saint Jacques,<\/em> class\u00e9 monument historique depuis 1964 : une fa\u00e7on originale de pr\u00e9server le b\u00e2timent sans le cacher totalement des visiteurs.<\/p>\n\n\n\n<p style=\"text-align:center\" class=\"has-text-color has-background has-very-light-gray-color has-very-dark-gray-background-color\">L\u2019objectif de ce projet est de surprendre le public voir d&rsquo;en attirer de nouveaux par une exp\u00e9rience innovante qui change des traditionnelles visites, de par son contenu enrichi et sa forme immersive.<\/p>\n","protected":false},"excerpt":{"rendered":"<p>Gr\u00e2ce \u00e0 la r\u00e9alit\u00e9 virtuelle, le Bureau d\u2019Information Touristique des Andelys propose une visite originale et nouvelle de la ville<\/p>\n","protected":false},"author":50,"featured_media":1268,"comment_status":"closed","ping_status":"open","sticky":false,"template":"","format":"standard","meta":{"colormag_page_container_layout":"default_layout","colormag_page_sidebar_layout":"default_layout","footnotes":""},"categories":[6],"tags":[],"class_list":["post-1240","post","type-post","status-publish","format-standard","has-post-thumbnail","hentry","category-lieu-culturel"],"_links":{"self":[{"href":"https:\/\/larevuedespectateurs.artecom.studio\/20201\/wp-json\/wp\/v2\/posts\/1240","targetHints":{"allow":["GET"]}}],"collection":[{"href":"https:\/\/larevuedespectateurs.artecom.studio\/20201\/wp-json\/wp\/v2\/posts"}],"about":[{"href":"https:\/\/larevuedespectateurs.artecom.studio\/20201\/wp-json\/wp\/v2\/types\/post"}],"author":[{"embeddable":true,"href":"https:\/\/larevuedespectateurs.artecom.studio\/20201\/wp-json\/wp\/v2\/users\/50"}],"replies":[{"embeddable":true,"href":"https:\/\/larevuedespectateurs.artecom.studio\/20201\/wp-json\/wp\/v2\/comments?post=1240"}],"version-history":[{"count":26,"href":"https:\/\/larevuedespectateurs.artecom.studio\/20201\/wp-json\/wp\/v2\/posts\/1240\/revisions"}],"predecessor-version":[{"id":3567,"href":"https:\/\/larevuedespectateurs.artecom.studio\/20201\/wp-json\/wp\/v2\/posts\/1240\/revisions\/3567"}],"wp:featuredmedia":[{"embeddable":true,"href":"https:\/\/larevuedespectateurs.artecom.studio\/20201\/wp-json\/wp\/v2\/media\/1268"}],"wp:attachment":[{"href":"https:\/\/larevuedespectateurs.artecom.studio\/20201\/wp-json\/wp\/v2\/media?parent=1240"}],"wp:term":[{"taxonomy":"category","embeddable":true,"href":"https:\/\/larevuedespectateurs.artecom.studio\/20201\/wp-json\/wp\/v2\/categories?post=1240"},{"taxonomy":"post_tag","embeddable":true,"href":"https:\/\/larevuedespectateurs.artecom.studio\/20201\/wp-json\/wp\/v2\/tags?post=1240"}],"curies":[{"name":"wp","href":"https:\/\/api.w.org\/{rel}","templated":true}]}}