{"id":1032,"date":"2020-12-27T15:04:11","date_gmt":"2020-12-27T14:04:11","guid":{"rendered":"https:\/\/larevuedespectateurs.artecom.studio\/20201\/?p=1032"},"modified":"2021-02-11T17:37:07","modified_gmt":"2021-02-11T16:37:07","slug":"ponent-roots-de-linsistance-a-la-resistance","status":"publish","type":"post","link":"https:\/\/larevuedespectateurs.artecom.studio\/20201\/2020\/12\/27\/ponent-roots-de-linsistance-a-la-resistance\/","title":{"rendered":"Ponent Roots : de l&rsquo;insistance \u00e0 la r\u00e9sistance"},"content":{"rendered":"\n<p style=\"background-color:#9b2929\" class=\"has-text-color has-background has-very-light-gray-color\"><strong>Le festival de musique noire \u00e0 Lleida, en Catalogne, fait face aux restrictions impos\u00e9es au secteur culturel en proposant une \u00e9dition adapt\u00e9e avec la devise \u00ab\u00a0We resist, we insist\u00a0\u00bb.<\/strong><\/p>\n\n\n\n<h5 class=\"wp-block-heading\">Le Ponent dans le circuit catalan de musique<\/h5>\n\n\n\n<p>Les organisateurs du Festival, <a href=\"https:\/\/www.instagram.com\/educat_\/\">Edu<\/a> i Uri, sont deux passionn\u00e9s par la musique noire et collectionneurs de vinyles qui depuis 2011 dynamisent la sc\u00e8ne culturelle de Lleida avec le <a href=\"https:\/\/www.instagram.com\/ponentroots\/\">Festival Ponent Roots<\/a>, mais aussi avec d\u2019autres formats de concert plus intimistes, ou de participations en vinyle aux f\u00eates locales.&nbsp;<\/p>\n\n\n\n<p class=\"has-drop-cap has-medium-font-size\">Leur id\u00e9e \u00e9tait de cr\u00e9er un collectif et promouvoir des \u00e9v\u00e9nements auxquels ils aimeraient contribuer et participer. Ce d\u00e9sir continue \u00e0 les encourager \u00e0 faire bouger la r\u00e9gion avec les artistes locaux pour les amoureux de la musique de la r\u00e9gion.<\/p>\n\n\n\n<h5 class=\"wp-block-heading\">Une \u00e9dition adapt\u00e9e aux nouvelles mesures<\/h5>\n\n\n\n<p><em>Avec le confinement municipal, les artistes, les invit\u00e9s et le public ne pouvaient qu&rsquo;arriver de Catalogne, surtout de Lleida. Cette fois plus que toutes les autres, la participation locale a \u00e9t\u00e9 fondamentale. <\/em><\/p>\n\n\n\n<div class=\"wp-block-image\"><figure class=\"alignright is-resized\"><img loading=\"lazy\" decoding=\"async\" src=\"https:\/\/larevuedespectateurs.artecom.studio\/20201\/wp-content\/uploads\/sites\/3\/2020\/12\/Capturar1.jpg\" alt=\"\" class=\"wp-image-1288\" width=\"337\" height=\"314\" srcset=\"https:\/\/larevuedespectateurs.artecom.studio\/20201\/wp-content\/uploads\/sites\/3\/2020\/12\/Capturar1.jpg 745w, https:\/\/larevuedespectateurs.artecom.studio\/20201\/wp-content\/uploads\/sites\/3\/2020\/12\/Capturar1-300x280.jpg 300w\" sizes=\"auto, (max-width: 337px) 100vw, 337px\" \/><figcaption>Exposition \u201cRoots Reggae Legends\u201d<\/figcaption><\/figure><\/div>\n\n\n\n<p>Dans cette 9\u00e8me \u00e9dition, l\u2019organisation a propos\u00e9 deux concerts de 80 places dans un auditorium de l\u2019\u00e9cole de musique de Lleida, l<a href=\"https:\/\/www.orfeolleidata.cat\/ca\/espai-orfeo\/landpage\">\u2019Orfe\u00f3<\/a>. Les pr\u00e9sentations de <a href=\"https:\/\/www.instagram.com\/som_blackfang\/\">Blackfang<\/a>, pour le premier jour, et de <a href=\"https:\/\/www.instagram.com\/kokojeantonics\/\">Koko-Jean &amp; The Tonics<\/a>, pour le second, ont \u00e9t\u00e9 aussi diffus\u00e9es en streaming.<\/p>\n\n\n\n<p>Parall\u00e8lement, deux autres activit\u00e9s pour que les gens puissent circuler et d\u00e9couvrir les lieux culturels de la ville, ainsi que contribuer aux commerces de proximit\u00e9 :<br><br>&#8211; L&rsquo;exposition de l&rsquo;artiste Sil Cunningham, dans le caf\u00e9 culturel Beat Caf\u00e9 &amp; Soul, o\u00f9 on peut voir, depuis le 4 d\u00e9cembre, une s\u00e9rie d&rsquo;aquarelles repr\u00e9sentant quelques artistes jama\u00efcains et de la culture reggae.<br>&#8211; Le Vinyl Forum, un moment pour parler des moments importants de la musique noire \u00e0 partir de vinyles.<\/p>\n\n\n\n<h5 class=\"wp-block-heading\">Une rencontre \u00e0 travers des vinyles <\/h5>\n\n\n\n<div class=\"wp-block-image\"><figure class=\"alignleft is-resized\"><img loading=\"lazy\" decoding=\"async\" src=\"https:\/\/larevuedespectateurs.artecom.studio\/20201\/wp-content\/uploads\/sites\/3\/2020\/12\/aquesta.jpg\" alt=\"\" class=\"wp-image-1289\" width=\"386\" height=\"301\" srcset=\"https:\/\/larevuedespectateurs.artecom.studio\/20201\/wp-content\/uploads\/sites\/3\/2020\/12\/aquesta.jpg 710w, https:\/\/larevuedespectateurs.artecom.studio\/20201\/wp-content\/uploads\/sites\/3\/2020\/12\/aquesta-300x234.jpg 300w\" sizes=\"auto, (max-width: 386px) 100vw, 386px\" \/><figcaption>Les 4 invit\u00e9s de ce Vinyl Forum: @mr.skyhook, @scarlettcambrils, @mante_rexach et @joana_ceni<\/figcaption><\/figure><\/div>\n\n\n\n<p>Chaque ann\u00e9e, le festival propose le <em>Vinyl Forum<\/em>, un forum de discussion ouvert avec trois ou quatre personnes impliqu\u00e9es dans la musique de plusieurs mani\u00e8res (DJs, musiciens, admirateurs, s\u00e9lecteurs, collectionneurs de disques, producteurs etc) pour qu\u2019ils parlent des disques qui ont marqu\u00e9 un point d\u2019inflexion dans l\u2019histoire de la musique noire \u00e0 partir des int\u00e9r\u00eats de chacun.<\/p>\n\n\n\n<p>Dans le bar <em>Grans Records<\/em>, aussi le seul disquaire de Lleida, les invit\u00e9s mettent les disques sur la platine et racontent, de fa\u00e7on assez d\u00e9tendue, des anecdotes et parlent de l\u2019histoire autour du titre ou de l\u2019artiste. Le public spontan\u00e9ment s\u2019y implique en posant des questions et en partageant ses passions. C\u2019est le moment o\u00f9 le festival arrive \u00e0 faire la musique embrasser les espaces m\u00e9connus de la ville et le public.<\/p>\n\n\n\n<p><\/p>\n\n\n\n<p><\/p>\n\n\n\n<h6 class=\"wp-block-heading\">Programmation :<\/h6>\n\n\n\n<ul class=\"wp-block-list\"><li><strong>Du 4 d\u00e9cembre au 4 janvier : <br><\/strong>Exposici\u00f3 &lsquo;Roots Reggae Legends&rsquo; de <a href=\"https:\/\/www.silcun.com\/\">Sil Cunningham<\/a> | <a href=\"https:\/\/lobeat.cat\/\">Beat Caf\u00e8 &amp; Soul<\/a> | Gratuit<br><\/li><li><strong>Le 5 d\u00e9cembre : <br><\/strong>Concert <a href=\"https:\/\/www.instagram.com\/som_blackfang\/\">BlackFang<\/a> | <a href=\"https:\/\/www.orfeolleidata.cat\/\">Espai Orfe\u00f3<\/a> | 15 euros<br><\/li><li><strong>Le 6 d\u00e9cembre : <br><\/strong>Vinil F\u00f2rum | <a href=\"https:\/\/gransrecords.cat\/\">Grans Records <\/a>| Gratuit<br>Concert <a href=\"https:\/\/www.instagram.com\/kokojeantonics\/\">Koko-Jean &amp; The Tonics<\/a> | <a href=\"https:\/\/www.orfeolleidata.cat\/\">Espai Orfe\u00f3 <\/a>| 15 euros<\/li><\/ul>\n\n\n\n<h6 class=\"wp-block-heading\">Autres infos :<\/h6>\n\n\n\n<p><a href=\"http:\/\/ponentroots.com\/\">Page officielle<\/a> | <a href=\"https:\/\/www.facebook.com\/PonentRoots\/\">Facebook<\/a> | <a href=\"https:\/\/www.instagram.com\/ponentroots\/\">Instagram<\/a> | <a href=\"https:\/\/www.mixcloud.com\/PonentRoots\/\">Mixcloud<\/a><\/p>\n","protected":false},"excerpt":{"rendered":"<p>Le festival de musique noire \u00e0 Lleida, en Catalogne, fait face aux restrictions impos\u00e9es au secteur culturel en proposant une<\/p>\n","protected":false},"author":51,"featured_media":1280,"comment_status":"closed","ping_status":"open","sticky":false,"template":"","format":"standard","meta":{"colormag_page_container_layout":"default_layout","colormag_page_sidebar_layout":"default_layout","footnotes":""},"categories":[9,10],"tags":[],"class_list":["post-1032","post","type-post","status-publish","format-standard","has-post-thumbnail","hentry","category-concert","category-festival"],"_links":{"self":[{"href":"https:\/\/larevuedespectateurs.artecom.studio\/20201\/wp-json\/wp\/v2\/posts\/1032","targetHints":{"allow":["GET"]}}],"collection":[{"href":"https:\/\/larevuedespectateurs.artecom.studio\/20201\/wp-json\/wp\/v2\/posts"}],"about":[{"href":"https:\/\/larevuedespectateurs.artecom.studio\/20201\/wp-json\/wp\/v2\/types\/post"}],"author":[{"embeddable":true,"href":"https:\/\/larevuedespectateurs.artecom.studio\/20201\/wp-json\/wp\/v2\/users\/51"}],"replies":[{"embeddable":true,"href":"https:\/\/larevuedespectateurs.artecom.studio\/20201\/wp-json\/wp\/v2\/comments?post=1032"}],"version-history":[{"count":16,"href":"https:\/\/larevuedespectateurs.artecom.studio\/20201\/wp-json\/wp\/v2\/posts\/1032\/revisions"}],"predecessor-version":[{"id":2366,"href":"https:\/\/larevuedespectateurs.artecom.studio\/20201\/wp-json\/wp\/v2\/posts\/1032\/revisions\/2366"}],"wp:featuredmedia":[{"embeddable":true,"href":"https:\/\/larevuedespectateurs.artecom.studio\/20201\/wp-json\/wp\/v2\/media\/1280"}],"wp:attachment":[{"href":"https:\/\/larevuedespectateurs.artecom.studio\/20201\/wp-json\/wp\/v2\/media?parent=1032"}],"wp:term":[{"taxonomy":"category","embeddable":true,"href":"https:\/\/larevuedespectateurs.artecom.studio\/20201\/wp-json\/wp\/v2\/categories?post=1032"},{"taxonomy":"post_tag","embeddable":true,"href":"https:\/\/larevuedespectateurs.artecom.studio\/20201\/wp-json\/wp\/v2\/tags?post=1032"}],"curies":[{"name":"wp","href":"https:\/\/api.w.org\/{rel}","templated":true}]}}