{"id":909,"date":"2019-12-06T15:52:31","date_gmt":"2019-12-06T14:52:31","guid":{"rendered":"https:\/\/larevuedespectateurs.artecom.studio\/2019\/?p=909"},"modified":"2019-12-06T15:52:31","modified_gmt":"2019-12-06T14:52:31","slug":"le-festival-bd-de-colomiers-scenes-ouvertes-pour-le-9eme-art","status":"publish","type":"post","link":"https:\/\/larevuedespectateurs.artecom.studio\/2019\/2019\/12\/06\/le-festival-bd-de-colomiers-scenes-ouvertes-pour-le-9eme-art\/","title":{"rendered":"Le festival BD de Colomiers, sc\u00e8nes ouvertes pour le 9\u00e8me art"},"content":{"rendered":"\n<p class=\"has-drop-cap\">Le Festival de la bande-dessin\u00e9e de Colomiers s&rsquo;est d\u00e9roul\u00e9 les 15, 16 et 17 novembre 2019. Un rendez-vous annuel depuis 35 ans \u00e0 ne pas manquer, pour les amateurs du 9\u00e8me art ; mais aussi l&rsquo;occasion de d\u00e9couvrir la BD comme on ne l&rsquo;a jamais vu. Le festival investit plusieurs lieux, invitant ainsi \u00e0 la d\u00e9ambulation et la r\u00e9appropriation du centre-ville de Colomiers, commune \u00e0 l&rsquo;ouest de Toulouse.<br>La programmation du festival a mis l&rsquo;accent sur la porosit\u00e9 de cet art, se nourrissant et se manifestant sous toutes les formes : du livre traditionnel \u00e0 l&rsquo;\u00e9cran num\u00e9rique, de la salle de spectacle \u00e0 la salle de cin\u00e9ma. <\/p>\n\n\n\n<p>Le choix des artistes programm\u00e9s r\u00e9v\u00e8le la volont\u00e9 de mettre en avant la jeune cr\u00e9ation en donnant une visibilit\u00e9 \u00e0 des jeunes auteurs et autrices ; ainsi que des artistes internationaux venus des Etats-Unis, du Japon, de la Su\u00e8de, du Qu\u00e9bec ou encore d&rsquo;Angleterre. <br>La formation des plus jeunes \u00e0 l&rsquo;image est \u00e9galement une valeur importante du festival. De nombreux ateliers de cr\u00e9ations ont permis au jeune public de d\u00e9couvrir tout le week-end le monde de la bande-dessin\u00e9e. Le festival organise un prix coll\u00e9gien et lyc\u00e9en de la bande-dessin\u00e9e, soutenu par le d\u00e9partement de la Haute-Garonne et la R\u00e9gion Occitanie. <\/p>\n\n\n\n<hr class=\"wp-block-separator\" \/>\n\n\n\n<h2 class=\"wp-block-heading\">Fl\u00e2ner dans les expositions<\/h2>\n\n\n\n<div class=\"wp-block-media-text has-media-on-the-right\" style=\"grid-template-columns:auto 24%\"><figure class=\"wp-block-media-text__media\"><img loading=\"lazy\" decoding=\"async\" width=\"1024\" height=\"720\" src=\"https:\/\/larevuedespectateurs.artecom.studio\/2019\/wp-content\/uploads\/sites\/2\/2019\/11\/Derf-backderf-trashed-1024x720.jpg\" alt=\"\" class=\"wp-image-984\" srcset=\"https:\/\/larevuedespectateurs.artecom.studio\/2019\/wp-content\/uploads\/sites\/2\/2019\/11\/Derf-backderf-trashed-1024x720.jpg 1024w, https:\/\/larevuedespectateurs.artecom.studio\/2019\/wp-content\/uploads\/sites\/2\/2019\/11\/Derf-backderf-trashed-300x211.jpg 300w, https:\/\/larevuedespectateurs.artecom.studio\/2019\/wp-content\/uploads\/sites\/2\/2019\/11\/Derf-backderf-trashed-768x540.jpg 768w, https:\/\/larevuedespectateurs.artecom.studio\/2019\/wp-content\/uploads\/sites\/2\/2019\/11\/Derf-backderf-trashed-130x90.jpg 130w, https:\/\/larevuedespectateurs.artecom.studio\/2019\/wp-content\/uploads\/sites\/2\/2019\/11\/Derf-backderf-trashed.jpg 1200w\" sizes=\"auto, (max-width: 1024px) 100vw, 1024px\" \/><\/figure><div class=\"wp-block-media-text__content\">\n<p class=\"has-drop-cap\">\n\nUne dizaine d&rsquo;expositions ont \u00e9t\u00e9 diss\u00e9min\u00e9es dans la ville, inscrites dans le tissu urbain et social de Colomiers : la m\u00e9diath\u00e8que du Pavillon Blanc Henri-Molina, le Square Saint-Exup\u00e9ry, la F\u00e9d\u00e9ration des associations, le Hall Comminges, l&rsquo;h\u00f4tel de ville. On pouvait y d\u00e9couvrir des auteurs embl\u00e9matiques tels que l&rsquo;am\u00e9ricain Charles Burns et son univers fantastique et graphique reconnaissable, aux portraits fascinants et d\u00e9rangeants \u00e0 la fois.\n\n<\/p>\n<\/div><\/div>\n\n\n\n<ul class=\"wp-block-gallery aligncenter columns-4 is-cropped wp-block-gallery-1 is-layout-flex wp-block-gallery-is-layout-flex\"><li class=\"blocks-gallery-item\"><figure><img loading=\"lazy\" decoding=\"async\" width=\"1024\" height=\"734\" src=\"https:\/\/larevuedespectateurs.artecom.studio\/2019\/wp-content\/uploads\/sites\/2\/2019\/11\/vue-exposition-charles-Burns-2-1024x734.jpg\" alt=\"\" data-id=\"975\" data-link=\"https:\/\/larevuedespectateurs.artecom.studio\/2019\/?attachment_id=975\" class=\"wp-image-975\" srcset=\"https:\/\/larevuedespectateurs.artecom.studio\/2019\/wp-content\/uploads\/sites\/2\/2019\/11\/vue-exposition-charles-Burns-2-1024x734.jpg 1024w, https:\/\/larevuedespectateurs.artecom.studio\/2019\/wp-content\/uploads\/sites\/2\/2019\/11\/vue-exposition-charles-Burns-2-300x215.jpg 300w, https:\/\/larevuedespectateurs.artecom.studio\/2019\/wp-content\/uploads\/sites\/2\/2019\/11\/vue-exposition-charles-Burns-2-768x551.jpg 768w, https:\/\/larevuedespectateurs.artecom.studio\/2019\/wp-content\/uploads\/sites\/2\/2019\/11\/vue-exposition-charles-Burns-2.jpg 1400w\" sizes=\"auto, (max-width: 1024px) 100vw, 1024px\" \/><figcaption>Vue de l&rsquo;exposition monographique de Charles Burns, Pavillon Blanc Henri-Molina &#8211; cr\u00e9dits photo Emilie Deschamps<\/figcaption><\/figure><\/li><li class=\"blocks-gallery-item\"><figure><img loading=\"lazy\" decoding=\"async\" width=\"1024\" height=\"730\" src=\"https:\/\/larevuedespectateurs.artecom.studio\/2019\/wp-content\/uploads\/sites\/2\/2019\/11\/simon-lamouret-des-villes-lalcazar-1024x730.jpg\" alt=\"\" data-id=\"976\" data-link=\"https:\/\/larevuedespectateurs.artecom.studio\/2019\/?attachment_id=976\" class=\"wp-image-976\" srcset=\"https:\/\/larevuedespectateurs.artecom.studio\/2019\/wp-content\/uploads\/sites\/2\/2019\/11\/simon-lamouret-des-villes-lalcazar-1024x730.jpg 1024w, https:\/\/larevuedespectateurs.artecom.studio\/2019\/wp-content\/uploads\/sites\/2\/2019\/11\/simon-lamouret-des-villes-lalcazar-300x214.jpg 300w, https:\/\/larevuedespectateurs.artecom.studio\/2019\/wp-content\/uploads\/sites\/2\/2019\/11\/simon-lamouret-des-villes-lalcazar-768x547.jpg 768w, https:\/\/larevuedespectateurs.artecom.studio\/2019\/wp-content\/uploads\/sites\/2\/2019\/11\/simon-lamouret-des-villes-lalcazar.jpg 1400w\" sizes=\"auto, (max-width: 1024px) 100vw, 1024px\" \/><figcaption>Vue des croquis de Simon Lamouret, Des villes, <em>l&rsquo;Alcazar <\/em>(\u00e0 para\u00eetre 2019) &#8211; cr\u00e9dits photo Emilie Deschamps<\/figcaption><\/figure><\/li><li class=\"blocks-gallery-item\"><figure><img loading=\"lazy\" decoding=\"async\" width=\"1024\" height=\"768\" src=\"https:\/\/larevuedespectateurs.artecom.studio\/2019\/wp-content\/uploads\/sites\/2\/2019\/11\/vue-de-lexposition-Simon-Lamouret-2-1024x768.jpg\" alt=\"\" data-id=\"974\" data-link=\"https:\/\/larevuedespectateurs.artecom.studio\/2019\/?attachment_id=974\" class=\"wp-image-974\" srcset=\"https:\/\/larevuedespectateurs.artecom.studio\/2019\/wp-content\/uploads\/sites\/2\/2019\/11\/vue-de-lexposition-Simon-Lamouret-2-1024x768.jpg 1024w, https:\/\/larevuedespectateurs.artecom.studio\/2019\/wp-content\/uploads\/sites\/2\/2019\/11\/vue-de-lexposition-Simon-Lamouret-2-300x225.jpg 300w, https:\/\/larevuedespectateurs.artecom.studio\/2019\/wp-content\/uploads\/sites\/2\/2019\/11\/vue-de-lexposition-Simon-Lamouret-2-768x576.jpg 768w, https:\/\/larevuedespectateurs.artecom.studio\/2019\/wp-content\/uploads\/sites\/2\/2019\/11\/vue-de-lexposition-Simon-Lamouret-2.jpg 1400w\" sizes=\"auto, (max-width: 1024px) 100vw, 1024px\" \/><figcaption>Vue des croquis de Simon Lamouret, Des villes, <em>Casablanca <\/em>(2019) &#8211; cr\u00e9dits photo Emilie Deschamps<\/figcaption><\/figure><\/li><li class=\"blocks-gallery-item\"><figure><img loading=\"lazy\" decoding=\"async\" width=\"882\" height=\"414\" src=\"https:\/\/larevuedespectateurs.artecom.studio\/2019\/wp-content\/uploads\/sites\/2\/2019\/12\/antoine-maillard-bd-colomiers-2019.jpg\" alt=\"\" data-id=\"1160\" data-link=\"https:\/\/larevuedespectateurs.artecom.studio\/2019\/?attachment_id=1160\" class=\"wp-image-1160\" srcset=\"https:\/\/larevuedespectateurs.artecom.studio\/2019\/wp-content\/uploads\/sites\/2\/2019\/12\/antoine-maillard-bd-colomiers-2019.jpg 882w, https:\/\/larevuedespectateurs.artecom.studio\/2019\/wp-content\/uploads\/sites\/2\/2019\/12\/antoine-maillard-bd-colomiers-2019-300x141.jpg 300w, https:\/\/larevuedespectateurs.artecom.studio\/2019\/wp-content\/uploads\/sites\/2\/2019\/12\/antoine-maillard-bd-colomiers-2019-768x360.jpg 768w\" sizes=\"auto, (max-width: 882px) 100vw, 882px\" \/><figcaption> Antoine Maillard exposition in situ, square Saint-Exup\u00e9ry <\/figcaption><\/figure><\/li><\/ul>\n\n\n\n<p>Dans le cadre du programme d&rsquo;accessibilit\u00e9 Ville et Handicap, l&rsquo;exposition Cinq Sens et Neuvi\u00e8me art mettait \u00e0 l&rsquo;honneur la magnifique et touchante histoire de l&rsquo;amiti\u00e9 entre Helen Keller et Annie Sullivan, deux figures embl\u00e9matiques \u00e0 la fois du f\u00e9minisme et de l&rsquo;\u00e9ducation pour tous. N\u00e9e en 1880 en Alabama, le petite Helen devient aveugle et sourde \u00e0 la suite d&rsquo;une m\u00e9ningite quelques mois apr\u00e8s sa naissance. La bande-dessin\u00e9e retrace l&rsquo;\u00e9ducation de la petite fille par Annie Sullivan, sa gouvernante qui deviendra sa plus fid\u00e8le amie, qui lui apprend la langue des signes puis l&rsquo;\u00e9criture. Helen Keller ira m\u00eame \u00e0 l&rsquo;universit\u00e9 et deviendra \u00e9crivaine. Elle d\u00e9fendra toute sa vie l&rsquo;acc\u00e8s \u00e0 l&rsquo;\u00e9ducation des sourds, aveugles et muets ; et par de-l\u00e0 cette lutte sera une pionni\u00e8re de l&rsquo;\u00e9ducation pour tous. <br>Avec un trait vivant et sensoriel, Joseph Lambert transmet \u00e0 merveille les sensations et \u00e9motions de la fillette, faisant passer le lecteur de l&rsquo;ombre \u00e0 la lumi\u00e8re. Les planches de <em>Annie Sullivan et Helen Keller<\/em> (\u00e7a et l\u00e0, 2013) \u00e9taient visibles dans le hall de l&rsquo;h\u00f4tel de Ville du 5 au 28 novembre 2019.<\/p>\n\n\n\n<ul class=\"wp-block-gallery columns-2 is-cropped wp-block-gallery-2 is-layout-flex wp-block-gallery-is-layout-flex\"><li class=\"blocks-gallery-item\"><figure><img loading=\"lazy\" decoding=\"async\" width=\"716\" height=\"1024\" src=\"https:\/\/larevuedespectateurs.artecom.studio\/2019\/wp-content\/uploads\/sites\/2\/2019\/12\/planche-9-Joseph-Lambert-716x1024.jpg\" alt=\"\" data-id=\"1133\" data-link=\"https:\/\/larevuedespectateurs.artecom.studio\/2019\/planche-9-joseph-lambert\/\" class=\"wp-image-1133\" srcset=\"https:\/\/larevuedespectateurs.artecom.studio\/2019\/wp-content\/uploads\/sites\/2\/2019\/12\/planche-9-Joseph-Lambert-716x1024.jpg 716w, https:\/\/larevuedespectateurs.artecom.studio\/2019\/wp-content\/uploads\/sites\/2\/2019\/12\/planche-9-Joseph-Lambert-210x300.jpg 210w, https:\/\/larevuedespectateurs.artecom.studio\/2019\/wp-content\/uploads\/sites\/2\/2019\/12\/planche-9-Joseph-Lambert-768x1098.jpg 768w, https:\/\/larevuedespectateurs.artecom.studio\/2019\/wp-content\/uploads\/sites\/2\/2019\/12\/planche-9-Joseph-Lambert.jpg 863w\" sizes=\"auto, (max-width: 716px) 100vw, 716px\" \/><\/figure><\/li><li class=\"blocks-gallery-item\"><figure><img loading=\"lazy\" decoding=\"async\" width=\"716\" height=\"1024\" src=\"https:\/\/larevuedespectateurs.artecom.studio\/2019\/wp-content\/uploads\/sites\/2\/2019\/12\/planche-15-Joseph-Lambert-1-716x1024.jpg\" alt=\"\" data-id=\"1135\" data-link=\"https:\/\/larevuedespectateurs.artecom.studio\/2019\/?attachment_id=1135\" class=\"wp-image-1135\" srcset=\"https:\/\/larevuedespectateurs.artecom.studio\/2019\/wp-content\/uploads\/sites\/2\/2019\/12\/planche-15-Joseph-Lambert-1-716x1024.jpg 716w, https:\/\/larevuedespectateurs.artecom.studio\/2019\/wp-content\/uploads\/sites\/2\/2019\/12\/planche-15-Joseph-Lambert-1-210x300.jpg 210w, https:\/\/larevuedespectateurs.artecom.studio\/2019\/wp-content\/uploads\/sites\/2\/2019\/12\/planche-15-Joseph-Lambert-1-768x1098.jpg 768w, https:\/\/larevuedespectateurs.artecom.studio\/2019\/wp-content\/uploads\/sites\/2\/2019\/12\/planche-15-Joseph-Lambert-1.jpg 800w\" sizes=\"auto, (max-width: 716px) 100vw, 716px\" \/><\/figure><\/li><\/ul>\n\n\n\n<hr class=\"wp-block-separator\" \/>\n\n\n\n<h2 class=\"wp-block-heading\">Tra\u00eener des heures au salon de la BD<\/h2>\n\n\n\n<p class=\"has-drop-cap\">Le salon de la bande-dessin\u00e9e \u00e0 pris place dans le Hall Comminges. Une v\u00e9ritable \u00eele aux tr\u00e9sors ! <br>Des stands de maisons d&rsquo;\u00e9ditions ou d&rsquo;auteurs ind\u00e9pendants de tout les c\u00f4t\u00e9s, un espace de cr\u00e9ation pour les plus jeunes : d\u00e9fouloir de gribouillis sur une vitre et atelier, un plus sage, d&rsquo;origamis. Une ambiance joyeuse et d\u00e9tendue y r\u00e9gnait, et il \u00e9tait tentant de passer des heures \u00e0 discuter avec les visiteurs comme les artistes, autour d&rsquo;un livre ou d&rsquo;un verre.<\/p>\n\n\n\n<ul class=\"wp-block-gallery columns-4 is-cropped wp-block-gallery-3 is-layout-flex wp-block-gallery-is-layout-flex\"><li class=\"blocks-gallery-item\"><figure><img loading=\"lazy\" decoding=\"async\" width=\"1024\" height=\"751\" src=\"https:\/\/larevuedespectateurs.artecom.studio\/2019\/wp-content\/uploads\/sites\/2\/2019\/12\/DSC02078bis-1024x751.jpg\" alt=\"\" data-id=\"1138\" data-link=\"https:\/\/larevuedespectateurs.artecom.studio\/2019\/dsc02078bis\/\" class=\"wp-image-1138\" srcset=\"https:\/\/larevuedespectateurs.artecom.studio\/2019\/wp-content\/uploads\/sites\/2\/2019\/12\/DSC02078bis-1024x751.jpg 1024w, https:\/\/larevuedespectateurs.artecom.studio\/2019\/wp-content\/uploads\/sites\/2\/2019\/12\/DSC02078bis-300x220.jpg 300w, https:\/\/larevuedespectateurs.artecom.studio\/2019\/wp-content\/uploads\/sites\/2\/2019\/12\/DSC02078bis-768x563.jpg 768w, https:\/\/larevuedespectateurs.artecom.studio\/2019\/wp-content\/uploads\/sites\/2\/2019\/12\/DSC02078bis.jpg 1163w\" sizes=\"auto, (max-width: 1024px) 100vw, 1024px\" \/><figcaption>Vue du salon de la bande-dessin\u00e9e &#8211; cr\u00e9dits photo Emilie Deschamps<\/figcaption><\/figure><\/li><li class=\"blocks-gallery-item\"><figure><img loading=\"lazy\" decoding=\"async\" width=\"1024\" height=\"788\" src=\"https:\/\/larevuedespectateurs.artecom.studio\/2019\/wp-content\/uploads\/sites\/2\/2019\/12\/DSC02077bis-1024x788.jpg\" alt=\"\" data-id=\"1137\" data-link=\"https:\/\/larevuedespectateurs.artecom.studio\/2019\/dsc02077bis\/\" class=\"wp-image-1137\" srcset=\"https:\/\/larevuedespectateurs.artecom.studio\/2019\/wp-content\/uploads\/sites\/2\/2019\/12\/DSC02077bis-1024x788.jpg 1024w, https:\/\/larevuedespectateurs.artecom.studio\/2019\/wp-content\/uploads\/sites\/2\/2019\/12\/DSC02077bis-300x231.jpg 300w, https:\/\/larevuedespectateurs.artecom.studio\/2019\/wp-content\/uploads\/sites\/2\/2019\/12\/DSC02077bis-768x591.jpg 768w, https:\/\/larevuedespectateurs.artecom.studio\/2019\/wp-content\/uploads\/sites\/2\/2019\/12\/DSC02077bis.jpg 1199w\" sizes=\"auto, (max-width: 1024px) 100vw, 1024px\" \/><figcaption>Vue du salon de la bande-dessin\u00e9e &#8211; cr\u00e9dits photo Emilie Deschamps<\/figcaption><\/figure><\/li><li class=\"blocks-gallery-item\"><figure><img loading=\"lazy\" decoding=\"async\" width=\"1024\" height=\"767\" src=\"https:\/\/larevuedespectateurs.artecom.studio\/2019\/wp-content\/uploads\/sites\/2\/2019\/12\/DSC02079bis-1024x767.jpg\" alt=\"\" data-id=\"1139\" data-link=\"https:\/\/larevuedespectateurs.artecom.studio\/2019\/dsc02079bis\/\" class=\"wp-image-1139\" srcset=\"https:\/\/larevuedespectateurs.artecom.studio\/2019\/wp-content\/uploads\/sites\/2\/2019\/12\/DSC02079bis-1024x767.jpg 1024w, https:\/\/larevuedespectateurs.artecom.studio\/2019\/wp-content\/uploads\/sites\/2\/2019\/12\/DSC02079bis-300x225.jpg 300w, https:\/\/larevuedespectateurs.artecom.studio\/2019\/wp-content\/uploads\/sites\/2\/2019\/12\/DSC02079bis-768x575.jpg 768w, https:\/\/larevuedespectateurs.artecom.studio\/2019\/wp-content\/uploads\/sites\/2\/2019\/12\/DSC02079bis.jpg 1213w\" sizes=\"auto, (max-width: 1024px) 100vw, 1024px\" \/><figcaption>Vue du salon de la bande dessin\u00e9e &#8211; cr\u00e9dits photo Emilie Deschamps<\/figcaption><\/figure><\/li><li class=\"blocks-gallery-item\"><figure><img loading=\"lazy\" decoding=\"async\" width=\"1024\" height=\"768\" src=\"https:\/\/larevuedespectateurs.artecom.studio\/2019\/wp-content\/uploads\/sites\/2\/2019\/12\/DSC02080bis-1024x768.jpg\" alt=\"\" data-id=\"1140\" data-link=\"https:\/\/larevuedespectateurs.artecom.studio\/2019\/dsc02080bis\/\" class=\"wp-image-1140\" srcset=\"https:\/\/larevuedespectateurs.artecom.studio\/2019\/wp-content\/uploads\/sites\/2\/2019\/12\/DSC02080bis-1024x768.jpg 1024w, https:\/\/larevuedespectateurs.artecom.studio\/2019\/wp-content\/uploads\/sites\/2\/2019\/12\/DSC02080bis-300x225.jpg 300w, https:\/\/larevuedespectateurs.artecom.studio\/2019\/wp-content\/uploads\/sites\/2\/2019\/12\/DSC02080bis-768x576.jpg 768w, https:\/\/larevuedespectateurs.artecom.studio\/2019\/wp-content\/uploads\/sites\/2\/2019\/12\/DSC02080bis.jpg 1400w\" sizes=\"auto, (max-width: 1024px) 100vw, 1024px\" \/><figcaption>Christophe Girard, le dessinateur de la BD Ismahane (Les enfants rouges, 2011) en d\u00e9dicace &#8211; cr\u00e9dits photo Emilie Deschamps<\/figcaption><\/figure><\/li><\/ul>\n\n\n\n<hr class=\"wp-block-separator\" \/>\n\n\n\n<h2 class=\"wp-block-heading\">S\u2019esclaffer devant le match d&rsquo;impros d\u00e9lirant de la compagnie de th\u00e9\u00e2tre Trio d&rsquo;Impro<\/h2>\n\n\n\n<p class=\"has-drop-cap\">Le principe du jeu est simple : m\u00eal\u00e9 dessin live, improvisation et th\u00e9\u00e2tre participatif. Tout d&rsquo;abord les personnages : trois com\u00e9diens remont\u00e9s \u00e0 blocs, un dessinateur efficace et un public inspir\u00e9 et inspirant. Le tout donne un spectacle interactif hilarant \u00e0 partager en famille ou entre amis !<br>Le public d\u00e9pose \u00e0 l&rsquo;entr\u00e9e des id\u00e9es, des mots, des expressions dans un chapeau. Le dessinateur et ma\u00eetre du jeu s\u00e9lectionne un papier, propose en quelques minutes trois interpr\u00e9tations dessin\u00e9es sur une tablette num\u00e9rique du th\u00e8me, projet\u00e9es en direct sur un \u00e9cran en fond de sc\u00e8ne. Puis le public vote pour le croquis qu&rsquo;il voudrait voir jouer en improvisation par les com\u00e9diens. Fou rire assur\u00e9s&#8230; ! <\/p>\n\n\n\n<p>La prochaine date de la compagnie Trio d&rsquo;Impro : le mercredi 18 d\u00e9cembre, 20h30 \u00e0 la Com\u00e9die de Toulouse. <a href=\"https:\/\/www.trio-dimpro.fr\/quand\">Pour en savoir plus c&rsquo;est par ici<\/a>.<\/p>\n\n\n\n<div style=\"height:100px\" aria-hidden=\"true\" class=\"wp-block-spacer\"><\/div>\n\n\n\n<ul class=\"wp-block-gallery columns-2 is-cropped wp-block-gallery-4 is-layout-flex wp-block-gallery-is-layout-flex\"><li class=\"blocks-gallery-item\"><figure><img loading=\"lazy\" decoding=\"async\" width=\"1024\" height=\"942\" src=\"https:\/\/larevuedespectateurs.artecom.studio\/2019\/wp-content\/uploads\/sites\/2\/2019\/12\/DSC02085bis-1024x942.jpg\" alt=\"\" data-id=\"1151\" data-link=\"https:\/\/larevuedespectateurs.artecom.studio\/2019\/?attachment_id=1151\" class=\"wp-image-1151\" srcset=\"https:\/\/larevuedespectateurs.artecom.studio\/2019\/wp-content\/uploads\/sites\/2\/2019\/12\/DSC02085bis-1024x942.jpg 1024w, https:\/\/larevuedespectateurs.artecom.studio\/2019\/wp-content\/uploads\/sites\/2\/2019\/12\/DSC02085bis-300x276.jpg 300w, https:\/\/larevuedespectateurs.artecom.studio\/2019\/wp-content\/uploads\/sites\/2\/2019\/12\/DSC02085bis-768x707.jpg 768w, https:\/\/larevuedespectateurs.artecom.studio\/2019\/wp-content\/uploads\/sites\/2\/2019\/12\/DSC02085bis.jpg 1400w\" sizes=\"auto, (max-width: 1024px) 100vw, 1024px\" \/><figcaption>Dessin live &#8211; cr\u00e9dits photo Emile Deschamps<\/figcaption><\/figure><\/li><li class=\"blocks-gallery-item\"><figure><img loading=\"lazy\" decoding=\"async\" width=\"1024\" height=\"799\" src=\"https:\/\/larevuedespectateurs.artecom.studio\/2019\/wp-content\/uploads\/sites\/2\/2019\/12\/DSC02086bis-1024x799.jpg\" alt=\"\" data-id=\"1152\" data-link=\"https:\/\/larevuedespectateurs.artecom.studio\/2019\/?attachment_id=1152\" class=\"wp-image-1152\" srcset=\"https:\/\/larevuedespectateurs.artecom.studio\/2019\/wp-content\/uploads\/sites\/2\/2019\/12\/DSC02086bis-1024x799.jpg 1024w, https:\/\/larevuedespectateurs.artecom.studio\/2019\/wp-content\/uploads\/sites\/2\/2019\/12\/DSC02086bis-300x234.jpg 300w, https:\/\/larevuedespectateurs.artecom.studio\/2019\/wp-content\/uploads\/sites\/2\/2019\/12\/DSC02086bis-768x600.jpg 768w, https:\/\/larevuedespectateurs.artecom.studio\/2019\/wp-content\/uploads\/sites\/2\/2019\/12\/DSC02086bis.jpg 1400w\" sizes=\"auto, (max-width: 1024px) 100vw, 1024px\" \/><figcaption>Match d&rsquo;impro &#8211; cr\u00e9dits photo Emilie Deschamps<\/figcaption><\/figure><\/li><\/ul>\n\n\n\n<hr class=\"wp-block-separator\" \/>\n\n\n\n<h2 class=\"wp-block-heading\">Mais encore&#8230;<\/h2>\n\n\n\n<p class=\"has-drop-cap\">Spectacle de danse-dessin live, conte dessin\u00e9, concert dessin\u00e9, films d&rsquo;animation. Le m\u00e9lange des arts \u00e9tait au rendez-vous ! <br>Deux films phares de cette ann\u00e9e 2019 ont \u00e9t\u00e9 projet\u00e9s au cin\u00e9ma le Central : <em>La fameuse invasion des ours en Sicile<\/em> de Lorenzo Mattotti et <em>J&rsquo;ai perdu mon corps<\/em> de Quentin Reubrecht (grand prix de la semaine de la critique au festival de Cannes et prix Cristal du Long m\u00e9trage au festival de film d&rsquo;animation d&rsquo;Annecy). Les festivaliers ont pu avoir la chance d&rsquo;\u00e9changer avec le storyboarder animatique Quentin Reubrecht apr\u00e8s la projection. <\/p>\n\n\n\n<figure class=\"wp-block-embed-youtube wp-block-embed is-type-video is-provider-youtube wp-embed-aspect-16-9 wp-has-aspect-ratio\"><div class=\"wp-block-embed__wrapper\">\n<iframe loading=\"lazy\" title=\"Bande annonce officielle de J&#039;ai perdu mon corps de J\u00e9r\u00e9my Clapin\" width=\"800\" height=\"450\" src=\"https:\/\/www.youtube.com\/embed\/RTf-11SpSf0?feature=oembed\" frameborder=\"0\" allow=\"accelerometer; autoplay; encrypted-media; gyroscope; picture-in-picture\" allowfullscreen><\/iframe>\n<\/div><figcaption>Bande annonce officielle de<em> J&rsquo;ai perdu mon corps<\/em> de J\u00e9r\u00e9my Clapin, 2019<\/figcaption><\/figure>\n\n\n\n<div style=\"height:100px\" aria-hidden=\"true\" class=\"wp-block-spacer\"><\/div>\n\n\n\n<div class=\"wp-block-media-text has-media-on-the-right\" style=\"grid-template-columns:auto 32%\"><figure class=\"wp-block-media-text__media\"><img loading=\"lazy\" decoding=\"async\" width=\"1024\" height=\"737\" src=\"https:\/\/larevuedespectateurs.artecom.studio\/2019\/wp-content\/uploads\/sites\/2\/2019\/12\/DSC02065bis-1024x737.jpg\" alt=\"\" class=\"wp-image-1156\" srcset=\"https:\/\/larevuedespectateurs.artecom.studio\/2019\/wp-content\/uploads\/sites\/2\/2019\/12\/DSC02065bis-1024x737.jpg 1024w, https:\/\/larevuedespectateurs.artecom.studio\/2019\/wp-content\/uploads\/sites\/2\/2019\/12\/DSC02065bis-300x216.jpg 300w, https:\/\/larevuedespectateurs.artecom.studio\/2019\/wp-content\/uploads\/sites\/2\/2019\/12\/DSC02065bis-768x553.jpg 768w, https:\/\/larevuedespectateurs.artecom.studio\/2019\/wp-content\/uploads\/sites\/2\/2019\/12\/DSC02065bis.jpg 1200w\" sizes=\"auto, (max-width: 1024px) 100vw, 1024px\" \/><\/figure><div class=\"wp-block-media-text__content\">\n<p class=\"has-drop-cap\"> Mais aussi des ateliers et animations destin\u00e9s au jeune public, au famille : \u00ab\u00a0lectures petites oreilles\u00a0\u00bb, m\u00e9diation autour des techniques plastiques et multim\u00e9dia&#8230; Un tr\u00e8s bonne mani\u00e8re d&rsquo;\u00e9duquer les plus jeunes aux images et d\u00e9ployer l&rsquo;imagination de chacun.<br>Sans oublier les promenades dessin\u00e9es : de grandes fresques urbaines participatives r\u00e9alis\u00e9es dans les rues de Colomiers en compagnie des illustrateurs Mina Hamada et Matthias Picard. Pour les admirer c&rsquo;est par <a href=\"https:\/\/www.bdcolomiers.com\/festival-2019\/les-expositions\/les-promenades-dessinees-924.html\">ici <\/a>!<br><br>  Enfin pour un public plus averti, professionnel ou pour ceux qui souhaitaient s&rsquo;aventurer plus avant dans l&rsquo;univers de la bande-dessin\u00e9e des rencontres et masterclass ont \u00e9t\u00e9 organis\u00e9s avec des artistes, des professionnels de l&rsquo;illustration, du cin\u00e9ma d&rsquo;animation. <br>Un focus a notamment \u00e9t\u00e9 fait sur les femmes dans le 9\u00e8me art : Alexandra Zsigmond retrace dans une conf\u00e9rence son parcours professionnel de directrice artistique au New York Times \u00e0 ses activit\u00e9s artistiques personnelles ; mais aussi Catherine Meurisse dessinatrice de presse et autrice de bande-dessin\u00e9es pour \u00ab\u00a0Charlie Hebdo\u00a0\u00bb jusqu&rsquo;en 2015, est venu pr\u00e9senter son dernier album <em>Les grands espaces <\/em>(Dargaud, 2018) \u00e9crit \u00e0 la suite des attentats.  <\/p>\n<\/div><\/div>\n\n\n\n<hr class=\"wp-block-separator\" \/>\n\n\n\n<p class=\"has-text-color has-background has-very-dark-gray-color has-pale-pink-background-color\">Si vous avez l&rsquo;impression d&rsquo;avoir rater THE festival de bande-dessin\u00e9e en r\u00e9gion Occitanie ne vous biler pas ! L&rsquo;avantage de cet \u00e9v\u00e9nement c&rsquo;est qu&rsquo;il est annuel ! Alors rendez-vous l&rsquo;ann\u00e9e prochaine \u00e0 Colomiers du 13 au 15 novembre 2020.<br>Quant \u00e0 moi je vous dis au mois prochain pour un nouvel article sur la vie culturelle et artistique de Toulouse et d&rsquo;ailleurs  !<\/p>\n","protected":false},"excerpt":{"rendered":"<p>Le Festival de la bande-dessin\u00e9e de Colomiers s&rsquo;est d\u00e9roul\u00e9 les 15, 16 et 17 novembre 2019. Un rendez-vous annuel depuis<\/p>\n","protected":false},"author":8,"featured_media":913,"comment_status":"open","ping_status":"open","sticky":false,"template":"","format":"standard","meta":{"colormag_page_container_layout":"default_layout","colormag_page_sidebar_layout":"default_layout","footnotes":""},"categories":[10,1],"tags":[],"class_list":["post-909","post","type-post","status-publish","format-standard","has-post-thumbnail","hentry","category-festival","category-general"],"_links":{"self":[{"href":"https:\/\/larevuedespectateurs.artecom.studio\/2019\/wp-json\/wp\/v2\/posts\/909","targetHints":{"allow":["GET"]}}],"collection":[{"href":"https:\/\/larevuedespectateurs.artecom.studio\/2019\/wp-json\/wp\/v2\/posts"}],"about":[{"href":"https:\/\/larevuedespectateurs.artecom.studio\/2019\/wp-json\/wp\/v2\/types\/post"}],"author":[{"embeddable":true,"href":"https:\/\/larevuedespectateurs.artecom.studio\/2019\/wp-json\/wp\/v2\/users\/8"}],"replies":[{"embeddable":true,"href":"https:\/\/larevuedespectateurs.artecom.studio\/2019\/wp-json\/wp\/v2\/comments?post=909"}],"version-history":[{"count":41,"href":"https:\/\/larevuedespectateurs.artecom.studio\/2019\/wp-json\/wp\/v2\/posts\/909\/revisions"}],"predecessor-version":[{"id":1176,"href":"https:\/\/larevuedespectateurs.artecom.studio\/2019\/wp-json\/wp\/v2\/posts\/909\/revisions\/1176"}],"wp:featuredmedia":[{"embeddable":true,"href":"https:\/\/larevuedespectateurs.artecom.studio\/2019\/wp-json\/wp\/v2\/media\/913"}],"wp:attachment":[{"href":"https:\/\/larevuedespectateurs.artecom.studio\/2019\/wp-json\/wp\/v2\/media?parent=909"}],"wp:term":[{"taxonomy":"category","embeddable":true,"href":"https:\/\/larevuedespectateurs.artecom.studio\/2019\/wp-json\/wp\/v2\/categories?post=909"},{"taxonomy":"post_tag","embeddable":true,"href":"https:\/\/larevuedespectateurs.artecom.studio\/2019\/wp-json\/wp\/v2\/tags?post=909"}],"curies":[{"name":"wp","href":"https:\/\/api.w.org\/{rel}","templated":true}]}}