{"id":813,"date":"2019-11-18T18:07:44","date_gmt":"2019-11-18T17:07:44","guid":{"rendered":"https:\/\/larevuedespectateurs.artecom.studio\/2019\/?p=813"},"modified":"2019-11-18T18:07:44","modified_gmt":"2019-11-18T17:07:44","slug":"ni-muses-ni-soumises-mettre-en-avant-les-femmes-dans-le-domaine-artistique","status":"publish","type":"post","link":"https:\/\/larevuedespectateurs.artecom.studio\/2019\/2019\/11\/18\/ni-muses-ni-soumises-mettre-en-avant-les-femmes-dans-le-domaine-artistique\/","title":{"rendered":"\u00ab\u00a0Ni muses, ni soumises\u00a0\u00bb : mettre en avant les femmes dans le domaine artistique"},"content":{"rendered":"\n<p class=\"has-text-color has-background has-very-dark-gray-color has-very-light-gray-background-color\"><em>MACLA, une association qui milite contre les discriminations et les in\u00e9galit\u00e9s sociales, met en lumi\u00e8re les femmes du monde artistique qui transgressent les normes patriarcales. La place des femmes dans le discours artistique a \u00e9t\u00e9 bien trop souvent invisibilis\u00e9. L&rsquo;exposition \u00ab&nbsp;Ni muses, ni soumises&nbsp;\u00bb nous r\u00e9v\u00e8le la place et l&rsquo;importance des femmes dans la cr\u00e9ation artistique, longtemps consid\u00e9r\u00e9es comme inf\u00e9rieures. Souvent m\u00e9pris\u00e9es dans le domaine de l&rsquo;art, nombreuses femmes vont au del\u00e0 des normes sociales et se forgent une place en tant qu&rsquo;artiste \u00e0 part enti\u00e8re. <\/em><\/p>\n\n\n\n<h2 class=\"wp-block-heading\">Le Zig-Zag : un bar culturel<\/h2>\n\n\n\n<p> Lors de mon s\u00e9jour \u00e0 Bordeaux j&rsquo;ai eu la possibilit\u00e9 de me rendre au vernissage de \u00ab\u00a0Ni muses, ni soumises : artistes\u00a0\u00bb au Zig Zag Caf\u00e9.<\/p>\n\n\n\n<p>  Ce lieu tout \u00e0 fait \u00e9clectique permet au public d&rsquo;acc\u00e9der \u00e0 une offre culturelle diverse, entre des sessions concerts, ou bien des caf\u00e9s d\u00e9bats autours de nombreuses th\u00e9matiques socio-culturelles s&rsquo;ajoutent des expositions. En effet ce lieu gorg\u00e9 d&rsquo;offres culturelles plus int\u00e9ressantes les unes que les autres met \u00e0 l&rsquo;honneur un ou une nouvelle artiste chaque mois permettant un renouvellement artistique et cr\u00e9atif r\u00e9gulier qui est tr\u00e8s plaisant. Le petit bar dans la pierre bordelaise offre une compagnie chaleureuse et propice \u00e0 la curiosit\u00e9. <\/p>\n\n\n\n<p> Dans le cadre de la quinzaine de l&rsquo;in\u00e9galit\u00e9 et des discriminations, l&rsquo;association MACLA  offre au caf\u00e9 Zig-Zag une exposition mettant en avant les femmes artistes bien trop souvent mises de c\u00f4t\u00e9&#8230; L\u2019\u00e9v\u00e9nement s&rsquo;inscrit dans un projet collectif et solidaire visant \u00e0 promouvoir le r\u00f4le des femmes dans le discours artistiques. <\/p>\n\n\n\n<h2 class=\"wp-block-heading\">\u00ab\u00a0C&rsquo;est un crime d&rsquo;\u00eatre une femme et d&rsquo;avoir du talent\u00a0\u00bb <\/h2>\n\n\n\n<figure class=\"wp-block-image\"><img loading=\"lazy\" decoding=\"async\" width=\"566\" height=\"800\" src=\"https:\/\/larevuedespectateurs.artecom.studio\/2019\/wp-content\/uploads\/sites\/2\/2019\/11\/1420819_1_1.jpg\" alt=\"\" class=\"wp-image-861\" srcset=\"https:\/\/larevuedespectateurs.artecom.studio\/2019\/wp-content\/uploads\/sites\/2\/2019\/11\/1420819_1_1.jpg 566w, https:\/\/larevuedespectateurs.artecom.studio\/2019\/wp-content\/uploads\/sites\/2\/2019\/11\/1420819_1_1-212x300.jpg 212w\" sizes=\"auto, (max-width: 566px) 100vw, 566px\" \/><\/figure>\n\n\n\n<p>J&rsquo;ai d&rsquo;abord fais une rapide d\u00e9couverte des nombreuses \u0153uvres picturales des artistes expos\u00e9es. Puis j&rsquo;ai assist\u00e9 \u00e0 la performance d&rsquo;une des artistes Patricia Hou\u00e9fa Grange, qui voulait montrer l&rsquo;importance d&rsquo;assumer son cheveux africain naturel. Elle nous a fait partager son exp\u00e9rience personnelle \u00e0 travers un po\u00e8me poignant de Victoria Santa Cruz sur la condition de la femme noire dans les ann\u00e9es 60. <\/p>\n\n\n\n<p>La suite du vernissage a pris la forme d&rsquo;un concert d&rsquo;une chilienne faisant l&rsquo;hommage \u00e0 Violeta Parra, artiste femme engag\u00e9e pour la sauvegarde du folklore artistique chilien. <\/p>\n\n\n\n<p>Lors du vernissage, l&rsquo;artiste m&rsquo;a faite d\u00e9couvrir l\u2019univers de Violeta Parra. Cette derni\u00e8re apporta une grande richesse culturelle au P\u00e9rou. En tant qu&rsquo;artiste compl\u00e8te et complexe elle est la seule artiste femme p\u00e9ruvienne \u00e0 avoir \u00e9t\u00e9 expos\u00e9e au Louvre. Musicalement engag\u00e9e et ayant une conscience sociale elle d\u00e9crit, \u00e0 l&rsquo;\u00e9poque, la condition r\u00e9elle de la population dans son pays. <\/p>\n\n\n\n<h2 class=\"wp-block-heading\">Un v\u00e9ritable questionnement de la logique patriarcale et ethnique<\/h2>\n\n\n\n<p>Pour moi, l&rsquo;objectif de l&rsquo;exposition permet de d\u00e9noncer l&rsquo;hyper-repr\u00e9sentation des hommes dans le monde artistiques qui d\u00e9laisse les femmes ou les r\u00e9duit \u00e0 un statut de \u00ab\u00a0muse\u00a0\u00bb. Ce projet est particuli\u00e8rement tourn\u00e9 vers les femmes issues de communaut\u00e9s ethnique minoritaires. Pour moi cette exposition ne permet pas seulement de mettre le doigt sur la r\u00e9alit\u00e9 sexiste pr\u00e9sente dans l&rsquo;art. Mais elle permet aussi de mettre en lumi\u00e8re la question de l&rsquo;alt\u00e9rit\u00e9. En effet les personnages mises en avant lors du vernissage, en plus d&rsquo;\u00eatre des femmes, \u00e9taient issues de communaut\u00e9s ethniques minoritaires par exemple afro-p\u00e9ruvienne pour Patricia Hou\u00e9fa Grange.<\/p>\n\n\n\n<p style=\"text-align:right\"><em>Il est possible de retrouver l&rsquo;exposition jusqu&rsquo;au 28 novembre au bar du Zig-Zag \u00e0 Bordeaux<\/em><\/p>\n","protected":false},"excerpt":{"rendered":"<p>MACLA, une association qui milite contre les discriminations et les in\u00e9galit\u00e9s sociales, met en lumi\u00e8re les femmes du monde artistique<\/p>\n","protected":false},"author":11,"featured_media":0,"comment_status":"closed","ping_status":"open","sticky":false,"template":"","format":"standard","meta":{"colormag_page_container_layout":"no_sidebar_content_centered","colormag_page_sidebar_layout":"no_sidebar","footnotes":""},"categories":[11,5],"tags":[],"class_list":["post-813","post","type-post","status-publish","format-standard","hentry","category-cafe-culturel","category-exposition"],"_links":{"self":[{"href":"https:\/\/larevuedespectateurs.artecom.studio\/2019\/wp-json\/wp\/v2\/posts\/813","targetHints":{"allow":["GET"]}}],"collection":[{"href":"https:\/\/larevuedespectateurs.artecom.studio\/2019\/wp-json\/wp\/v2\/posts"}],"about":[{"href":"https:\/\/larevuedespectateurs.artecom.studio\/2019\/wp-json\/wp\/v2\/types\/post"}],"author":[{"embeddable":true,"href":"https:\/\/larevuedespectateurs.artecom.studio\/2019\/wp-json\/wp\/v2\/users\/11"}],"replies":[{"embeddable":true,"href":"https:\/\/larevuedespectateurs.artecom.studio\/2019\/wp-json\/wp\/v2\/comments?post=813"}],"version-history":[{"count":18,"href":"https:\/\/larevuedespectateurs.artecom.studio\/2019\/wp-json\/wp\/v2\/posts\/813\/revisions"}],"predecessor-version":[{"id":900,"href":"https:\/\/larevuedespectateurs.artecom.studio\/2019\/wp-json\/wp\/v2\/posts\/813\/revisions\/900"}],"wp:attachment":[{"href":"https:\/\/larevuedespectateurs.artecom.studio\/2019\/wp-json\/wp\/v2\/media?parent=813"}],"wp:term":[{"taxonomy":"category","embeddable":true,"href":"https:\/\/larevuedespectateurs.artecom.studio\/2019\/wp-json\/wp\/v2\/categories?post=813"},{"taxonomy":"post_tag","embeddable":true,"href":"https:\/\/larevuedespectateurs.artecom.studio\/2019\/wp-json\/wp\/v2\/tags?post=813"}],"curies":[{"name":"wp","href":"https:\/\/api.w.org\/{rel}","templated":true}]}}