{"id":636,"date":"2019-12-07T09:30:00","date_gmt":"2019-12-07T08:30:00","guid":{"rendered":"https:\/\/larevuedespectateurs.artecom.studio\/2019\/?p=636"},"modified":"2019-12-07T11:12:42","modified_gmt":"2019-12-07T10:12:42","slug":"emotions-fortes-avec-le-film-apollo-11-a-la-cite-de-lespace-pour-lannee-lune","status":"publish","type":"post","link":"https:\/\/larevuedespectateurs.artecom.studio\/2019\/2019\/12\/07\/emotions-fortes-avec-le-film-apollo-11-a-la-cite-de-lespace-pour-lannee-lune\/","title":{"rendered":"\u00c9motions fortes avec le film Apollo 11 \u00e0 la Cit\u00e9 de l&rsquo;espace, pour l&rsquo;ann\u00e9e Lune"},"content":{"rendered":"\n<h2 class=\"wp-block-heading\">Cinquante ans plus tard, un retour en images (de qualit\u00e9) sur une \u00e9pop\u00e9e incroyable!<\/h2>\n\n\n\n<p>Jusqu&rsquo;au 3 novembre 2020 se tient, \u00e0 la Cit\u00e9 de l&rsquo;espace de Toulouse, une exposition d\u00e9di\u00e9e \u00e0 la Lune. Dans ce cadre on retrouve plusieurs espaces consacr\u00e9s \u00e0 l&rsquo;exploration humaine de notre satellite, avec un retour sur les moments cl\u00e9s des missions Apollo, diff\u00e9rentes recherches (pass\u00e9es et pr\u00e9sentes) de la Nasa, des reconstitutions de modules, des images d&rsquo;archives, des activit\u00e9s ludiques&#8230;<\/p>\n\n\n\n<p><a href=\"https:\/\/www.cite-espace.com\/communiques-presse\/2019-annee-lune\/\">L&rsquo;\u00e9v\u00e9nement <\/a><strong><a href=\"https:\/\/www.cite-espace.com\/communiques-presse\/2019-annee-lune\/\">\u00ab\u00a0Lune: \u00e9pisode II\u00a0\u00bb<\/a><\/strong> propose, \u00e0 travers diff\u00e9rents moyens et dans divers espaces une sensibilisation autour de l&rsquo;astre. On retrouve entre autres, jusqu&rsquo;au 31 d\u00e9cembre 2019, le film en IMAX <em><strong>Apollo 11, First Steps<\/strong><\/em> <em><strong>Edition<\/strong><\/em>.<\/p>\n\n\n\n<div class=\"wp-block-image\"><figure class=\"aligncenter\"><img loading=\"lazy\" decoding=\"async\" width=\"350\" height=\"525\" src=\"https:\/\/larevuedespectateurs.artecom.studio\/2019\/wp-content\/uploads\/sites\/2\/2019\/12\/Affiche-apollo-11.jpg\" alt=\"\" class=\"wp-image-1124\" srcset=\"https:\/\/larevuedespectateurs.artecom.studio\/2019\/wp-content\/uploads\/sites\/2\/2019\/12\/Affiche-apollo-11.jpg 350w, https:\/\/larevuedespectateurs.artecom.studio\/2019\/wp-content\/uploads\/sites\/2\/2019\/12\/Affiche-apollo-11-200x300.jpg 200w\" sizes=\"auto, (max-width: 350px) 100vw, 350px\" \/><figcaption>Photo: https:\/\/www.cite-espace.com\/communiques-presse\/apollo-11-first-steps-edition\/<\/figcaption><\/figure><\/div>\n\n\n\n<p>Le r\u00e9alisateur Todd Douglas Miller, dans le cadre d&rsquo;un reportage sur la Nasa, a d\u00e9couvert un nombre impressionnant d&rsquo;archives et d&rsquo;images comprenant des vid\u00e9os et enregistrements audios, \u00e0 la fois des astronautes et des \u00e9quipes au sol.  C&rsquo;est un recueil d&rsquo;images in\u00e9dites film\u00e9es en pellicules 70 mm, d&rsquo;une qualit\u00e9 incroyable (et co\u00fbteuses pour l&rsquo;\u00e9poque!) alors qu&rsquo;en 1969 avaient \u00e9t\u00e9 diffus\u00e9es des images  film\u00e9es en 35 mm.<\/p>\n\n\n\n<figure class=\"wp-block-embed-youtube aligncenter wp-block-embed is-type-video is-provider-youtube wp-embed-aspect-16-9 wp-has-aspect-ratio\"><div class=\"wp-block-embed__wrapper\">\n<iframe loading=\"lazy\" title=\"Apollo 11: First Steps Edition -  Official IMAX Trailer\" width=\"800\" height=\"450\" src=\"https:\/\/www.youtube.com\/embed\/hmzKBk2pQQo?feature=oembed\" frameborder=\"0\" allow=\"accelerometer; autoplay; encrypted-media; gyroscope; picture-in-picture\" allowfullscreen><\/iframe>\n<\/div><\/figure>\n\n\n\n<p>Le documentaire dure une trentaine de minutes et laisse le public sans voix. On replonge dans ce moment unique, o\u00f9 pendant la dur\u00e9e de la mission, le monde entier a retenu son souffle et suivi l&rsquo;aventure avec la plus grande attention.<\/p>\n\n\n\n<p>Vivre ce moment a d\u00fb \u00eatre quelque chose d&rsquo;extraordinaire. <br>Pouvoir voir ces images, imaginer ce qu&rsquo;on pu ressentir les gens qui ont suivi de pr\u00e8s ou de loin cette mission, \u00eatre au plus pr\u00e8s des \u00e9quipes, tout cela contribue \u00e0, aujourd&rsquo;hui encore, ressentir un <strong>immense frisson<\/strong>!<\/p>\n\n\n\n<div class=\"wp-block-image\"><figure class=\"aligncenter\"><img loading=\"lazy\" decoding=\"async\" width=\"350\" height=\"506\" src=\"https:\/\/larevuedespectateurs.artecom.studio\/2019\/wp-content\/uploads\/sites\/2\/2019\/12\/D\u00e9collage-apollo-11-nasa-1.jpg\" alt=\"\" class=\"wp-image-1122\" srcset=\"https:\/\/larevuedespectateurs.artecom.studio\/2019\/wp-content\/uploads\/sites\/2\/2019\/12\/D\u00e9collage-apollo-11-nasa-1.jpg 350w, https:\/\/larevuedespectateurs.artecom.studio\/2019\/wp-content\/uploads\/sites\/2\/2019\/12\/D\u00e9collage-apollo-11-nasa-1-208x300.jpg 208w\" sizes=\"auto, (max-width: 350px) 100vw, 350px\" \/><figcaption>Photo: Nasa<br><\/figcaption><\/figure><\/div>\n\n\n\n<p>Le vendredi 1er novembre 2019, \u00e9tait un jour particuli\u00e8rement mal choisi pour se rendre \u00e0 la Cit\u00e9 de l&rsquo;espace. C&rsquo;\u00e9tait un jour f\u00e9ri\u00e9, plut\u00f4t pluvieux, l&rsquo;occasion r\u00eav\u00e9e pour une sortie en famille&#8230; et celles-ci \u00e9taient nombreuses!<br>Beaucoup de monde \u00e9tait donc pr\u00e9sent, notamment pour d\u00e9couvrir le film <em>Apollo 11, First Steps<\/em> <em>Edition<\/em>.<br>Apr\u00e8s presque une heure dans une file d&rsquo;attente, nous avons (enfin!) pu acc\u00e9der \u00e0 la salle de cin\u00e9ma. Notre patience a \u00e9t\u00e9 r\u00e9compens\u00e9e: le film valait vraiment le d\u00e9tour.<\/p>\n\n\n\n<blockquote class=\"wp-block-quote is-layout-flow wp-block-quote-is-layout-flow\"><p><em>Susciter la curiosit\u00e9, donner l\u2019envie d\u2019en savoir plus, cr\u00e9er des vocations scientifiques, rendre l\u2019espace, l\u2019astronomie et la culture scientifique accessibles \u00e0 tous, tels sont les enjeux de la Cit\u00e9 de l\u2019espace.<\/em><\/p><cite>Cit\u00e9 de l&rsquo;espace<\/cite><\/blockquote>\n\n\n\n<h3 class=\"wp-block-heading\">Un lieu adapt\u00e9 pour accueillir du monde?<\/h3>\n\n\n\n<p>On peut en effet s&rsquo;interroger sur la capacit\u00e9 d&rsquo;accueil du lieu. Tous les espaces \u00e9taient remplis de monde, il y avait de l&rsquo;attente pour beaucoup des activit\u00e9s propos\u00e9es, cela ne semblait pas adapt\u00e9 au nombre de personnes pr\u00e9sentes ce jour-l\u00e0. Par ailleurs, peu d&rsquo;animateurs \u00e9taient pr\u00e9sents pour donner des informations, des conseils, si ce n&rsquo;est sur les lieux d&rsquo;animation de certaines expositions.<br>Pour ce lieu embl\u00e9matique de Toulouse, on aurait aim\u00e9 une meilleure organisation. <br>De la publicit\u00e9 pour l&rsquo;\u00e9v\u00e9nement \u00ab\u00a0Lune: \u00e9pisode II\u00a0\u00bb tr\u00f4ne sur beaucoup de panneaux, en ville et en p\u00e9riph\u00e9rie; on s&rsquo;attend \u00e0 ce que celui-ci soit \u00e0 la hauteur de la communication faite. Or, entre une capacit\u00e9 d&rsquo;accueil limit\u00e9e et un personnel peu impliqu\u00e9, la magie spatiale \u00e0 laquelle on s&rsquo;attend perd de son charme&#8230; <\/p>\n\n\n\n<figure class=\"wp-block-image\"><img loading=\"lazy\" decoding=\"async\" width=\"1024\" height=\"768\" src=\"https:\/\/larevuedespectateurs.artecom.studio\/2019\/wp-content\/uploads\/sites\/2\/2019\/12\/cit\u00e9-de-lespace-1024x768.jpg\" alt=\"\" class=\"wp-image-1118\" srcset=\"https:\/\/larevuedespectateurs.artecom.studio\/2019\/wp-content\/uploads\/sites\/2\/2019\/12\/cit\u00e9-de-lespace-1024x768.jpg 1024w, https:\/\/larevuedespectateurs.artecom.studio\/2019\/wp-content\/uploads\/sites\/2\/2019\/12\/cit\u00e9-de-lespace-300x225.jpg 300w, https:\/\/larevuedespectateurs.artecom.studio\/2019\/wp-content\/uploads\/sites\/2\/2019\/12\/cit\u00e9-de-lespace-768x576.jpg 768w, https:\/\/larevuedespectateurs.artecom.studio\/2019\/wp-content\/uploads\/sites\/2\/2019\/12\/cit\u00e9-de-lespace.jpg 1280w\" sizes=\"auto, (max-width: 1024px) 100vw, 1024px\" \/><figcaption>Photo: Lucile de la morena<\/figcaption><\/figure>\n\n\n\n<p class=\"has-medium-font-size\">Un film <strong>extraordinaire<\/strong> retra\u00e7ant un moment <strong>intense<\/strong>, mais une <strong>d\u00e9ception<\/strong> quant au lieu, son accessibilit\u00e9 et son hospitalit\u00e9&#8230;<\/p>\n","protected":false},"excerpt":{"rendered":"<p>Cinquante ans plus tard, un retour en images (de qualit\u00e9) sur une \u00e9pop\u00e9e incroyable! Jusqu&rsquo;au 3 novembre 2020 se tient,<\/p>\n","protected":false},"author":14,"featured_media":1118,"comment_status":"open","ping_status":"open","sticky":false,"template":"","format":"standard","meta":{"colormag_page_container_layout":"default_layout","colormag_page_sidebar_layout":"default_layout","footnotes":""},"categories":[8,3],"tags":[],"class_list":["post-636","post","type-post","status-publish","format-standard","has-post-thumbnail","hentry","category-cinema","category-musee"],"_links":{"self":[{"href":"https:\/\/larevuedespectateurs.artecom.studio\/2019\/wp-json\/wp\/v2\/posts\/636","targetHints":{"allow":["GET"]}}],"collection":[{"href":"https:\/\/larevuedespectateurs.artecom.studio\/2019\/wp-json\/wp\/v2\/posts"}],"about":[{"href":"https:\/\/larevuedespectateurs.artecom.studio\/2019\/wp-json\/wp\/v2\/types\/post"}],"author":[{"embeddable":true,"href":"https:\/\/larevuedespectateurs.artecom.studio\/2019\/wp-json\/wp\/v2\/users\/14"}],"replies":[{"embeddable":true,"href":"https:\/\/larevuedespectateurs.artecom.studio\/2019\/wp-json\/wp\/v2\/comments?post=636"}],"version-history":[{"count":24,"href":"https:\/\/larevuedespectateurs.artecom.studio\/2019\/wp-json\/wp\/v2\/posts\/636\/revisions"}],"predecessor-version":[{"id":1204,"href":"https:\/\/larevuedespectateurs.artecom.studio\/2019\/wp-json\/wp\/v2\/posts\/636\/revisions\/1204"}],"wp:featuredmedia":[{"embeddable":true,"href":"https:\/\/larevuedespectateurs.artecom.studio\/2019\/wp-json\/wp\/v2\/media\/1118"}],"wp:attachment":[{"href":"https:\/\/larevuedespectateurs.artecom.studio\/2019\/wp-json\/wp\/v2\/media?parent=636"}],"wp:term":[{"taxonomy":"category","embeddable":true,"href":"https:\/\/larevuedespectateurs.artecom.studio\/2019\/wp-json\/wp\/v2\/categories?post=636"},{"taxonomy":"post_tag","embeddable":true,"href":"https:\/\/larevuedespectateurs.artecom.studio\/2019\/wp-json\/wp\/v2\/tags?post=636"}],"curies":[{"name":"wp","href":"https:\/\/api.w.org\/{rel}","templated":true}]}}