{"id":1962,"date":"2020-02-21T12:09:13","date_gmt":"2020-02-21T11:09:13","guid":{"rendered":"https:\/\/larevuedespectateurs.artecom.studio\/2019\/?p=1962"},"modified":"2020-02-21T12:09:14","modified_gmt":"2020-02-21T11:09:14","slug":"cite-de-lespace-lunivers-a-portee-de-main","status":"publish","type":"post","link":"https:\/\/larevuedespectateurs.artecom.studio\/2019\/2020\/02\/21\/cite-de-lespace-lunivers-a-portee-de-main\/","title":{"rendered":"Cit\u00e9 de l&rsquo;espace : l&rsquo;univers \u00e0 port\u00e9e de main"},"content":{"rendered":"\n<p><em>Inaugur\u00e9e en 1997, la Cit\u00e9 de l&rsquo;espace est peu \u00e0 peu devenue un lieu incontournable de la culture scientifique en Occitanie, aid\u00e9e en cela par le bassin \u00e9conomique particulier de Toulouse, son lieu d&rsquo;implantation. La ville rose est en effet un bastion europ\u00e9en incontournable pour la recherche a\u00e9rospatiale, et ce n&rsquo;est pas pour rien que Thomas Pesquet, devenu une v\u00e9ritable vedette depuis qu&rsquo;il a s\u00e9journ\u00e9 dans l&rsquo;espace, est issu d&rsquo;une formation toulousaine, \u00e0 Supa\u00e9ro.<\/em><\/p>\n\n\n\n<div class=\"wp-block-image\"><figure class=\"aligncenter is-resized\"><img loading=\"lazy\" decoding=\"async\" src=\"https:\/\/larevuedespectateurs.artecom.studio\/2019\/wp-content\/uploads\/sites\/2\/2020\/02\/apollo2-1024x1014.jpg\" alt=\"\" class=\"wp-image-1972\" width=\"304\" height=\"301\" srcset=\"https:\/\/larevuedespectateurs.artecom.studio\/2019\/wp-content\/uploads\/sites\/2\/2020\/02\/apollo2-1024x1014.jpg 1024w, https:\/\/larevuedespectateurs.artecom.studio\/2019\/wp-content\/uploads\/sites\/2\/2020\/02\/apollo2-150x150.jpg 150w, https:\/\/larevuedespectateurs.artecom.studio\/2019\/wp-content\/uploads\/sites\/2\/2020\/02\/apollo2-300x297.jpg 300w, https:\/\/larevuedespectateurs.artecom.studio\/2019\/wp-content\/uploads\/sites\/2\/2020\/02\/apollo2-768x760.jpg 768w, https:\/\/larevuedespectateurs.artecom.studio\/2019\/wp-content\/uploads\/sites\/2\/2020\/02\/apollo2.jpg 1200w\" sizes=\"auto, (max-width: 304px) 100vw, 304px\" \/><figcaption>\u00a9 NASA<\/figcaption><\/figure><\/div>\n\n\n\n<h2 class=\"wp-block-heading\">Le parti pris de l&rsquo;interactivit\u00e9<\/h2>\n\n\n\n<p>Lieu de transmission de savoir scientifique hors-norme, la Cit\u00e9 de l&rsquo;Espace a pris de mani\u00e8re tr\u00e8s perceptible le virage des \u00ab nouvelles m\u00e9diations \u00bb, en offrant aux visiteurs et touristes de passage de nombreuses exp\u00e9riences dont le ma\u00eetre mot semble \u00eatre l\u2019interactivit\u00e9. Une pr\u00e9sentation de quelques dispositifs mis en place par la structure devrait permettre de faire appara\u00eetre ce parti pris tr\u00e8s pr\u00e9gnant qui modifie en profondeur l&rsquo;exp\u00e9rience du visiteur.<\/p>\n\n\n\n<h3 class=\"wp-block-heading\">Le plan\u00e9tarium<\/h3>\n\n\n\n<p>Le visiteur soucieux d&rsquo;explorer l&rsquo;infini de l&rsquo;espace pourra se rendre \u00e0 une projection d&rsquo;\u00ab Au del\u00e0 des \u00e9toiles \u00bb, documentaire d&rsquo;une cinquantaine de minutes qui a la particularit\u00e9 d&rsquo;offrir une exp\u00e9rience totalement in\u00e9dite pour le commun des mortels puisque le spectateur se trouve presque allong\u00e9 sous un imposant d\u00f4me. Le film est projet\u00e9 sur cette vo\u00fbte et place dans la position de l&rsquo;individu allong\u00e9 sur l&rsquo;herbe et contemplant un ciel \u00e9toil\u00e9. A la diff\u00e9rence pr\u00e8s que l&rsquo;on explore des contr\u00e9es bien \u00e9loign\u00e9es de celles que nos simples observations d&rsquo;astronome amateur nous permettent. Depuis deux ans, une dimension suppl\u00e9mentaire est apport\u00e9e par la possibilit\u00e9 d\u2019interagir avec le film, en r\u00e9pondant \u00e0 des questions \u00e0 l&rsquo;aide d&rsquo;un bo\u00eetier dispos\u00e9 sur l&rsquo;accoudoir du si\u00e8ge. \u00c0 l&rsquo;immersion totale se rajoute ainsi une forme d\u2019interactivit\u00e9 qui guidera toute la visite.<\/p>\n\n\n\n<h3 class=\"wp-block-heading\">Le terr@dome<\/h3>\n\n\n\n<p> Le lieu se pr\u00e9sente comme une ar\u00e8ne interactive dans laquelle plusieurs \u00e9quipes devront s&rsquo;affronter en r\u00e9pondant \u00e0 plusieurs questionnaires \u00e0 l&rsquo;aide de bornes interactives. Une \u00ab voix-off \u00bb m\u00e8ne le jeu et pose les questions sur le th\u00e8me du vivant et plus particuli\u00e8rement des conditions favorables \u00e0 la vie et sur les conditions extr\u00eames qui n&#8217;emp\u00eachent pas certains organismes vivants de vivre dans ces milieux \u00e0 priori totalement hostiles. L\u00e0 encore, la Cit\u00e9 met en avant un mantra connu et souvent reconnu : \u00ab Apprendre en s&rsquo;amusant \u00bb.<\/p>\n\n\n\n<h3 class=\"wp-block-heading\">Et de nombreuses expositions<\/h3>\n\n\n\n<p>C&rsquo;est peut-\u00eatre dans la sc\u00e9nographie des expositions, consacr\u00e9es \u00e0 la conqu\u00eate spatiale, aux lois qui r\u00e9gissent l&rsquo;univers ou encore \u00e0 la m\u00e9t\u00e9orologie, que se retrouve de mani\u00e8re la plus importante cette remarquable volont\u00e9 de transmettre par des moyens d\u00e9tourn\u00e9s un savoir scientifique. N\u00e9cessairement complexe, ces connaissances sont mises en avant par de nombreuses exp\u00e9riences et animations, loin de se limiter au virtuel et aux \u00e9crans. Ici, on peut faire l&rsquo;exp\u00e9rience physique de quelques pas sur la Lune, ou encore exp\u00e9rimenter par ses propres moyens les notions de gravit\u00e9, d&rsquo;orbite ou d&rsquo;attraction.<\/p>\n\n\n\n<div class=\"wp-block-image\"><figure class=\"aligncenter is-resized\"><img loading=\"lazy\" decoding=\"async\" src=\"https:\/\/larevuedespectateurs.artecom.studio\/2019\/wp-content\/uploads\/sites\/2\/2020\/02\/apollo1-768x1024.jpg\" alt=\"\" class=\"wp-image-1970\" width=\"228\" height=\"304\" \/><figcaption>\u00a9 Luka Martineau<\/figcaption><\/figure><\/div>\n\n\n\n<h2 class=\"wp-block-heading\">De l&rsquo;enfant \u00e0 l&rsquo;astronaute<\/h2>\n\n\n\n<p>L\u00e0 o\u00f9 la Cit\u00e9 de l&rsquo;Espace peut\nsembler en avance, c&rsquo;est sur cette capacit\u00e9 \u00e0 transmettre un savoir\net des connaissances \u00e0 toutes et tous, non dans un simple souci de\nvulgarisation mais bien dans un apprentissage ludique des sciences.\nOn peut penser que c&rsquo;est \u00e0 travers ce besoin atavique de l&rsquo;humain\nd&rsquo;exp\u00e9rimenter, de comprendre l&rsquo;environnement dans lequel il \u00e9volue\nque se sont forg\u00e9s les grandes d\u00e9couvertes des si\u00e8cles pass\u00e9es et\npar ses manipulations \u00e9l\u00e9mentaires qu&rsquo;ont commenc\u00e9 les belles\ncarri\u00e8res des Neil Armstrong, Buzz Aldrin et consorts et qui ont\npermis \u00e0 l&rsquo;un des plus grands r\u00eaves de l&rsquo;Homme de voir le jour, il\ny a maintenant un peu plus de cinquante ans.<\/p>\n","protected":false},"excerpt":{"rendered":"<p>Inaugur\u00e9e en 1997, la Cit\u00e9 de l&rsquo;espace est peu \u00e0 peu devenue un lieu incontournable de la culture scientifique en<\/p>\n","protected":false},"author":4,"featured_media":1968,"comment_status":"closed","ping_status":"open","sticky":false,"template":"","format":"standard","meta":{"colormag_page_container_layout":"default_layout","colormag_page_sidebar_layout":"default_layout","footnotes":""},"categories":[5,1],"tags":[],"class_list":["post-1962","post","type-post","status-publish","format-standard","has-post-thumbnail","hentry","category-exposition","category-general"],"_links":{"self":[{"href":"https:\/\/larevuedespectateurs.artecom.studio\/2019\/wp-json\/wp\/v2\/posts\/1962","targetHints":{"allow":["GET"]}}],"collection":[{"href":"https:\/\/larevuedespectateurs.artecom.studio\/2019\/wp-json\/wp\/v2\/posts"}],"about":[{"href":"https:\/\/larevuedespectateurs.artecom.studio\/2019\/wp-json\/wp\/v2\/types\/post"}],"author":[{"embeddable":true,"href":"https:\/\/larevuedespectateurs.artecom.studio\/2019\/wp-json\/wp\/v2\/users\/4"}],"replies":[{"embeddable":true,"href":"https:\/\/larevuedespectateurs.artecom.studio\/2019\/wp-json\/wp\/v2\/comments?post=1962"}],"version-history":[{"count":7,"href":"https:\/\/larevuedespectateurs.artecom.studio\/2019\/wp-json\/wp\/v2\/posts\/1962\/revisions"}],"predecessor-version":[{"id":1973,"href":"https:\/\/larevuedespectateurs.artecom.studio\/2019\/wp-json\/wp\/v2\/posts\/1962\/revisions\/1973"}],"wp:featuredmedia":[{"embeddable":true,"href":"https:\/\/larevuedespectateurs.artecom.studio\/2019\/wp-json\/wp\/v2\/media\/1968"}],"wp:attachment":[{"href":"https:\/\/larevuedespectateurs.artecom.studio\/2019\/wp-json\/wp\/v2\/media?parent=1962"}],"wp:term":[{"taxonomy":"category","embeddable":true,"href":"https:\/\/larevuedespectateurs.artecom.studio\/2019\/wp-json\/wp\/v2\/categories?post=1962"},{"taxonomy":"post_tag","embeddable":true,"href":"https:\/\/larevuedespectateurs.artecom.studio\/2019\/wp-json\/wp\/v2\/tags?post=1962"}],"curies":[{"name":"wp","href":"https:\/\/api.w.org\/{rel}","templated":true}]}}