{"id":1236,"date":"2019-12-11T19:01:20","date_gmt":"2019-12-11T18:01:20","guid":{"rendered":"https:\/\/larevuedespectateurs.artecom.studio\/2019\/?p=1236"},"modified":"2019-12-11T19:01:20","modified_gmt":"2019-12-11T18:01:20","slug":"le-concert-des-toy-dolls-au-bikini","status":"publish","type":"post","link":"https:\/\/larevuedespectateurs.artecom.studio\/2019\/2019\/12\/11\/le-concert-des-toy-dolls-au-bikini\/","title":{"rendered":"Le concert des Toy Dolls au Bikini !"},"content":{"rendered":"\n<figure class=\"wp-block-image\"><img loading=\"lazy\" decoding=\"async\" width=\"1024\" height=\"289\" src=\"https:\/\/larevuedespectateurs.artecom.studio\/2019\/wp-content\/uploads\/sites\/2\/2019\/12\/logo-bikini-1024x289.jpg\" alt=\"\" class=\"wp-image-1233\" srcset=\"https:\/\/larevuedespectateurs.artecom.studio\/2019\/wp-content\/uploads\/sites\/2\/2019\/12\/logo-bikini-1024x289.jpg 1024w, https:\/\/larevuedespectateurs.artecom.studio\/2019\/wp-content\/uploads\/sites\/2\/2019\/12\/logo-bikini-300x85.jpg 300w, https:\/\/larevuedespectateurs.artecom.studio\/2019\/wp-content\/uploads\/sites\/2\/2019\/12\/logo-bikini-768x217.jpg 768w, https:\/\/larevuedespectateurs.artecom.studio\/2019\/wp-content\/uploads\/sites\/2\/2019\/12\/logo-bikini.jpg 1672w\" sizes=\"auto, (max-width: 1024px) 100vw, 1024px\" \/><figcaption>Cr\u00e9dit photo : Le Bikini<\/figcaption><\/figure>\n\n\n\n<h2 class=\"wp-block-heading\">Une rapide pr\u00e9sentation de la structure et de son \u00e9volution :<\/h2>\n\n\n\n<p>Sur leur site, on peut voir un rapide historique rappelant qu&rsquo;au d\u00e9but, le Bikini n&rsquo;affichait que quelques groupes par mois. En effet, il est inscrit que <strong>le 25 juin 1983<\/strong> ouvre \u00e0 Toulouse, en bord de Garonne, une ancienne bo\u00eete de nuit qui se distingue tr\u00e8s vite en accueillant des concerts. De 2 ou 3 groupes par mois, le rythme passe progressivement \u00e0 une quinzaine de concerts mensuels, parfois \u00e0 5 ou 6 par semaine. <br>Au fil des ans, le Bikini devient une des salles de concerts l<strong>es plus c\u00e9l\u00e8bres de France<\/strong>, et s&rsquo;impose comme une \u00e9tape incontournable des tourn\u00e9es nationales et internationales. C&rsquo;est aussi <strong>un r\u00e9v\u00e9lateur <\/strong>pour nombre d&rsquo;artistes qui y feront leurs d\u00e9but comme les Rita Mitsouko par exemple, ou encore Korn.<br>Pour de rapides statistiques montrant l&rsquo;\u00e9volution du lieu :<br>&#8211; De 1983 \u00e0 2001, le Bikini accueille <strong>plus de 5 000 groupes<\/strong><br>&#8211; Sur la p\u00e9riode 2001\/2007, l&rsquo;activit\u00e9 du Bikini sera maintenue \u00e0 bout de bras et quelques 500 concerts organis\u00e9s dans diff\u00e9rentes salles (car en reconstruction)<br>&#8211; <strong>Le 21 septembre 2007, le Bikini r\u00e9-ouvre<\/strong> enfin ses portes, troquant les bords de Garonne pour ceux du Canal du Midi. La salle reprend son rythme, accueillant <strong>plus de 150 \u00e9v\u00e9nements par an.<\/strong><\/p>\n\n\n\n<h2 class=\"wp-block-heading\"><\/h2>\n\n\n\n<h2 class=\"wp-block-heading\">Dimanche 8 d\u00e9cembre : Les Toy Dolls en concert au Bikini de Toulouse !<\/h2>\n\n\n\n<h3 class=\"wp-block-heading\"><strong>Une premi\u00e8re partie consacr\u00e9e \u00e0 la m\u00e9diation :<\/strong><\/h3>\n\n\n\n<h5 class=\"wp-block-heading\">Un \u00e9change entre structure et \u00e9tudiant.e !<\/h5>\n\n\n\n<p>Travaillant depuis quelques mois pour le lieu, je n&rsquo;ai donc pas eu besoin d&rsquo;acheter ma place (environ 27\u20ac ce qui s&rsquo;av\u00e8re difficile pour un.e \u00e9tudiant.e) car l&rsquo;\u00e9tablissement propose une sorte d&rsquo;\u00e9change : tracter jusqu&rsquo;\u00e0 \u00e9puisement de la liasse de prospectus donn\u00e9e et en contrepartie on re\u00e7oit une invitation pour le concert de notre choix, avec accord de la responsable. Un \u00e9change plut\u00f4t avantageux et des exp\u00e9riences de m\u00e9diation en bonus !<\/p>\n\n\n\n<h5 class=\"wp-block-heading\">Une strat\u00e9gie pour cibler un public <\/h5>\n\n\n\n<p>Le Bikini ouvre ses portes \u00e0 20h, il faut y \u00eatre un quart d&rsquo;heure avant afin de rentrer par la porte de service et r\u00e9ceptionner les flyers \u00e0 distribuer pour la suite. <br>Ceux que l&rsquo;on a \u00e0 distribuer concernent g\u00e9n\u00e9ralement des concerts pr\u00e9vus dans le mois suivant mais surtout ils sont cibl\u00e9s. C&rsquo;est-\u00e0-dire que pour un concert de punk, les flyers \u00e0 distribuer ne concernent pas un concert de techno pour le mois \u00e0 suivre, et restent dans la vari\u00e9t\u00e9\/le registre propos\u00e9. Ce soir-l\u00e0, c&rsquo;\u00e9tait pour le concert des Wampas, un groupe de punk rock fran\u00e7ais. C&rsquo;est tout naturellement que la grande majorit\u00e9 des personnes acceptant mon flyer l\u00e2chait un \u00ab\u00a0Ah oui bien s\u00fbr!\u00a0\u00bb ou le refusait en me notifiant qu&rsquo;ils avaient d\u00e9j\u00e0 achet\u00e9 la place.<\/p>\n\n\n\n<h5 class=\"wp-block-heading\">Le contact avec le public pendant la distribution<\/h5>\n\n\n\n<p>Le public \u00e9tait en moyenne \u00e2g\u00e9 de 35 \u00e0 60 ans, majoritairement des rockers et punks, des familles s&rsquo;y \u00e9taient rendues \u00e9galement, par nostalgie de l&rsquo;\u00e9poque et parce qu&rsquo; \u00ab\u00a0In Bikini dura rock !\u00a0\u00bb, fameux slogan de l&rsquo;\u00e9tablissement.<br>Comme le public et les flyers \u00e9taient en concordance, une heure suffit \u00e0 \u00e9couler le stock, ce qui me permet d&rsquo;acc\u00e9der au concert.<\/p>\n\n\n\n<figure class=\"wp-block-image\"><img loading=\"lazy\" decoding=\"async\" width=\"1024\" height=\"302\" src=\"https:\/\/larevuedespectateurs.artecom.studio\/2019\/wp-content\/uploads\/sites\/2\/2019\/12\/160470805.gd2xAOvK.bikini_logo-1024x302.jpg\" alt=\"\" class=\"wp-image-1244\" srcset=\"https:\/\/larevuedespectateurs.artecom.studio\/2019\/wp-content\/uploads\/sites\/2\/2019\/12\/160470805.gd2xAOvK.bikini_logo-1024x302.jpg 1024w, https:\/\/larevuedespectateurs.artecom.studio\/2019\/wp-content\/uploads\/sites\/2\/2019\/12\/160470805.gd2xAOvK.bikini_logo-300x89.jpg 300w, https:\/\/larevuedespectateurs.artecom.studio\/2019\/wp-content\/uploads\/sites\/2\/2019\/12\/160470805.gd2xAOvK.bikini_logo-768x227.jpg 768w\" sizes=\"auto, (max-width: 1024px) 100vw, 1024px\" \/><\/figure>\n\n\n\n<h2 class=\"wp-block-heading\" style=\"text-align:center\">Une premi\u00e8re partie : Brassen&rsquo;s not dead<\/h2>\n\n\n\n<p style=\"text-align:center\">Brassen&rsquo;s not Dead est un groupe de punk rock fran\u00e7ais, originaire de Toulouse, en Haute-Garonne, qui a d\u00e9but\u00e9 en 2005.<br>La premi\u00e8re partie n&rsquo;a pas attir\u00e9 la foule, la moiti\u00e9 du public arrivant \u00e0 20h30, soit pendant la premi\u00e8re partie. Les personnes ne semblaient pas fortement int\u00e9ress\u00e9es par ce groupe et pr\u00e9f\u00e9raient se diriger vers le bar. <\/p>\n\n\n\n<h2 class=\"wp-block-heading\" style=\"text-align:center\">Un concert attendu !<\/h2>\n\n\n\n<div class=\"wp-block-image\"><figure class=\"aligncenter\"><img loading=\"lazy\" decoding=\"async\" width=\"305\" height=\"290\" src=\"https:\/\/larevuedespectateurs.artecom.studio\/2019\/wp-content\/uploads\/sites\/2\/2019\/12\/logo-toy-dolls.gif\" alt=\"\" class=\"wp-image-1234\" \/><\/figure><\/div>\n\n\n\n<p style=\"text-align:center\">The Toy Dolls est un groupe de punk rock britannique, originaire de Sunderland, en Angleterre. Form\u00e9 en 1979, ils jouent leur tout premier concert le 20 octobre de cette m\u00eame ann\u00e9e. Des membres fondateurs des Toy Dolls, ne subsiste que son leader Olga, mais le groupe a r\u00e9ussi \u00e0 se renforcer gr\u00e2ce \u00e0 de nouveaux membres. Il faut savoir que le chanteur principal a aujourd&rsquo;hui 57 ans, ce qui explique en grande partie l&rsquo;\u00e2ge moyen du public !<br><br>Malgr\u00e9 que le concert ne soit pas complet, \u00e9norm\u00e9ment de personnes \u00e9taient pr\u00e9sentes, principalement des bandes d&rsquo;ami.e.s quarantenaires!<br>Le concert commen\u00e7a avec une des plus connues de leurs chansons, \u00e9lectrisant la salle. Encha\u00eenant les solos de guitare pendant que le public encha\u00eenait les bi\u00e8res, l&rsquo;ambiance montait petit \u00e0 petit pour conna\u00eetre son acm\u00e9 en milieu de concert avec un grand pogo si propre au punk rock!<br>C&rsquo;\u00e9tait beau \u00e0 voir et ressentir tant le public connaissait quasiment toutes les paroles par c\u0153ur. De plus, la salle du Bikini offre une acoustique et un syst\u00e8me de son tr\u00e8s appr\u00e9ciables qui fut soulign\u00e9s par bons nombres de personnes \u00e0 la sortie !<\/p>\n\n\n\n<h5 class=\"wp-block-heading\" style=\"text-align:center\">Mon ressenti personnel&#8230;<\/h5>\n\n\n\n<p>La m\u00e9diation du Bikini \u00e9tait strat\u00e9gique et semblait bien rod\u00e9e : le public cibl\u00e9 \u00e9tait au rendez-vous et la distribution de flyer suivait cette logique.<br>A l&rsquo;int\u00e9rieur \u00e9tait propos\u00e9 des goodies, v\u00eatements et autres accessoires \u00e0 l&rsquo;effigie des artistes sous une licence certifi\u00e9e mais aussi des ventes du Bikini, et cet alliage des deux eut le r\u00e9sultat escompt\u00e9 : beaucoup de ventes et donc de promotion du lieu hors enceintes !<br>Du fait de la moyenne d&rsquo;\u00e2ge du public, j&rsquo;ai constat\u00e9 moins de d\u00e9bordements et de ce fait d&rsquo;interventions des vigiles contrairement \u00e0 d&rsquo;autres types de concert. <br>L&rsquo;ambiance semblait nostalgique pour beaucoup et de bonne camaraderie !<\/p>\n\n\n\n<figure class=\"wp-block-image\"><img loading=\"lazy\" decoding=\"async\" width=\"1024\" height=\"520\" src=\"https:\/\/larevuedespectateurs.artecom.studio\/2019\/wp-content\/uploads\/sites\/2\/2019\/12\/toy-dolls-1024x520.jpg\" alt=\"\" class=\"wp-image-1235\" srcset=\"https:\/\/larevuedespectateurs.artecom.studio\/2019\/wp-content\/uploads\/sites\/2\/2019\/12\/toy-dolls-1024x520.jpg 1024w, https:\/\/larevuedespectateurs.artecom.studio\/2019\/wp-content\/uploads\/sites\/2\/2019\/12\/toy-dolls-300x152.jpg 300w, https:\/\/larevuedespectateurs.artecom.studio\/2019\/wp-content\/uploads\/sites\/2\/2019\/12\/toy-dolls-768x390.jpg 768w\" sizes=\"auto, (max-width: 1024px) 100vw, 1024px\" \/><figcaption>Artiste : Chester<\/figcaption><\/figure>\n","protected":false},"excerpt":{"rendered":"<p>Une rapide pr\u00e9sentation de la structure et de son \u00e9volution : Sur leur site, on peut voir un rapide historique<\/p>\n","protected":false},"author":22,"featured_media":1242,"comment_status":"closed","ping_status":"open","sticky":false,"template":"","format":"standard","meta":{"colormag_page_container_layout":"default_layout","colormag_page_sidebar_layout":"default_layout","footnotes":""},"categories":[9,1],"tags":[],"class_list":["post-1236","post","type-post","status-publish","format-standard","has-post-thumbnail","hentry","category-concert","category-general"],"_links":{"self":[{"href":"https:\/\/larevuedespectateurs.artecom.studio\/2019\/wp-json\/wp\/v2\/posts\/1236","targetHints":{"allow":["GET"]}}],"collection":[{"href":"https:\/\/larevuedespectateurs.artecom.studio\/2019\/wp-json\/wp\/v2\/posts"}],"about":[{"href":"https:\/\/larevuedespectateurs.artecom.studio\/2019\/wp-json\/wp\/v2\/types\/post"}],"author":[{"embeddable":true,"href":"https:\/\/larevuedespectateurs.artecom.studio\/2019\/wp-json\/wp\/v2\/users\/22"}],"replies":[{"embeddable":true,"href":"https:\/\/larevuedespectateurs.artecom.studio\/2019\/wp-json\/wp\/v2\/comments?post=1236"}],"version-history":[{"count":14,"href":"https:\/\/larevuedespectateurs.artecom.studio\/2019\/wp-json\/wp\/v2\/posts\/1236\/revisions"}],"predecessor-version":[{"id":1262,"href":"https:\/\/larevuedespectateurs.artecom.studio\/2019\/wp-json\/wp\/v2\/posts\/1236\/revisions\/1262"}],"wp:featuredmedia":[{"embeddable":true,"href":"https:\/\/larevuedespectateurs.artecom.studio\/2019\/wp-json\/wp\/v2\/media\/1242"}],"wp:attachment":[{"href":"https:\/\/larevuedespectateurs.artecom.studio\/2019\/wp-json\/wp\/v2\/media?parent=1236"}],"wp:term":[{"taxonomy":"category","embeddable":true,"href":"https:\/\/larevuedespectateurs.artecom.studio\/2019\/wp-json\/wp\/v2\/categories?post=1236"},{"taxonomy":"post_tag","embeddable":true,"href":"https:\/\/larevuedespectateurs.artecom.studio\/2019\/wp-json\/wp\/v2\/tags?post=1236"}],"curies":[{"name":"wp","href":"https:\/\/api.w.org\/{rel}","templated":true}]}}