{"id":1115,"date":"2019-12-17T17:58:14","date_gmt":"2019-12-17T16:58:14","guid":{"rendered":"https:\/\/larevuedespectateurs.artecom.studio\/2019\/?p=1115"},"modified":"2019-12-18T09:35:58","modified_gmt":"2019-12-18T08:35:58","slug":"grapheine-une-balade-artistique-au-sein-des-lieux-culturels-de-toulouse","status":"publish","type":"post","link":"https:\/\/larevuedespectateurs.artecom.studio\/2019\/2019\/12\/17\/grapheine-une-balade-artistique-au-sein-des-lieux-culturels-de-toulouse\/","title":{"rendered":"Graph\u00e9ine, une balade artistique au sein des lieux culturels de Toulouse"},"content":{"rendered":"\n<p>Graph\u00e9ine est un festival qui met en avant, pendant quelques semaines, les lieux artistiques et culturels de Toulouse. Du 6 novembre au 20 d\u00e9cembre, l\u2019association <a href=\"https:\/\/www.pinkpong.fr\/grapheine\">PinkPong<\/a> propose un festival d\u2019arts graphiques qui occupe les lieux culturels de Toulouse et sa m\u00e9tropole. Pour sa 10\u00e8me \u00e9dition, le festival s\u2019attache \u00e0 quinze lieux qui cr\u00e9ent des expositions autour du th\u00e8me des arts graphiques. Les artistes pr\u00e9sentent diff\u00e9rentes pratiques contemporaines de dessins \u00e0 travers des sc\u00e9nographies int\u00e9ressantes et originales. La s\u00e9rigraphie, la cr\u00e9ation num\u00e9rique, l\u2019\u00e9dition et la bande dessin\u00e9e sont mis \u00e0 l\u2019honneur dans le but de d\u00e9couvrir ces pratiques et d\u2019\u00e9tablir une r\u00e9flexion sur la relation de ces arts \u00e0 l\u2019art contemporain \u00e0 travers des rencontres, des performances\u2026<\/p>\n\n\n\n<figure class=\"wp-block-image\"><img loading=\"lazy\" decoding=\"async\" width=\"500\" height=\"354\" src=\"https:\/\/larevuedespectateurs.artecom.studio\/2019\/wp-content\/uploads\/sites\/2\/2019\/12\/tumblr_inline_pyntymelG21sowi38_500.png\" alt=\"\" class=\"wp-image-1214\" srcset=\"https:\/\/larevuedespectateurs.artecom.studio\/2019\/wp-content\/uploads\/sites\/2\/2019\/12\/tumblr_inline_pyntymelG21sowi38_500.png 500w, https:\/\/larevuedespectateurs.artecom.studio\/2019\/wp-content\/uploads\/sites\/2\/2019\/12\/tumblr_inline_pyntymelG21sowi38_500-300x212.png 300w\" sizes=\"auto, (max-width: 500px) 100vw, 500px\" \/><figcaption>Plan des \u00e9tablissements du festival <em>Graph\u00e9ine<\/em> <em>10<\/em><br>Identit\u00e9 Visuelle : Margot Criseo<\/figcaption><\/figure>\n\n\n\n<p><strong><span style=\"text-decoration: underline\">LA M\u00c9DIATION DE L&rsquo;\u00c9V\u00c9NEMENT<\/span><\/strong> <\/p>\n\n\n\n<p>Cet \u00e9v\u00e9nement propose d\u2019une part de visiter les lieux de fa\u00e7on autonome, d\u2019autre part de visiter les lieux gr\u00e2ce \u00e0 des cars mis \u00e0 disposition pour acc\u00e9der aux espaces excentr\u00e9s et plus difficiles d\u2019acc\u00e8s. Trois parcours bus diff\u00e9rents \u00e9taient propos\u00e9s sur une demi journ\u00e9e.&nbsp;<\/p>\n\n\n\n<p>Mais il y avait aussi des manifestations ponctuelles dans les ateliers tels que des m\u00e9diations, des vernissages, des concerts qui permettent des moments de rencontre et d\u2019\u00e9change avec les commissaires d\u2019expositions, les artistes et les autres acteurs du festival.&nbsp;<\/p>\n\n\n\n<div class=\"wp-block-image\"><figure class=\"aligncenter\"><img loading=\"lazy\" decoding=\"async\" width=\"1024\" height=\"768\" src=\"https:\/\/larevuedespectateurs.artecom.studio\/2019\/wp-content\/uploads\/sites\/2\/2019\/12\/DSC02257-min-1024x768.jpg\" alt=\"\" class=\"wp-image-1212\" srcset=\"https:\/\/larevuedespectateurs.artecom.studio\/2019\/wp-content\/uploads\/sites\/2\/2019\/12\/DSC02257-min-1024x768.jpg 1024w, https:\/\/larevuedespectateurs.artecom.studio\/2019\/wp-content\/uploads\/sites\/2\/2019\/12\/DSC02257-min-300x225.jpg 300w, https:\/\/larevuedespectateurs.artecom.studio\/2019\/wp-content\/uploads\/sites\/2\/2019\/12\/DSC02257-min-768x576.jpg 768w\" sizes=\"auto, (max-width: 1024px) 100vw, 1024px\" \/><figcaption>Lieu-Commun, exposition <em>Presque Rien<\/em>, le 30 novembre 2019<br>Cr\u00e9dit Photo : Manon Morati<\/figcaption><\/figure><\/div>\n\n\n\n<p><strong><span style=\"text-decoration: underline\">MON EXP\u00c9RIENCE <\/span><\/strong><\/p>\n\n\n\n<p>C\u2019est \u00e0 travers le parcours bus 3 que j\u2019ai exp\u00e9riment\u00e9 ce festival et d\u00e9couvert des \u00e9tablissements culturels et artistiques \u00e0 Toulouse. Le samedi 30 novembre, j\u2019ai pu visiter <a href=\"http:\/\/www.galeriechateaudeau.org\/wp\/\">le Ch\u00e2teau d\u2019Eau,<\/a> <a href=\"https:\/\/www.lebbb.org\/\">le BBB centre d\u2019art,<\/a> l<a href=\"http:\/\/www.lieu-commun.fr\/\">e Lieu-Commun<\/a>, le centre d\u2019art nomade et <a href=\"http:\/\/www.caisseepargne-art-contemporain.fr\/\">la Fondation Ecureuil<\/a>. Dans chacun de ces espaces, un acteur culturel (m\u00e9diateur, commissaire d\u2019exposition, artiste) accueillait le groupe et pr\u00e9sentait l\u2019exposition ainsi que l\u2019\u00e9tablissement. Chaque m\u00e9diation \u00e9tait diff\u00e9rente autant par la pr\u00e9sentation que par la fa\u00e7on dont l\u2019exposition \u00e9tait con\u00e7ue. De ce point de vue, c\u2019est int\u00e9ressant de d\u00e9couvrir diverses sc\u00e9nographies et m\u00e9diations car \u00e7a permet une r\u00e9flexion sur la cr\u00e9ation d\u2019une exposition. Les \u00e9changes avec le public et les m\u00e9diateurs \u00e9taient un point fort pour l\u2019appr\u00e9hension et la compr\u00e9hension des expositions mais aussi pour discuter d\u2019autres exp\u00e9riences artistiques et culturelles.\u00a0<\/p>\n\n\n\n<p>Le point faible de cette forme de m\u00e9diation est le grand groupe. J\u2019ai pu acc\u00e9der \u00e0 des lieux dans lesquels je ne serais pas all\u00e9e s\u2019il n\u2019y avait pas eu ces cars, mais cette mise en place inclut qu\u2019il y a beaucoup de personnes qui assistent aux expositions et aux m\u00e9diations. De plus, la circulation se fait plus difficile dans les lieux d\u2019accueils, il y a moins d\u2019\u00e9coute des spectateurs et une attente plus longue pour le d\u00e9placement d\u2019un lieu \u00e0 un autre. L\u2019organisation d\u2019une visite est plus compliqu\u00e9e, d\u2019autant plus que les \u00e9tablissements qui nous accueillent ne sont pas toujours tr\u00e8s grands. Cela enl\u00e8ve l\u2019ind\u00e9pendance que nous pouvons avoir lorsqu\u2019on visite une exposition. J\u2019aime pouvoir aller \u00e0 mon rythme, \u00eatre isol\u00e9e pour m\u2019impr\u00e9gner de ce que je vois, ce que je n\u2019ai pas pu avoir dans cette forme de m\u00e9diation.&nbsp;<\/p>\n","protected":false},"excerpt":{"rendered":"<p>Graph\u00e9ine est un festival qui met en avant, pendant quelques semaines, les lieux artistiques et culturels de Toulouse. Du 6<\/p>\n","protected":false},"author":6,"featured_media":1211,"comment_status":"closed","ping_status":"open","sticky":false,"template":"","format":"standard","meta":{"colormag_page_container_layout":"default_layout","colormag_page_sidebar_layout":"default_layout","footnotes":""},"categories":[10],"tags":[],"class_list":["post-1115","post","type-post","status-publish","format-standard","has-post-thumbnail","hentry","category-festival"],"_links":{"self":[{"href":"https:\/\/larevuedespectateurs.artecom.studio\/2019\/wp-json\/wp\/v2\/posts\/1115","targetHints":{"allow":["GET"]}}],"collection":[{"href":"https:\/\/larevuedespectateurs.artecom.studio\/2019\/wp-json\/wp\/v2\/posts"}],"about":[{"href":"https:\/\/larevuedespectateurs.artecom.studio\/2019\/wp-json\/wp\/v2\/types\/post"}],"author":[{"embeddable":true,"href":"https:\/\/larevuedespectateurs.artecom.studio\/2019\/wp-json\/wp\/v2\/users\/6"}],"replies":[{"embeddable":true,"href":"https:\/\/larevuedespectateurs.artecom.studio\/2019\/wp-json\/wp\/v2\/comments?post=1115"}],"version-history":[{"count":8,"href":"https:\/\/larevuedespectateurs.artecom.studio\/2019\/wp-json\/wp\/v2\/posts\/1115\/revisions"}],"predecessor-version":[{"id":1401,"href":"https:\/\/larevuedespectateurs.artecom.studio\/2019\/wp-json\/wp\/v2\/posts\/1115\/revisions\/1401"}],"wp:featuredmedia":[{"embeddable":true,"href":"https:\/\/larevuedespectateurs.artecom.studio\/2019\/wp-json\/wp\/v2\/media\/1211"}],"wp:attachment":[{"href":"https:\/\/larevuedespectateurs.artecom.studio\/2019\/wp-json\/wp\/v2\/media?parent=1115"}],"wp:term":[{"taxonomy":"category","embeddable":true,"href":"https:\/\/larevuedespectateurs.artecom.studio\/2019\/wp-json\/wp\/v2\/categories?post=1115"},{"taxonomy":"post_tag","embeddable":true,"href":"https:\/\/larevuedespectateurs.artecom.studio\/2019\/wp-json\/wp\/v2\/tags?post=1115"}],"curies":[{"name":"wp","href":"https:\/\/api.w.org\/{rel}","templated":true}]}}